{"id":9785,"date":"2022-08-01T10:27:12","date_gmt":"2022-08-01T15:27:12","guid":{"rendered":"https:\/\/www.amchambaq.com\/?p=9785"},"modified":"2022-08-01T10:27:12","modified_gmt":"2022-08-01T15:27:12","slug":"estas-son-las-cifras-con-las-que-arranca-la-economia-colombiana-en-el-octavo-mes","status":"publish","type":"post","link":"https:\/\/www.amchambaq.com\/en\/estas-son-las-cifras-con-las-que-arranca-la-economia-colombiana-en-el-octavo-mes\/","title":{"rendered":"Estas son las cifras con las que arranca la econom\u00eda colombiana en el octavo mes"},"content":{"rendered":"<p>Arranca el octavo mes del a\u00f1o y hay varios sentimientos encontrados frente al desempe\u00f1o de la econom\u00eda colombiana. Si bien, las nuevas proyecciones parecen esperanzadoras seg\u00fan el informe anual de perspectivas de la Ocde, una de los principales dificultades que enfrenta el pa\u00eds es el crecimiento de la inflaci\u00f3n anual que alcanz\u00f3 9,6% en junio pasado, y que, para julio se espera que toque los dos d\u00edgitos.<\/p>\n<p>Esto ha ocasionado que el Banco de la Rep\u00fablica, para contrarrestar el incremento del costo de vida, haya tenido que subir de forma gradual, la tasa de intervenci\u00f3n desde enero de este a\u00f1o.<\/p>\n<p>Aunque para abril dicha tasa estaba en 5%, el \u00faltimo dato revelado el 29 de julio la ubic\u00f3 en 9%, es decir, 150 puntos b\u00e1sicos m\u00e1s que el mes pasado (7,5%).<\/p>\n<p>Los analistas aseguran que ventaja de la intervenci\u00f3n de las tasas del Emisor es tener medidas preventivas y no reforzar la inflaci\u00f3n. Sin embargo, el aspecto negativo de esta acci\u00f3n es un freno al consumo de los hogares y un posible impacto en el crecimiento econ\u00f3mico, que ha estado repuntado, precisamente, por el consumo.<\/p>\n<p>A\u00fan as\u00ed, el Emisor asegur\u00f3 que la actividad econ\u00f3mica se revis\u00f3 al alza, haciendo que el pron\u00f3stico de crecimiento del PIB para el cierre del a\u00f1o se mueva entre 6,3% y 6,9%.<\/p>\n<p>El desempleo es otro de los factores que ha hecho que la proyecci\u00f3n de la econom\u00eda colombiana tienda a ser m\u00e1s conservadora, en especial para 2023. Esto sin contar las amenazas que ya representa el entorno internacional caracterizado por una serie de perspectivas negativas.<\/p>\n<p>Seg\u00fan el \u00faltimo reporte del Dane, la tasa de desempleo de junio fue de 11,3% lo que significa que hubo una reducci\u00f3n de 3,3 puntos porcentuales (pp) frente al mismo per\u00edodo en 2021 (14,6%). Sin embargo, el dato intermensual no fue igual de alentador, pues comparado con el desempe\u00f1o con mayo se perdieron 151.000 trabajos.<\/p>\n<p>En cuanto a la tasa de usura, la Superintendencia Financiera de Colombia (SFC) inform\u00f3 que para este mes ser\u00e1 de 33,32% E.A., el nivel m\u00e1s alto de los \u00faltimos cinco a\u00f1os, retornando a las cifras que se registraban en 2017, mucho antes de la pandemia. Con esto, el indicador avanz\u00f3 140 puntos b\u00e1sicos frente a julio.<\/p>\n<p>Es de recordar que en 2021, debido a las consecuencias econ\u00f3micas por el covid-19, y con el fin de ayudar a los ciudadanos con el pago de sus obligaciones financieras, la usura baj\u00f3 a m\u00ednimos de diez a\u00f1os, llegando a 25,62% en la vigencia de octubre del a\u00f1o pasado.<\/p>\n<p>No obstante, la tendencia alcista que ha tenido en los \u00faltimos meses tambi\u00e9n se mantendr\u00e1 hasta finales de a\u00f1o, seg\u00fan el vicepresidente de investigaciones de Solidus Capital, Diego Palencia, pues \u201cen menos de seis meses hemos presenciado el cambio de una pol\u00edtica monetaria ampliamente expansiva a una pol\u00edtica que se contrae\u201d, asegur\u00f3.<\/p>\n<p>Tambi\u00e9n es importante destacar que a partir de este mes, el precio de la gasolina se incrementa $250 tal como se estipul\u00f3 en el Marco Fiscal de Mediano Plazo. Los ajustes m\u00e1s fuertes se dar\u00edan en septiembre cuando el valor subir\u00eda $400 y Acpm $250. As\u00ed seguir\u00edan los aumentos hasta agosto del pr\u00f3ximo a\u00f1o, los cuales buscan contribuir al d\u00e9ficit del Fondo de Estabilizaci\u00f3n del Precio de Combustibles.<\/p>\n<p>Tomado de: LA REP\u00daBLICA<\/p>","protected":false},"excerpt":{"rendered":"<p>Arranca el octavo mes del a\u00f1o y hay varios sentimientos encontrados frente al desempe\u00f1o de la econom\u00eda colombiana. Si bien, las nuevas proyecciones parecen esperanzadoras seg\u00fan el informe anual de perspectivas de la Ocde, una de los principales dificultades que enfrenta el pa\u00eds es el crecimiento de la inflaci\u00f3n anual que alcanz\u00f3 9,6% en junio<\/p>","protected":false},"author":1,"featured_media":9786,"comment_status":"closed","ping_status":"closed","sticky":false,"template":"","format":"standard","meta":{"footnotes":""},"categories":[181],"tags":[],"class_list":["post-9785","post","type-post","status-publish","format-standard","has-post-thumbnail","hentry","category-noticias"],"views":103,"_links":{"self":[{"href":"https:\/\/www.amchambaq.com\/en\/wp-json\/wp\/v2\/posts\/9785","targetHints":{"allow":["GET"]}}],"collection":[{"href":"https:\/\/www.amchambaq.com\/en\/wp-json\/wp\/v2\/posts"}],"about":[{"href":"https:\/\/www.amchambaq.com\/en\/wp-json\/wp\/v2\/types\/post"}],"author":[{"embeddable":true,"href":"https:\/\/www.amchambaq.com\/en\/wp-json\/wp\/v2\/users\/1"}],"replies":[{"embeddable":true,"href":"https:\/\/www.amchambaq.com\/en\/wp-json\/wp\/v2\/comments?post=9785"}],"version-history":[{"count":1,"href":"https:\/\/www.amchambaq.com\/en\/wp-json\/wp\/v2\/posts\/9785\/revisions"}],"predecessor-version":[{"id":9787,"href":"https:\/\/www.amchambaq.com\/en\/wp-json\/wp\/v2\/posts\/9785\/revisions\/9787"}],"wp:featuredmedia":[{"embeddable":true,"href":"https:\/\/www.amchambaq.com\/en\/wp-json\/wp\/v2\/media\/9786"}],"wp:attachment":[{"href":"https:\/\/www.amchambaq.com\/en\/wp-json\/wp\/v2\/media?parent=9785"}],"wp:term":[{"taxonomy":"category","embeddable":true,"href":"https:\/\/www.amchambaq.com\/en\/wp-json\/wp\/v2\/categories?post=9785"},{"taxonomy":"post_tag","embeddable":true,"href":"https:\/\/www.amchambaq.com\/en\/wp-json\/wp\/v2\/tags?post=9785"}],"curies":[{"name":"wp","href":"https:\/\/api.w.org\/{rel}","templated":true}]}}