{"id":9782,"date":"2022-07-27T12:52:45","date_gmt":"2022-07-27T17:52:45","guid":{"rendered":"https:\/\/www.amchambaq.com\/?p=9782"},"modified":"2022-07-27T12:52:45","modified_gmt":"2022-07-27T17:52:45","slug":"barranquilla-mas-conectada-con-el-mundo-presente-en-7-redes-internacionales-de-cooperacion","status":"publish","type":"post","link":"https:\/\/www.amchambaq.com\/en\/barranquilla-mas-conectada-con-el-mundo-presente-en-7-redes-internacionales-de-cooperacion\/","title":{"rendered":"Barranquilla, m\u00e1s conectada con el mundo: presente en 7 redes internacionales de cooperaci\u00f3n"},"content":{"rendered":"<p><span>Por su liderazgo en temas de conversaci\u00f3n de la comunidad internacional, como la gesti\u00f3n de la migraci\u00f3n y el cambio clim\u00e1tico, Barranquilla ha ingresado a 7 redes de ciudades bajo la Administraci\u00f3n del alcalde Jaime Pumarejo Heins.<\/p>\n<p>Desde la Oficina de Relaciones Internacionales del Distrito, la Administraci\u00f3n ha liderado una apuesta decidida para incluir a Barranquilla en espacios de talla mundial para compartir sus mejores pr\u00e1cticas, gestionar proyectos de cooperaci\u00f3n y estrechar lazos con otras ciudades l\u00edderes.<\/p>\n<p>Tal como lo explic\u00f3 el secretario de Desarrollo Econ\u00f3mico, Ricardo Plata Sarabia, \u201cla participaci\u00f3n en redes ha fortalecido procesos de cooperaci\u00f3n, relacionamiento e internacionalizaci\u00f3n. En el caso de Barranquilla, tambi\u00e9n nos ha permitido avanzar con recursos econ\u00f3micos en proyectos clave para la Administraci\u00f3n en temas de Biodiverciudad y atenci\u00f3n a migrantes, adem\u00e1s de estrechar lazos con otras ciudades como M\u00e1laga, Roma, Santo Domingo, Lima y Estocolmo\u201d.<\/p>\n<p>Asimismo, el funcionario expres\u00f3 que esta participaci\u00f3n ha permitido identificar nuevos espacios para compartir experiencias exitosas en la planificaci\u00f3n de la ciudad como el Foro Urbano Mundial y el Foro Pol\u00edtico de Alto Nivel de las Naciones Unidas.<\/p>\n<p>El jefe de la Oficina de Relaciones Internacionales, Manuel Trujillo, puntualiz\u00f3 que, en la actualidad, Barranquilla participa en las siguientes redes internacionales de ciudades:<\/p>\n<p><strong>Red de BiodiverCiudades de Am\u00e9rica Latina y el Caribe (diciembre de 2021)\u00a0<\/strong><\/p>\n<p>Conformada bajo el liderazgo del Distrito y CAF &#8211; Banco de Desarrollo de Am\u00e9rica Latina, el 1. \u00b0 de diciembre de 2021 se constituy\u00f3 en Barranquilla la primera Red de Biodiverciudades de Am\u00e9rica Latina y el Caribe, con el prop\u00f3sito de promover el cuidado del medioambiente y de la biodiversidad\u202fen el desarrollo urbano sostenible.<\/p>\n<p>Las ciudades signatarias de la declaraci\u00f3n fueron: C\u00f3rdoba, Ushuaia y Luj\u00e1n (Argentina); Niteroi (Brasil); Maldonado (Uruguay); Lima (Per\u00fa), y Timbiqu\u00ed (Colombia).\u00a0\u00a0Hoy en d\u00eda se han adherido a la red m\u00e1s de 30 ciudades latinoamericanas.<\/p>\n<p><strong>IURC-\u00a0<em>International Urban and Regional Cooperation\u00a0<\/em>(2020)\u00a0<\/strong><\/p>\n<p>Es una red global de referencia para la innovaci\u00f3n urbana y regional, que tiene como objetivo liderar y desarrollar una forma de cooperaci\u00f3n urbana y regional internacional en desarrollo urbano sostenible e innovaci\u00f3n, a trav\u00e9s del intercambio de conocimiento y experiencias entre las ciudades miembro.<br \/>\nA trav\u00e9s de esta red, Barranquilla fue emparejada con Roma (Italia) y, m\u00e1s recientemente, con M\u00e1laga (Espa\u00f1a), para desarrollar el programa de huertas comunitarias y aprender pr\u00e1cticas en regeneraci\u00f3n urbana.<\/p>\n<p><strong>URBELAC &#8211;\u00a0<em>Urban European and Latin American and Caribbean Cities<\/em>\u00a0(2021)<\/strong><\/p>\n<p>La red fue creada en 2010 por la Comisi\u00f3n Europea y el BID, con el prop\u00f3sito de apoyar a los gobiernos a armonizar el desarrollo social, la productividad urbana y la protecci\u00f3n del medioambiente, en el contexto de la creciente concentraci\u00f3n de la poblaci\u00f3n en las zonas urbanas y el rol central de las ciudades en los procesos de desarrollo.<\/p>\n<p>A trav\u00e9s de esta red, Barranquilla ha compartido con m\u00e1s de 12 ciudades europeas y latinoamericanas sus mejores pr\u00e1cticas en inclusi\u00f3n econ\u00f3mica de poblaci\u00f3n migrante.<\/p>\n<p><strong>IntegrHa-bitat &#8211; Red Global de Centros para la Integraci\u00f3n y cocreaci\u00f3n del H\u00e1bitat (2021)\u00a0<\/strong><\/p>\n<p>Es una red del programa de ONU-H\u00e1bitat \u2018Ciudades Incluyentes, Comunidades Solidarias\u2019, el cual es apoyado por la Uni\u00f3n Europea para integrar territorialmente a la poblaci\u00f3n migrante. Barranquilla fue la primera ciudad en recibir el sello IntregrHa-bitat, de manos de la directora ejecutiva de ONU-H\u00e1bitat, Maimunah\u202fMohd\u202fSharif.<\/p>\n<p><strong>Pacto Global de Alcaldes por el Clima y la Energ\u00eda (2022)\u00a0<\/strong><\/p>\n<p>Como parte del programa Internacional de Cooperaci\u00f3n Urbana (IUC) de la Uni\u00f3n Europea, es una alianza global de ciudades comprometidas con la lucha contra el cambio clim\u00e1tico, reduciendo sus impactos inevitables y facilitando el acceso a energ\u00eda sostenible y asequible para todos.<br \/>\nBarranquilla se sum\u00f3 a esta red durante el Foro Urbano Mundial el pasado mes de junio, demostrando su compromiso para la mitigaci\u00f3n y adaptaci\u00f3n al cambio clim\u00e1tico.<\/p>\n<p><strong>Race to Zero (2021)\u00a0<\/strong><\/p>\n<p>Campa\u00f1a de la Convenci\u00f3n Marco de las Naciones Unidas sobre el Cambio Clim\u00e1tico. Su objetivo es generar el cambio hacia una econom\u00eda descarbonizada antes de la COP26, instando a los gobiernos a fortalecer sus contribuciones al Acuerdo de Par\u00eds.<\/p>\n<p>A ra\u00edz de su adhesi\u00f3n, la ciudad obtuvo una cooperaci\u00f3n t\u00e9cnica por parte de la Embajada del Reino Unido, para fortalecer las capacidades del equipo de trabajo de la Alcald\u00eda en acci\u00f3n clim\u00e1tica.<\/p>\n<p><strong><em>Cities4Forest<\/em>\u00a0(2022)\u00a0<\/strong><\/p>\n<p>Esta red permitir\u00e1 exhibir proyectos emblem\u00e1ticos como el Bosque Urbano de Miramar y el Ecoparque de la Ci\u00e9naga de Mallorqu\u00edn, dado que \u00a0apoya a conservar, administrar y restaurar los bosques urbanos, adem\u00e1s de brindar asistencia t\u00e9cnica para alinear las pol\u00edticas locales, el intercambio de conocimientos y el aprendizaje.<\/p>\n<p><strong>ICLEI<\/strong><\/p>\n<p>La capital del Atl\u00e1ntico est\u00e1 en proceso de adhesi\u00f3n a ICLEI, una red global de m\u00e1s de 2.500 gobiernos locales y regionales comprometidos con el desarrollo urbano sostenible, que impulsa la acci\u00f3n local para un desarrollo circular, resiliente, equitativo, basado en la naturaleza y con bajas emisiones.<br \/>\nCon el apoyo de esta red, Barranquilla contar\u00e1 con un plan de acci\u00f3n clim\u00e1tica y actualizar\u00e1 su inventario de gases de efecto invernadero.\u00a0<\/span><\/p>","protected":false},"excerpt":{"rendered":"<p>Por su liderazgo en temas de conversaci\u00f3n de la comunidad internacional, como la gesti\u00f3n de la migraci\u00f3n y el cambio clim\u00e1tico, Barranquilla ha ingresado a 7 redes de ciudades bajo la Administraci\u00f3n del alcalde Jaime Pumarejo Heins. Desde la Oficina de Relaciones Internacionales del Distrito, la Administraci\u00f3n ha liderado una apuesta decidida para incluir a<\/p>","protected":false},"author":1,"featured_media":9771,"comment_status":"closed","ping_status":"closed","sticky":false,"template":"","format":"standard","meta":{"footnotes":""},"categories":[181],"tags":[],"class_list":["post-9782","post","type-post","status-publish","format-standard","has-post-thumbnail","hentry","category-noticias"],"views":109,"_links":{"self":[{"href":"https:\/\/www.amchambaq.com\/en\/wp-json\/wp\/v2\/posts\/9782","targetHints":{"allow":["GET"]}}],"collection":[{"href":"https:\/\/www.amchambaq.com\/en\/wp-json\/wp\/v2\/posts"}],"about":[{"href":"https:\/\/www.amchambaq.com\/en\/wp-json\/wp\/v2\/types\/post"}],"author":[{"embeddable":true,"href":"https:\/\/www.amchambaq.com\/en\/wp-json\/wp\/v2\/users\/1"}],"replies":[{"embeddable":true,"href":"https:\/\/www.amchambaq.com\/en\/wp-json\/wp\/v2\/comments?post=9782"}],"version-history":[{"count":1,"href":"https:\/\/www.amchambaq.com\/en\/wp-json\/wp\/v2\/posts\/9782\/revisions"}],"predecessor-version":[{"id":9783,"href":"https:\/\/www.amchambaq.com\/en\/wp-json\/wp\/v2\/posts\/9782\/revisions\/9783"}],"wp:featuredmedia":[{"embeddable":true,"href":"https:\/\/www.amchambaq.com\/en\/wp-json\/wp\/v2\/media\/9771"}],"wp:attachment":[{"href":"https:\/\/www.amchambaq.com\/en\/wp-json\/wp\/v2\/media?parent=9782"}],"wp:term":[{"taxonomy":"category","embeddable":true,"href":"https:\/\/www.amchambaq.com\/en\/wp-json\/wp\/v2\/categories?post=9782"},{"taxonomy":"post_tag","embeddable":true,"href":"https:\/\/www.amchambaq.com\/en\/wp-json\/wp\/v2\/tags?post=9782"}],"curies":[{"name":"wp","href":"https:\/\/api.w.org\/{rel}","templated":true}]}}