{"id":9767,"date":"2022-07-25T09:17:38","date_gmt":"2022-07-25T14:17:38","guid":{"rendered":"https:\/\/www.amchambaq.com\/?p=9767"},"modified":"2022-07-25T09:17:38","modified_gmt":"2022-07-25T14:17:38","slug":"inauguran-nueva-bodega-para-cargar-granel-en-el-puerto-de-barranquilla","status":"publish","type":"post","link":"https:\/\/www.amchambaq.com\/en\/inauguran-nueva-bodega-para-cargar-granel-en-el-puerto-de-barranquilla\/","title":{"rendered":"Inauguran nueva bodega para cargar granel en el Puerto de Barranquilla"},"content":{"rendered":"<p>Con el objetivo de fortalecer su capacidad de\u00a0<strong>almacenamiento<\/strong>, el Puerto de Barranquilla realiz\u00f3 un inversi\u00f3n de USD 4,8 millones en la construcci\u00f3n de la bodega 7B para carga granel.<\/p>\n<p>Esta\u00a0<strong>infraestructura\u00a0<\/strong>es la \u00fanica dentro del terminal portuario que cuenta con un sistema completo mecanizado para el llenado y vaciado de la misma.<\/p>\n<div id=\"body\" class=\"content-article size-m\">\n<p>\u201cGracias a su\u00a0<strong>tecnolog\u00eda\u00a0<\/strong>de punta tendremos dos posibilidades para el llenado y vaciado de la misma, el primero es el despacho por silo o tanque, que permite que la bodega sea llenada desde el buque hasta el silo y el segundo por urbaneo, mediante volquetas desde el muelle hacia la bodega\u201d,\u00a0 dijo Rene Puche, Presidente del Puerto de Barranquilla.<\/p>\n<\/div>\n<div id=\"paragraphs\" class=\"content-article paragraphs size-m\">\n<div class=\"field-collection-container clearfix\">\n<div class=\"field field-name-field-contenido-articulos-2 field-type-field-collection field-label-hidden\">\n<div class=\"field-item even\">\n<div class=\"field-collection-view clearfix view-mode-full field-collection-view-final\">\n<div>\n<div class=\"content\">\n<div class=\"paragraphs-items paragraphs-items-field-campos paragraphs-items-field-campos-full paragraphs-items-full\">\n<div class=\"field field-name-field-campos field-type-paragraphs field-label-hidden\">\n<div class=\"field-item even\">\n<div id=\"relacionado-body\">\n<div class=\"box-title\">\n<div id=\"body\" class=\"content-article size-m\">\n<p>\u201cGracias a su\u00a0<strong>tecnolog\u00eda\u00a0<\/strong>de punta tendremos dos posibilidades para el llenado y vaciado de la misma, el primero es el despacho por silo o tanque, que permite que la bodega sea llenada desde el buque hasta el silo y el segundo por urbaneo, mediante volquetas desde el muelle hacia la bodega\u201d,\u00a0 dijo Rene Puche, Presidente del Puerto de Barranquilla.<\/p>\n<\/div>\n<div id=\"paragraphs\" class=\"content-article paragraphs size-m\">\n<div class=\"field-collection-container clearfix\">\n<div class=\"field field-name-field-contenido-articulos-2 field-type-field-collection field-label-hidden\">\n<div class=\"field-item even\">\n<div class=\"field-collection-view clearfix view-mode-full field-collection-view-final\">\n<div>\n<div class=\"content\">\n<div class=\"paragraphs-items paragraphs-items-field-campos paragraphs-items-field-campos-full paragraphs-items-full\">\n<div class=\"field field-name-field-campos field-type-paragraphs field-label-hidden\">\n<div class=\"field-item even\">\n<div id=\"relacionado-body\">\n<div class=\"box-title\">\n<p>\u201cLa\u00a0<strong>construcci\u00f3n\u00a0<\/strong>de esta nueva bodega significar\u00e1 para el Puerto una mejora en la eficiencia\u00a0operativa para el recibo y despacho de granos, disminuci\u00f3n de los tiempos de atenci\u00f3n de las motonaves y un mejor servicio a los clientes de este segmento que siempre han confiado en nosotros y vienen mostrando un crecimiento sostenido en los \u00faltimos a\u00f1os\u201d, afirm\u00f3 Puche.<\/p>\n<p>En los \u00faltimos 5 a\u00f1os se han movilizado en el terminal portuario\u00a0<strong>9.655.072 toneladas<\/strong>\u00a0de granel, entre los que se destacan productos como torta de soya, arroz, ma\u00edz blanco, trigo, ma\u00edz amarillo y \u00a0frijol, entre otros, provenientes de pa\u00edses como Argentina, Brasil, Cuba, Estados Unidos, Chile, Rusia, Italia y Canad\u00e1.<\/p>\n<p>Tomado de: EL HERALDO<\/p>\n<\/div>\n<\/div>\n<\/div>\n<\/div>\n<\/div>\n<\/div>\n<\/div>\n<\/div>\n<\/div>\n<\/div>\n<\/div>\n<\/div>\n<\/div>\n<\/div>\n<\/div>\n<\/div>\n<\/div>\n<\/div>\n<\/div>\n<\/div>\n<\/div>\n<\/div>\n<\/div>\n<\/div>","protected":false},"excerpt":{"rendered":"<p>Con el objetivo de fortalecer su capacidad de\u00a0almacenamiento, el Puerto de Barranquilla realiz\u00f3 un inversi\u00f3n de USD 4,8 millones en la construcci\u00f3n de la bodega 7B para carga granel. Esta\u00a0infraestructura\u00a0es la \u00fanica dentro del terminal portuario que cuenta con un sistema completo mecanizado para el llenado y vaciado de la misma. \u201cGracias a su\u00a0tecnolog\u00eda\u00a0de punta<\/p>","protected":false},"author":1,"featured_media":9768,"comment_status":"closed","ping_status":"closed","sticky":false,"template":"","format":"standard","meta":{"footnotes":""},"categories":[181],"tags":[],"class_list":["post-9767","post","type-post","status-publish","format-standard","has-post-thumbnail","hentry","category-noticias"],"views":78,"_links":{"self":[{"href":"https:\/\/www.amchambaq.com\/en\/wp-json\/wp\/v2\/posts\/9767","targetHints":{"allow":["GET"]}}],"collection":[{"href":"https:\/\/www.amchambaq.com\/en\/wp-json\/wp\/v2\/posts"}],"about":[{"href":"https:\/\/www.amchambaq.com\/en\/wp-json\/wp\/v2\/types\/post"}],"author":[{"embeddable":true,"href":"https:\/\/www.amchambaq.com\/en\/wp-json\/wp\/v2\/users\/1"}],"replies":[{"embeddable":true,"href":"https:\/\/www.amchambaq.com\/en\/wp-json\/wp\/v2\/comments?post=9767"}],"version-history":[{"count":1,"href":"https:\/\/www.amchambaq.com\/en\/wp-json\/wp\/v2\/posts\/9767\/revisions"}],"predecessor-version":[{"id":9769,"href":"https:\/\/www.amchambaq.com\/en\/wp-json\/wp\/v2\/posts\/9767\/revisions\/9769"}],"wp:featuredmedia":[{"embeddable":true,"href":"https:\/\/www.amchambaq.com\/en\/wp-json\/wp\/v2\/media\/9768"}],"wp:attachment":[{"href":"https:\/\/www.amchambaq.com\/en\/wp-json\/wp\/v2\/media?parent=9767"}],"wp:term":[{"taxonomy":"category","embeddable":true,"href":"https:\/\/www.amchambaq.com\/en\/wp-json\/wp\/v2\/categories?post=9767"},{"taxonomy":"post_tag","embeddable":true,"href":"https:\/\/www.amchambaq.com\/en\/wp-json\/wp\/v2\/tags?post=9767"}],"curies":[{"name":"wp","href":"https:\/\/api.w.org\/{rel}","templated":true}]}}