{"id":9756,"date":"2022-07-21T11:07:50","date_gmt":"2022-07-21T16:07:50","guid":{"rendered":"https:\/\/www.amchambaq.com\/?p=9756"},"modified":"2022-07-21T11:07:50","modified_gmt":"2022-07-21T16:07:50","slug":"asi-esta-distribuido-el-nuevo-congreso-de-colombia","status":"publish","type":"post","link":"https:\/\/www.amchambaq.com\/en\/asi-esta-distribuido-el-nuevo-congreso-de-colombia\/","title":{"rendered":"As\u00ed est\u00e1 distribuido el nuevo Congreso de Colombia"},"content":{"rendered":"<p>Este 20 de julio, se instala el <b>Congreso de Colombia\u00a0<\/b>para el periodo 2022 &#8211; 2026 con un 61% de legisladores nuevos y, por primera vez en la historia,<b>\u00a0re\u00fane mayor\u00edas\u00a0alrededor de un presidente de izquierda.\u00a0<\/b><\/p>\n<p>Desde el Sal\u00f3n El\u00edptico, el presidente Iv\u00e1n Duque presentar\u00e1 el balance de su administraci\u00f3n, y oficializar\u00e1 la instalaci\u00f3n del Congreso de la Rep\u00fablica.<\/p>\n<p id=\"p568419-m439-4-440\" class=\"parrafo\">A continuaci\u00f3n, le contamos c\u00f3mo va\u00a0la distribuci\u00f3n de algunos de los cargos para el nuevo periodo legislativo.<\/p>\n<p id=\"p568419-m445-5-446\" class=\"parrafo\">Hasta el momento,\u00a0<b>la bancada de gobierno estar\u00e1 conformada por la coalici\u00f3n del Pacto Hist\u00f3rico, la Centro Esperanza, el Partido Liberal y algunas minor\u00edas.<\/b>\u00a0Eso s\u00ed, esto puede cambiar hasta el 7 de septiembre, fecha l\u00edmite para que los partidos confirmen su postura como independientes, de oposici\u00f3n o de gobierno.<\/p>\n<p id=\"p568419-m451-6-452\" class=\"parrafo\">Para el periodo 2022 &#8211; 2026,\u00a0<b>181 legisladores ser\u00e1n nuevos y 113 repetir\u00e1n en el cargo,<\/b>\u00a0pues ya han ejercido en periodos anteriores desde sus diferentes colectividades.<\/p>\n<p id=\"p568419-m457-7-458\" class=\"parrafo\">La corporaci\u00f3n que se instala este 20 de julio est\u00e1 conformada por 294 congresistas. De estos, 86 son mujeres:\u00a0<b>32 senadoras y 54 representantes a la C\u00e1mara.\u00a0<\/b>Este es el n\u00famero m\u00e1s alto de mujeres congresistas que ha tenido el pa\u00eds, cerca de un 28,5 %.<\/p>\n<div id=\"p568419-m463-8-464\" class=\"highlighted\">\n<div id=\"m468-467-469\" class=\"tiemposBold3\"><strong>Senado<\/strong><\/div>\n<\/div>\n<p id=\"p568419-m475-9-476\" class=\"parrafo\">La presidencia del Senado de la Rep\u00fablica, en el primer a\u00f1o, la tendr\u00e1\u00a0<b>el Pacto Hist\u00f3rico en cabeza de Roy Barreras.<\/b>\u00a0El segundo a\u00f1o ser\u00e1 para el partido Verde, el tercero para el Partido Conservador, y el \u00faltimo para el Partido Liberal.<\/p>\n<p id=\"p568419-m481-10-482\" class=\"parrafo\">Adem\u00e1s, los liberales encabezar\u00e1n la Comisi\u00f3n Primera del Senado. Las tres comisiones siguientes las tendr\u00e1 el Pacto Hist\u00f3rico. La Comisi\u00f3n Quinta estar\u00e1 a cargo de la Alianza Verde. Los conservadores tendr\u00e1n la Sexta, y la Comisi\u00f3n S\u00e9ptima la tendr\u00e1 el bloque parlamentario conformado por \u2018la U\u2019, Cambio Radical y Mira.<\/p>\n<div id=\"p568419-m487-11-488\" class=\"highlighted\">\n<div id=\"m492-491-493\" class=\"tiemposBold3\"><strong>C\u00e1mara de Representantes<\/strong><\/div>\n<\/div>\n<p id=\"p568419-m499-12-500\" class=\"parrafo\">En cuanto a la presidencia de la C\u00e1mara de Representantes, estar\u00e1\u00a0<b>el Pacto Hist\u00f3rico con el representante David Racero<\/b>\u00a0en el primer a\u00f1o. Los dem\u00e1s cargos y comisiones a\u00fan est\u00e1n por definirse.<\/p>\n<p>Tomado de: PORTAFOLIO<\/p>","protected":false},"excerpt":{"rendered":"<p>Este 20 de julio, se instala el Congreso de Colombia\u00a0para el periodo 2022 &#8211; 2026 con un 61% de legisladores nuevos y, por primera vez en la historia,\u00a0re\u00fane mayor\u00edas\u00a0alrededor de un presidente de izquierda.\u00a0 Desde el Sal\u00f3n El\u00edptico, el presidente Iv\u00e1n Duque presentar\u00e1 el balance de su administraci\u00f3n, y oficializar\u00e1 la instalaci\u00f3n del Congreso de<\/p>","protected":false},"author":1,"featured_media":9757,"comment_status":"closed","ping_status":"closed","sticky":false,"template":"","format":"standard","meta":{"footnotes":""},"categories":[181],"tags":[],"class_list":["post-9756","post","type-post","status-publish","format-standard","has-post-thumbnail","hentry","category-noticias"],"views":104,"_links":{"self":[{"href":"https:\/\/www.amchambaq.com\/en\/wp-json\/wp\/v2\/posts\/9756","targetHints":{"allow":["GET"]}}],"collection":[{"href":"https:\/\/www.amchambaq.com\/en\/wp-json\/wp\/v2\/posts"}],"about":[{"href":"https:\/\/www.amchambaq.com\/en\/wp-json\/wp\/v2\/types\/post"}],"author":[{"embeddable":true,"href":"https:\/\/www.amchambaq.com\/en\/wp-json\/wp\/v2\/users\/1"}],"replies":[{"embeddable":true,"href":"https:\/\/www.amchambaq.com\/en\/wp-json\/wp\/v2\/comments?post=9756"}],"version-history":[{"count":1,"href":"https:\/\/www.amchambaq.com\/en\/wp-json\/wp\/v2\/posts\/9756\/revisions"}],"predecessor-version":[{"id":9758,"href":"https:\/\/www.amchambaq.com\/en\/wp-json\/wp\/v2\/posts\/9756\/revisions\/9758"}],"wp:featuredmedia":[{"embeddable":true,"href":"https:\/\/www.amchambaq.com\/en\/wp-json\/wp\/v2\/media\/9757"}],"wp:attachment":[{"href":"https:\/\/www.amchambaq.com\/en\/wp-json\/wp\/v2\/media?parent=9756"}],"wp:term":[{"taxonomy":"category","embeddable":true,"href":"https:\/\/www.amchambaq.com\/en\/wp-json\/wp\/v2\/categories?post=9756"},{"taxonomy":"post_tag","embeddable":true,"href":"https:\/\/www.amchambaq.com\/en\/wp-json\/wp\/v2\/tags?post=9756"}],"curies":[{"name":"wp","href":"https:\/\/api.w.org\/{rel}","templated":true}]}}