{"id":9668,"date":"2022-07-01T15:43:40","date_gmt":"2022-07-01T20:43:40","guid":{"rendered":"https:\/\/www.amchambaq.com\/?p=9668"},"modified":"2022-07-01T15:43:40","modified_gmt":"2022-07-01T20:43:40","slug":"coolechera-rumbo-a-las-exportaciones","status":"publish","type":"post","link":"https:\/\/www.amchambaq.com\/en\/coolechera-rumbo-a-las-exportaciones\/","title":{"rendered":"\u00a1Coolechera rumbo a las exportaciones!"},"content":{"rendered":"<div class=\"elementor-element elementor-element-94f5679 elementor-widget elementor-widget-heading\" data-id=\"94f5679\" data-element_type=\"widget\" data-settings=\"{&quot;element_pack_wrapper_link&quot;:{&quot;url&quot;:&quot;&quot;,&quot;is_external&quot;:&quot;&quot;,&quot;nofollow&quot;:&quot;&quot;,&quot;custom_attributes&quot;:&quot;&quot;}}\" data-widget_type=\"heading.default\">\n<div class=\"elementor-widget-container\">\n<h2 class=\"elementor-heading-title elementor-size-default\">Coolechera contin\u00faa el camino para la internacionalizaci\u00f3n de sus productos alimenticios, el siguiente paso fue la alianza con AmCham (C\u00e1mara de Comercio Colombo Americana).<\/h2>\n<\/div>\n<\/div>\n<div class=\"elementor-element elementor-element-4254c11 elementor-widget elementor-widget-text-editor\" data-id=\"4254c11\" data-element_type=\"widget\" data-settings=\"{&quot;element_pack_wrapper_link&quot;:{&quot;url&quot;:&quot;&quot;,&quot;is_external&quot;:&quot;&quot;,&quot;nofollow&quot;:&quot;&quot;,&quot;custom_attributes&quot;:&quot;&quot;}}\" data-widget_type=\"text-editor.default\">\n<div class=\"elementor-widget-container\">\n<p>La cooperativa con 89 a\u00f1os en el mercado regional de la costa caribe sigue transformando su presente, a trav\u00e9s de la misi\u00f3n compartida entre el presidente de Coolechera el Dr. Ricardo Feris Chadid, el consejo administrativo y la Gerencia general a cargo de Jaime Dugand.<\/p>\n<p>El inicio de la b\u00fasqueda de mercados internacionales es una de las hojas de ruta para exportar los productos alimenticios que se producen y comercializan en Coolechera, a partir de esto se generan una serie de acciones como la obtenci\u00f3n de diferentes certificaciones (BASC, HACCP, KOSHER, SELLO DE CALIDAD DE PRODUCTO, SELLO VERDE, ISO 9001), que avalan la calidad, seguridad e inocuidad de los alimentos adem\u00e1s de acreditar al personal como tecnificado, competente y capacitado en cada una de las \u00e1reas.<\/p>\n<p>Por otro lado, las alianzas estrat\u00e9gicas han sido fundamentales para brindar otras herramientas que permitir\u00e1n el logro de esta gran meta. Alex Espinosa, funcionario de AmCham dice \u201cha sido un gusto conocer Coolechera m\u00e1s de cerca, y saber que los acompa\u00f1\u00e1remos en ese proceso de internacionalizaci\u00f3n que quieren realizar a partir de este 2022, el TLC estoy seguro ser\u00e1 una ventaja para innovar en productos y mercados evidenciando el crecimiento de la planta y de Coolechera en general\u201d.<\/p>\n<p>Algunos de los beneficios con los que contar\u00e1 la Cooperativa por dicha alianza ser\u00e1 tener un acompa\u00f1amiento en el proceso de b\u00fasqueda de nuevos mercados, aprovechar agendas de negocios regionales, nacionales e internacionales, contar con apoyo para la formaci\u00f3n empresarial de los colaboradores de la Cooperativa y afianzar relaciones empresariales por medio del Networking.<\/p>\n<p>El Gerente General Jaime Dugand expres\u00f3 \u201cSomos la primera empresa l\u00e1ctea que se vincula con AmCham, para nosotros es vital estar relacionados con entidades que le aporten conocimiento a nuestro recurso humano y que nos permitan permear en nuevos mercados donde llegaremos con un producto de cualidades puntuales y a un nicho de mercado espec\u00edfico\u201d.<\/p>\n<p>Tomado de: https:\/\/coolechera.co\/coolechera-rumbo-a-las-exportaciones\/<\/p>\n<\/div>\n<\/div>","protected":false},"excerpt":{"rendered":"<p>Coolechera contin\u00faa el camino para la internacionalizaci\u00f3n de sus productos alimenticios, el siguiente paso fue la alianza con AmCham (C\u00e1mara de Comercio Colombo Americana). La cooperativa con 89 a\u00f1os en el mercado regional de la costa caribe sigue transformando su presente, a trav\u00e9s de la misi\u00f3n compartida entre el presidente de Coolechera el Dr. Ricardo<\/p>","protected":false},"author":1,"featured_media":9669,"comment_status":"closed","ping_status":"closed","sticky":false,"template":"","format":"standard","meta":{"footnotes":""},"categories":[181],"tags":[],"class_list":["post-9668","post","type-post","status-publish","format-standard","has-post-thumbnail","hentry","category-noticias"],"views":86,"_links":{"self":[{"href":"https:\/\/www.amchambaq.com\/en\/wp-json\/wp\/v2\/posts\/9668","targetHints":{"allow":["GET"]}}],"collection":[{"href":"https:\/\/www.amchambaq.com\/en\/wp-json\/wp\/v2\/posts"}],"about":[{"href":"https:\/\/www.amchambaq.com\/en\/wp-json\/wp\/v2\/types\/post"}],"author":[{"embeddable":true,"href":"https:\/\/www.amchambaq.com\/en\/wp-json\/wp\/v2\/users\/1"}],"replies":[{"embeddable":true,"href":"https:\/\/www.amchambaq.com\/en\/wp-json\/wp\/v2\/comments?post=9668"}],"version-history":[{"count":1,"href":"https:\/\/www.amchambaq.com\/en\/wp-json\/wp\/v2\/posts\/9668\/revisions"}],"predecessor-version":[{"id":9670,"href":"https:\/\/www.amchambaq.com\/en\/wp-json\/wp\/v2\/posts\/9668\/revisions\/9670"}],"wp:featuredmedia":[{"embeddable":true,"href":"https:\/\/www.amchambaq.com\/en\/wp-json\/wp\/v2\/media\/9669"}],"wp:attachment":[{"href":"https:\/\/www.amchambaq.com\/en\/wp-json\/wp\/v2\/media?parent=9668"}],"wp:term":[{"taxonomy":"category","embeddable":true,"href":"https:\/\/www.amchambaq.com\/en\/wp-json\/wp\/v2\/categories?post=9668"},{"taxonomy":"post_tag","embeddable":true,"href":"https:\/\/www.amchambaq.com\/en\/wp-json\/wp\/v2\/tags?post=9668"}],"curies":[{"name":"wp","href":"https:\/\/api.w.org\/{rel}","templated":true}]}}