{"id":9661,"date":"2022-06-30T08:41:41","date_gmt":"2022-06-30T13:41:41","guid":{"rendered":"https:\/\/www.amchambaq.com\/?p=9661"},"modified":"2022-06-30T08:41:41","modified_gmt":"2022-06-30T13:41:41","slug":"flujo-de-colombianos-hacia-al-exterior-subio-un-6-frente-a-2019","status":"publish","type":"post","link":"https:\/\/www.amchambaq.com\/en\/flujo-de-colombianos-hacia-al-exterior-subio-un-6-frente-a-2019\/","title":{"rendered":"Flujo de colombianos hacia al exterior subi\u00f3 un 6 % frente a 2019"},"content":{"rendered":"<p>Entre enero y mayo, el flujo de colombianos hacia el exterior fue de\u00a0<strong>1,9 millones de viajeros<\/strong>, lo que represent\u00f3 un incremento del 6 % en relaci\u00f3n con el mismo periodo de 2019, cuando fue de 1,8 millones.<\/p>\n<p>As\u00ed lo confirm\u00f3 la Asociaci\u00f3n Colombiana de Agencias de Viajes y Turismo (Anato), con base en datos de\u00a0<strong>Migraci\u00f3n Colombia<\/strong>, en el que solamente en el mes de mayo, este aumento fue del 15 %.<\/p>\n<p>\u201cEl trabajo de las<strong>\u00a0agencias de viajes<\/strong>\u00a0en la creaci\u00f3n de m\u00e1s paquetes a nuevos destinos, las convierten en importantes propulsoras de estos resultados positivos\u201d, dijo Paula Cort\u00e9s, presidenta de Anato.<\/p>\n<p>Cabe destacar que, entre enero y mayo, por motivos de turismo, eventos y negocios, Am\u00e9rica Central y el Caribe concentraron una participaci\u00f3n del\u00a0<strong>39 %<\/strong>\u00a0como destino en la salida de colombianos al exterior, le sigue Norteam\u00e9rica (29 %),y Europa (18 %).<\/p>\n<div id=\"paragraphs\" class=\"content-article paragraphs size-m\">\n<div class=\"field-collection-container clearfix\">\n<div class=\"field field-name-field-contenido-articulos-2 field-type-field-collection field-label-hidden\">\n<div class=\"field-item even\">\n<div class=\"field-collection-view clearfix view-mode-full field-collection-view-final\">\n<div>\n<div class=\"content\">\n<div class=\"paragraphs-items paragraphs-items-field-campos paragraphs-items-field-campos-full paragraphs-items-full\">\n<div class=\"field field-name-field-campos field-type-paragraphs field-label-hidden\">\n<div class=\"field-item odd\">\n<div class=\"entity entity-paragraphs-item paragraphs-item-descripcion\">\n<div class=\"content\">\n<div class=\"field field-name-field-descripcion field-type-text-long field-label-hidden\">\n<div class=\"field-items\">\n<div class=\"field-item even\">\n<p>Mientras que, con relaci\u00f3n a los niveles de crecimiento, en comparaci\u00f3n con el mismo periodo de 2019, las regiones que lideraron fueron Am\u00e9rica Central y el Caribe, con un 28 %, y destinos como\u00a0<strong>M\u00e9xico\u00a0<\/strong>y Rep\u00fablica Dominicana;\u00a0<strong>Europa<\/strong>, con 27 %, hacia destinos como Espa\u00f1a y Francia; Asia, con 5 % hacia Turqu\u00eda, Emiratos \u00c1rabes Unidos, e Israel; y por \u00faltimo Am\u00e9rica del Norte, con un incremento del 4 %, hacia\u00a0<strong>Estados<\/strong>\u00a0<strong>Unidos\u00a0<\/strong>y Canad\u00e1.<\/p>\n<p>\u201cEsta industria ha demostrado<strong>\u00a0no temerle a los cambios\u00a0<\/strong>y los nuevos desaf\u00edos y por ello, seguiremos trabajando por la formaci\u00f3n de nuestras agencias de viajes de cara a los diferentes mercados y as\u00ed fomentar la innovaci\u00f3n en sus paquetes y la creaci\u00f3n de nuevas aventuras para los turistas\u201d, explic\u00f3 la dirigente gremial.<\/p>\n<\/div>\n<\/div>\n<\/div>\n<\/div>\n<\/div>\n<\/div>\n<\/div>\n<\/div>\n<\/div>\n<\/div>\n<\/div>\n<\/div>\n<\/div>\n<\/div>\n<\/div>\n<div id=\"redes\" class=\"redes-compartir\">Tomado de: EL HERALDO<\/div>","protected":false},"excerpt":{"rendered":"<p>Entre enero y mayo, el flujo de colombianos hacia el exterior fue de\u00a01,9 millones de viajeros, lo que represent\u00f3 un incremento del 6 % en relaci\u00f3n con el mismo periodo de 2019, cuando fue de 1,8 millones. As\u00ed lo confirm\u00f3 la Asociaci\u00f3n Colombiana de Agencias de Viajes y Turismo (Anato), con base en datos de\u00a0Migraci\u00f3n<\/p>","protected":false},"author":1,"featured_media":9662,"comment_status":"closed","ping_status":"closed","sticky":false,"template":"","format":"standard","meta":{"footnotes":""},"categories":[181],"tags":[],"class_list":["post-9661","post","type-post","status-publish","format-standard","has-post-thumbnail","hentry","category-noticias"],"views":94,"_links":{"self":[{"href":"https:\/\/www.amchambaq.com\/en\/wp-json\/wp\/v2\/posts\/9661","targetHints":{"allow":["GET"]}}],"collection":[{"href":"https:\/\/www.amchambaq.com\/en\/wp-json\/wp\/v2\/posts"}],"about":[{"href":"https:\/\/www.amchambaq.com\/en\/wp-json\/wp\/v2\/types\/post"}],"author":[{"embeddable":true,"href":"https:\/\/www.amchambaq.com\/en\/wp-json\/wp\/v2\/users\/1"}],"replies":[{"embeddable":true,"href":"https:\/\/www.amchambaq.com\/en\/wp-json\/wp\/v2\/comments?post=9661"}],"version-history":[{"count":1,"href":"https:\/\/www.amchambaq.com\/en\/wp-json\/wp\/v2\/posts\/9661\/revisions"}],"predecessor-version":[{"id":9663,"href":"https:\/\/www.amchambaq.com\/en\/wp-json\/wp\/v2\/posts\/9661\/revisions\/9663"}],"wp:featuredmedia":[{"embeddable":true,"href":"https:\/\/www.amchambaq.com\/en\/wp-json\/wp\/v2\/media\/9662"}],"wp:attachment":[{"href":"https:\/\/www.amchambaq.com\/en\/wp-json\/wp\/v2\/media?parent=9661"}],"wp:term":[{"taxonomy":"category","embeddable":true,"href":"https:\/\/www.amchambaq.com\/en\/wp-json\/wp\/v2\/categories?post=9661"},{"taxonomy":"post_tag","embeddable":true,"href":"https:\/\/www.amchambaq.com\/en\/wp-json\/wp\/v2\/tags?post=9661"}],"curies":[{"name":"wp","href":"https:\/\/api.w.org\/{rel}","templated":true}]}}