{"id":9658,"date":"2022-06-30T08:33:02","date_gmt":"2022-06-30T13:33:02","guid":{"rendered":"https:\/\/www.amchambaq.com\/?p=9658"},"modified":"2022-06-30T08:33:02","modified_gmt":"2022-06-30T13:33:02","slug":"todos-al-parque-entre-los-cinco-mejores-proyectos-de-renovacion-urbana-en-el-mundo","status":"publish","type":"post","link":"https:\/\/www.amchambaq.com\/en\/todos-al-parque-entre-los-cinco-mejores-proyectos-de-renovacion-urbana-en-el-mundo\/","title":{"rendered":"\u2018Todos al Parque\u2019, entre los cinco mejores proyectos de renovaci\u00f3n urbana en el mundo"},"content":{"rendered":"<p><span>Barranquilla, la biodiverciudad de Colombia, fue escogida como una de las cinco ciudades finalistas del\u00a0<em>Prize for Cities<\/em>, que otorga el\u00a0<em>World Resources Institute\u00a0<\/em>como un reconocimiento\u00a0a los l\u00edderes que crean ciudades m\u00e1s sostenibles e inclusivas.<\/p>\n<p>El anuncio se realiz\u00f3 en el Foro Urbano Mundial, en Katowice (Polonia), en el que Barranquilla particip\u00f3 con el programa distrital \u2018Todos al Parque\u2019 por medio del cual se ha logrado transformar e impactar la calidad de vida de sus habitantes con la intervenci\u00f3n de 252 parques y la recuperaci\u00f3n de cerca de 1.500.000 metros cuadrados.<\/p>\n<p>Tras el anuncio, el alcalde Pumarejo expres\u00f3 que para Barranquilla es un honor este reconocimiento de la comunidad internacional a la visi\u00f3n de construir una Biodiverciudad, especialmente por uno de los programas que m\u00e1s ha impactado la vida de los ciudadanos: \u2018Todos al Parque\u2019.<\/p>\n<p>\u201cEste es un reconocimiento no solo para el Distrito, sino para los miles de barranquilleros que cocrearon estos parques. \u00a0Estamos emocionados y tenemos mucho por aprender de este viaje, ahora que somos finalistas y hacemos parte de una red que quiere crear un mundo mejor a trav\u00e9s de acciones p\u00fablicas\u201d, manifest\u00f3 el mandatario distrital.<\/p>\n<p>Bajo la tem\u00e1tica \u2018Prosperando juntos en tiempos turbulentos\u2019, la organizaci\u00f3n recibi\u00f3 260 aplicaciones de 155 ciudades en 65 pa\u00edses, demostrando el compromiso y la creatividad para responder ante las necesidades del planeta.<\/p>\n<p>Luego de un proceso de selecci\u00f3n, la organizaci\u00f3n dio a conocer que Barranquilla est\u00e1 entre los proyectos urbanos semifinalistas junto a Par\u00eds (Francia), Odisha (India), Peshawar (Pakist\u00e1n) e Ilo\u00edlo (Filipinas), destacados por presentar propuestas innovadoras e inclusivas ante la incertidumbre, la disrupci\u00f3n y la crisis.<\/p>\n<p>Con el premio, WRI busca inspirar a los creadores de cambios urbanos en todo el mundo al elevar iniciativas pioneras, contar historias impactantes de transformaci\u00f3n urbana sostenible y crear una red de agentes de cambio.<\/p>\n<p>De acuerdo con la presidenta y directora ejecutiva de WRI, Ani Dasgupta, el premio es especial porque es un indicador de los desaf\u00edos que enfrentan las ciudades, lo que permite descubrir las respuestas m\u00e1s impactantes e innovadoras.<\/p>\n<p>\u201cSe reconocen las mejores ideas, trabajando a escala, y se celebra a las personas y los lugares que impulsan el cambio. Al sostener un liderazgo ejemplar, alentamos a la comunidad urbana global a luchar por la excelencia en sus propias ciudades\u201d, dijo.<\/p>\n<p>Los ganadores anteriores han demostrado la visi\u00f3n, la formaci\u00f3n de coaliciones y la perseverancia, que son clave para sostener el cambio y ampliar las lecciones aprendidas.<\/p>\n<p>En 2020-2021 se otorg\u00f3 a Rosario (Argentina), por su programa integral de agricultura urbana \u2018Producci\u00f3n Sostenible de Alimentos para una Rosario Resiliente\u2019. Entretanto, en 2019 fue otorgado a la organizaci\u00f3n sin \u00e1nimo de lucro Amend por su enfoque replicable de\u00a0<em>\u2018School Area Road Safety Assessment and Improvements (SARSAI)<\/em>\u2019, para crear viajes m\u00e1s seguros a la escuela para ni\u00f1os en Dar es Salaam y otras ciudades africanas.<\/p>\n<p>La postulaci\u00f3n del proyecto al Premio fue coordinada por la Oficina de Relaciones Internacionales de la Secretar\u00eda de Desarrollo Econ\u00f3mico, recogiendo la experiencia liderada por Gerencia de Ciudad, la Agencia Distrital de Infraestructura (ADI), Siembra Barranquilla y Puerta de Oro, Empresa de Desarrollo Caribe.<\/p>\n<p><strong>Un parque recuperado cada 800 metros<\/strong><\/p>\n<p>\u2018Todos al Parque\u2019\u00a0es una iniciativa que permite la transformaci\u00f3n de espacios urbanos para que los ciudadanos puedan disfrutar de ellos en familia.<\/p>\n<p>Barranquilla se ratifica como una ciudad de parques: el 91 % de las manzanas tiene un parque recuperado a menos de 800 metros de distancia. Eso quiere decir que la gran mayor\u00eda de los habitantes de la capital del Atl\u00e1ntico puede disfrutar de espacios para el deporte, la recreaci\u00f3n, la actividad f\u00edsica y social, sin tener que recorrer grandes distancias.<\/p>\n<p>A esto se ha llegado despu\u00e9s de un proceso que puso como prioridad la voluntad de las mismas comunidades, quienes son los que deciden qu\u00e9 tipo de parque quieren.<\/p>\n<p>Y este ha sido el modelo que se ha empleado para recuperar 252 parques: escuchando lo que la gente pide para su entorno. Es, por tanto, un proceso pedag\u00f3gico y llevado con un equipo interdisciplinario capacitado para atender los requerimientos, despejar dudas y brindar acompa\u00f1amiento durante todo el proceso de intervenci\u00f3n, que va desde su anuncio hasta su entrega.<\/p>\n<p><strong>Capital de las Biodiverciudades de Latinoam\u00e9rica<\/strong><\/p>\n<p>De manera simult\u00e1nea a la entrega del reconocimiento, Barranquilla, como fundadora de la Red de Biodiverciudades de Latinoam\u00e9rica y el Caribe, lider\u00f3 un panel para presentar experiencias de capitales de la regi\u00f3n que puedan convertirse en una referencia para otras ciudades del territorio y del mundo.<\/p>\n<p>El alcalde Pumarejo comparti\u00f3 este espacio con sus hom\u00f3logos de Loja (Ecuador), Patricia Picoita, y de Luj\u00e1n (Argentina), Leonardo Boto, quienes ratificaron su compromiso con la biodiversidad en l\u00ednea con el crecimiento econ\u00f3mico urbano y la inclusi\u00f3n social de sus habitantes.<\/p>\n<p>Asimismo, con\u00a0el gerente de Desarrollo Urbano y Econom\u00edas Creativas de la CAF, \u00c1ngel C\u00e1rdenas, y del viceministro de Ordenamiento Ambiental de Colombia, Nicol\u00e1s Galarza, as\u00ed como representantes del Instituto Humboldt, WEF y ProBogot\u00e1.<\/p>\n<p><strong>Barranquilla ingresa al Pacto Global de Alcaldes por el Clima y la Energ\u00eda<\/strong><\/p>\n<p>El alcalde Jaime Pumarejo adhiri\u00f3 oficialmente al Pacto Global de Alcaldes por el Clima y la Energ\u00eda (GCoM), la alianza global de ciudades y gobiernos locales comprometidos voluntariamente con la lucha contra el cambio clim\u00e1tico, reduciendo los impactos inevitables y facilitando el acceso a la energ\u00eda sostenible.<\/p>\n<p>En el marco del Foro Urbano Mundial, el coordinador del GCoM para la regi\u00f3n de Las Am\u00e9ricas, Jordan Harris, les dio la bienvenida a la capital del Atl\u00e1ntico y a Mej\u00eda (Ecuador), las dos nuevas ciudades que se suman a la mayor coalici\u00f3n de alcaldes y autoridades locales, con m\u00e1s de 10.000 comprometidos en m\u00e1s de 135 pa\u00edses alrededor del mundo, la cual es financiada por la Uni\u00f3n Europea.<\/p>\n<p>El mandatario expres\u00f3 que ser parte activa de la conversaci\u00f3n internacional permitir\u00e1 que los ciudadanos se concentren y concienticen de que tienen que ser parte de la soluci\u00f3n. \u201cLos ciudadanos urbanos tienen que entender que tienen un rol y que cada acci\u00f3n de ellos tiene un impacto en la naturaleza y en el cambio clim\u00e1tico. As\u00ed que estamos muy complacidos de hacer parte de este documento y de empezar a ser una sola voz con las m\u00e1s de 200 ciudades que hacen parte de esta red\u201d, dijo.<\/span><\/p>","protected":false},"excerpt":{"rendered":"<p>Barranquilla, la biodiverciudad de Colombia, fue escogida como una de las cinco ciudades finalistas del\u00a0Prize for Cities, que otorga el\u00a0World Resources Institute\u00a0como un reconocimiento\u00a0a los l\u00edderes que crean ciudades m\u00e1s sostenibles e inclusivas. El anuncio se realiz\u00f3 en el Foro Urbano Mundial, en Katowice (Polonia), en el que Barranquilla particip\u00f3 con el programa distrital \u2018Todos<\/p>","protected":false},"author":1,"featured_media":9659,"comment_status":"closed","ping_status":"closed","sticky":false,"template":"","format":"standard","meta":{"footnotes":""},"categories":[181],"tags":[],"class_list":["post-9658","post","type-post","status-publish","format-standard","has-post-thumbnail","hentry","category-noticias"],"views":101,"_links":{"self":[{"href":"https:\/\/www.amchambaq.com\/en\/wp-json\/wp\/v2\/posts\/9658","targetHints":{"allow":["GET"]}}],"collection":[{"href":"https:\/\/www.amchambaq.com\/en\/wp-json\/wp\/v2\/posts"}],"about":[{"href":"https:\/\/www.amchambaq.com\/en\/wp-json\/wp\/v2\/types\/post"}],"author":[{"embeddable":true,"href":"https:\/\/www.amchambaq.com\/en\/wp-json\/wp\/v2\/users\/1"}],"replies":[{"embeddable":true,"href":"https:\/\/www.amchambaq.com\/en\/wp-json\/wp\/v2\/comments?post=9658"}],"version-history":[{"count":1,"href":"https:\/\/www.amchambaq.com\/en\/wp-json\/wp\/v2\/posts\/9658\/revisions"}],"predecessor-version":[{"id":9660,"href":"https:\/\/www.amchambaq.com\/en\/wp-json\/wp\/v2\/posts\/9658\/revisions\/9660"}],"wp:featuredmedia":[{"embeddable":true,"href":"https:\/\/www.amchambaq.com\/en\/wp-json\/wp\/v2\/media\/9659"}],"wp:attachment":[{"href":"https:\/\/www.amchambaq.com\/en\/wp-json\/wp\/v2\/media?parent=9658"}],"wp:term":[{"taxonomy":"category","embeddable":true,"href":"https:\/\/www.amchambaq.com\/en\/wp-json\/wp\/v2\/categories?post=9658"},{"taxonomy":"post_tag","embeddable":true,"href":"https:\/\/www.amchambaq.com\/en\/wp-json\/wp\/v2\/tags?post=9658"}],"curies":[{"name":"wp","href":"https:\/\/api.w.org\/{rel}","templated":true}]}}