{"id":9633,"date":"2022-06-21T11:33:02","date_gmt":"2022-06-21T16:33:02","guid":{"rendered":"https:\/\/www.amchambaq.com\/?p=9633"},"modified":"2022-06-21T11:33:02","modified_gmt":"2022-06-21T16:33:02","slug":"carta-al-presidente-electo","status":"publish","type":"post","link":"https:\/\/www.amchambaq.com\/en\/carta-al-presidente-electo\/","title":{"rendered":"Carta al Presidente electo"},"content":{"rendered":"<div class=\"news analistas-opinionSect\">\n<div class=\"html-content\">\n<p>Se\u00f1or Presidente electo, los colombianos han votado por el cambio y, acorde a nuestra democracia, la mayor\u00eda deposit\u00f3 en usted la responsabilidad de gestionar ese cambio, gobernar para todos y por el bien com\u00fan.<\/p>\n<p>Los electores pidieron cambio en la forma de hacer pol\u00edtica, de garantizar la transparencia de la administraci\u00f3n p\u00fablica, para que haya m\u00e1s equidad e inclusi\u00f3n sin politiquer\u00eda ni corrupci\u00f3n; y le dieron un voto de confianza para que resguarde la institucionalidad del estado, la tranquilidad ciudadana y la estabilidad del pa\u00eds.<\/p>\n<p>Igualmente, importante es reconocer que no es de cero que comienza su gesti\u00f3n. El pa\u00eds ha avanzado, por lo que un cambio no es cambiar por cambiar, hay que construir sobre lo construido, con grandeza y humildad evaluar que acciones debe emprender su Gobierno para mantener lo que est\u00e1 bien, mejorar lo mejorable, ofrecer nuevas propuestas frente a lo que nos mantiene insatisfechos como sociedad y estancados en el desarrollo econ\u00f3mico.<\/p>\n<p>El cambio que claman los colombianos, se\u00f1or Presidente electo, es porque necesitan seguridad, educaci\u00f3n, salud, techo y comida, necesitan un trabajo respetable y oportunidades que les permitan progresar. No se quieren aventuras ni sorpresas.<\/p>\n<p>Ese cambio se logra con cohesi\u00f3n social, con el apoyo a las empresas, con emprendimiento, sin menoscabo de los derechos ni de las libertades. Los presidentes llegan sin varita m\u00e1gica, por lo que a partir del 7 de agosto solo su determinaci\u00f3n, persistencia, compromiso y sensatez nos permitir\u00e1n a todos tener un mejor pa\u00eds en 2026.<\/p>\n<p>Es un cambio que necesita de reformas: al sistema tributario, a la educaci\u00f3n, a la justicia y un largo etc\u00e9tera, puesto que debemos ponernos a tono con la realidad mundial, con las urgencias nacionales: la estabilidad y la prosperidad de millones de personas pueden estar en sus manos.<\/p>\n<p>Pero, sobre todo, el cambio debe ir orientado a convocar a la uni\u00f3n nacional, espantar los rencores, forjar la confianza en el di\u00e1logo social, para que de all\u00ed surjan propuestas y no resquemores, para que todos los electores tengan espacios para sus quejas, para sus dudas y temores, para que del entendimiento surjan las acciones que garanticen oportunidades para todos y la unidad nacional.<\/p>\n<p>Hoy Colombia necesita de una uni\u00f3n que nos permitir\u00e1 trabajar conjuntamente en los prop\u00f3sitos y necesidades de la naci\u00f3n, superar la polarizaci\u00f3n, la confrontaci\u00f3n y poner fin a la guerra sucia, al dominio de las bandas criminales, a la impunidad de los corruptos. Y quien debe liderar es usted, se\u00f1or Presidente electo, con la fuerza de un pa\u00eds unido, con un prop\u00f3sito y con un futuro. Hoy lo que m\u00e1s importa a los colombianos es que usted lleve esta naci\u00f3n a puerto seguro, con sentido de responsabilidad, que contribuya a dejar atr\u00e1s la contienda, los desmanes y las imprudencias, y sustituirlos por una mano tendida que ofrezca lo que usted prometi\u00f3 en campa\u00f1a: gobernar para todos los colombianos, sin odios, sin revanchismos.<\/p>\n<p>Esta carta abierta se escribe a tres d\u00edas de la segunda vuelta presidencial, pero puede ser la misma para cualquiera de los dos finalistas, porque si bien ambos tienen estilos muy especiales e ideas originales, y llegaron como consecuencia de unos planteamientos disruptivos, tambi\u00e9n ambos se comprometieron con el di\u00e1logo nacional que a\u00f1oramos los colombianos. Ojal\u00e1 sea cierto.<\/p>\n<\/div>\n<\/div>\n<div class=\"mt-5\">Tomado de: AMCHAM COLOMBIA<\/div>","protected":false},"excerpt":{"rendered":"<p>Se\u00f1or Presidente electo, los colombianos han votado por el cambio y, acorde a nuestra democracia, la mayor\u00eda deposit\u00f3 en usted la responsabilidad de gestionar ese cambio, gobernar para todos y por el bien com\u00fan. Los electores pidieron cambio en la forma de hacer pol\u00edtica, de garantizar la transparencia de la administraci\u00f3n p\u00fablica, para que haya<\/p>","protected":false},"author":1,"featured_media":9130,"comment_status":"closed","ping_status":"closed","sticky":false,"template":"","format":"standard","meta":{"footnotes":""},"categories":[181],"tags":[],"class_list":["post-9633","post","type-post","status-publish","format-standard","has-post-thumbnail","hentry","category-noticias"],"views":93,"_links":{"self":[{"href":"https:\/\/www.amchambaq.com\/en\/wp-json\/wp\/v2\/posts\/9633","targetHints":{"allow":["GET"]}}],"collection":[{"href":"https:\/\/www.amchambaq.com\/en\/wp-json\/wp\/v2\/posts"}],"about":[{"href":"https:\/\/www.amchambaq.com\/en\/wp-json\/wp\/v2\/types\/post"}],"author":[{"embeddable":true,"href":"https:\/\/www.amchambaq.com\/en\/wp-json\/wp\/v2\/users\/1"}],"replies":[{"embeddable":true,"href":"https:\/\/www.amchambaq.com\/en\/wp-json\/wp\/v2\/comments?post=9633"}],"version-history":[{"count":1,"href":"https:\/\/www.amchambaq.com\/en\/wp-json\/wp\/v2\/posts\/9633\/revisions"}],"predecessor-version":[{"id":9634,"href":"https:\/\/www.amchambaq.com\/en\/wp-json\/wp\/v2\/posts\/9633\/revisions\/9634"}],"wp:featuredmedia":[{"embeddable":true,"href":"https:\/\/www.amchambaq.com\/en\/wp-json\/wp\/v2\/media\/9130"}],"wp:attachment":[{"href":"https:\/\/www.amchambaq.com\/en\/wp-json\/wp\/v2\/media?parent=9633"}],"wp:term":[{"taxonomy":"category","embeddable":true,"href":"https:\/\/www.amchambaq.com\/en\/wp-json\/wp\/v2\/categories?post=9633"},{"taxonomy":"post_tag","embeddable":true,"href":"https:\/\/www.amchambaq.com\/en\/wp-json\/wp\/v2\/tags?post=9633"}],"curies":[{"name":"wp","href":"https:\/\/api.w.org\/{rel}","templated":true}]}}