{"id":9616,"date":"2022-06-13T08:54:43","date_gmt":"2022-06-13T13:54:43","guid":{"rendered":"https:\/\/www.amchambaq.com\/?p=9616"},"modified":"2022-06-13T08:54:43","modified_gmt":"2022-06-13T13:54:43","slug":"la-politica-de-comercio-exterior-del-pais-debe-seguir-mincomercio","status":"publish","type":"post","link":"https:\/\/www.amchambaq.com\/en\/la-politica-de-comercio-exterior-del-pais-debe-seguir-mincomercio\/","title":{"rendered":"\u201cLa pol\u00edtica de comercio exterior del pa\u00eds debe seguir\u201d: Mincomercio"},"content":{"rendered":"<p>El pa\u00eds debe seguir trabajando por la reactivaci\u00f3n y el crecimiento econ\u00f3mico, independiente de qui\u00e9n sea elegido en la segunda vuelta, asegur\u00f3 la ministra de Comercio, Industria y Turismo,\u00a0<strong>Mar\u00eda Ximena Lombana.<\/strong><\/p>\n<p>\u201cHay una pol\u00edtica de comercio exterior y es necesario seguir con la senda de las exportaciones no minero energ\u00e9ticas que fueron jalonadoras de la reactivaci\u00f3n y el crecimiento\u201d, indic\u00f3.<\/p>\n<p>De igual manera se debe continuar con el impulso al<strong>\u00a0desarrollo empresarial\u00a0<\/strong>y a la formalizaci\u00f3n, labor que se complementa con la operaci\u00f3n de la ventanilla \u00fanica empresarial en las c\u00e1maras de comercio del pa\u00eds que ayuda a la creaci\u00f3n y formalizaci\u00f3n de las sociedades de diferentes tama\u00f1os.<\/p>\n<p>Adicionalmente, en las regiones se desarrolla un trabajo para el fortalecimiento de los cl\u00fasteres con el prop\u00f3sito de seguir sum\u00e1ndolos a los\u00a0<strong>planes de internacionalizaci\u00f3n.<\/strong><\/p>\n<p>\u201cTambi\u00e9n est\u00e1 el sector del turismo que ha sido un gran jalonador en la reactivaci\u00f3n econ\u00f3mica con las pol\u00edticas de turismo sostenible, cultural y de infraestructura tur\u00edstica que permiten que las regiones sean m\u00e1s competitivas y puedan ofrecer un turismo sostenible\u201d, agreg\u00f3 en entrevista con\u00a0<a href=\"https:\/\/www.elheraldo.co\/\" target=\"_blank\" rel=\"noopener\">EL HERALDO.<\/a><\/p>\n<p>La ministra Lombana dijo que se ha realizado un gran esfuerzo para consolidar la reactivaci\u00f3n, el cual tiene resultados tangibles. Para mantenerlos es indispensable seguir con las\u00a0<strong>pol\u00edticas de Estado<\/strong>\u00a0en materia de internacionalizaci\u00f3n, desarrollo empresarial y turismo sostenible y responsable.<\/p>\n<div class=\"field-item odd\">\n<div class=\"content-titulo\">\n<div class=\"titulo\"><strong>Exportaciones hist\u00f3ricas<\/strong><\/div>\n<\/div>\n<\/div>\n<div class=\"field-item even\">\n<div class=\"entity entity-paragraphs-item paragraphs-item-descripcion\">\n<div class=\"content\">\n<div class=\"field field-name-field-descripcion field-type-text-long field-label-hidden\">\n<div class=\"field-items\">\n<div class=\"field-item even\">\n<p>La ministra dijo a su vez que el\u00a0<strong>Atl\u00e1ntico<\/strong>\u00a0tiene un comportamiento positivo en el marco de la reactivaci\u00f3n y que una de las actividades para resaltar del departamento son las exportaciones que registran aumentos hist\u00f3ricos.<\/p>\n<p>\u201cAtl\u00e1ntico est\u00e1 reportando las mayores exportaciones no minero energ\u00e9ticas de su historia. En 2021 export\u00f3 al mundo en bienes totales USD1.604 millones y si lo comparamos con el 2020 vemos un incremento del 33 %\u201d, se\u00f1al\u00f3.<\/p>\n<p>Destac\u00f3 que el 99 % de las exportaciones del departamento, es decir USD1.597,3 millones, son no\u00a0<strong>minero energ\u00e9ticas<\/strong>. Es el valor m\u00e1s alto en 30 a\u00f1os para el Atl\u00e1ntico.<\/p>\n<p>Adem\u00e1s, en el primer trimestre de este a\u00f1o, las exportaciones totales del departamento sumaron USD494 millones, representados especialmente en productos industriales como puertas, ventanas y marcos; qu\u00edmicos, fungicidas e insecticidas al igual que\u00a0<strong>aceite de palma en bruto<\/strong>, ropa de cocina y tocador, globos de l\u00e1tex y c\u00e1psulas de gel para medicamentos.<\/p>\n<p>Entre los principales destinos de las ventas externas se encuentran\u00a0<strong>Estados Unidos<\/strong>, China, Brasil, M\u00e9xico y Ecuador.<\/p>\n<p>Por estos resultados, Atl\u00e1ntico fue incluido como uno de los 11 departamentos exportadores que forman parte del piloto para aplicar las recomendaciones que present\u00f3 la misi\u00f3n de internacionalizaci\u00f3n en busca de que la econom\u00eda del pa\u00eds sea m\u00e1s abierta y\u00a0 que Colombia sea l\u00edder en exportaciones.<\/p>\n<p>Los gremios, autoridades locales y la\u00a0<strong>C\u00e1mara de Comercio de Barranquilla\u00a0<\/strong>(CCB) trabajar\u00e1n en la construcci\u00f3n del plan exportador en el que se focalizar\u00e1n los sectores con los que se promover\u00e1n\u00a0 las exportaciones.<\/p>\n<p>\u201cSe busca tener una pol\u00edtica p\u00fablica de internacionalizaci\u00f3n, pero con el foco regional que sean planes dise\u00f1ados por los departamentos dentro de las comisiones regionales de competitividad e innovaci\u00f3n en las que se construyan los planes exportadores\u201d, sostuvo la ministra.<\/p>\n<p>Es as\u00ed como se est\u00e1 preparando un \u00edndice de internacionalizaci\u00f3n por departamento para que cada uno haga la revisi\u00f3n de sus\u00a0<strong>propios criterios e indicadores.<\/strong><\/p>\n<p>\u201cEs claro el potencial que tiene el Atl\u00e1ntico en materia de\u00a0<strong>industria liviana<\/strong>, qu\u00edmica, construcci\u00f3n, confecciones y agroindustria, al igual que el turismo, especialmente de reuniones\u201d, agreg\u00f3.<\/p>\n<\/div>\n<\/div>\n<\/div>\n<\/div>\n<\/div>\n<\/div>\n<div class=\"field-item odd\">\n<div class=\"shares\"><\/div>\n<div class=\"content-titulo\">\n<div class=\"titulo\"><strong>Aprovecha los TLC<\/strong><\/div>\n<\/div>\n<\/div>\n<div class=\"field-item even\">\n<div class=\"entity entity-paragraphs-item paragraphs-item-descripcion\">\n<div class=\"content\">\n<div class=\"field field-name-field-descripcion field-type-text-long field-label-hidden\">\n<div class=\"field-items\">\n<div class=\"field-item even\">\n<p>Sostuvo que en los 10 a\u00f1os del\u00a0<strong>Tratado de Libre Comercio<\/strong>\u00a0(TLC) con Estados Unidos, Atl\u00e1ntico ha sido ganador, pues las exportaciones del departamento hacia este destino han tenido un\u00a0<strong>crecimiento del 4 % anual.<\/strong><\/p>\n<p>As\u00ed pas\u00f3 de vender USD193 millones a Estados Unidos a USD518 millones en 2021. Adem\u00e1s, Atl\u00e1ntico cuenta con la tercera participaci\u00f3n m\u00e1s importante en la canasta exportadora no minero energ\u00e9tica de Colombia hacia este pa\u00eds.<\/p>\n<p>\u201cHay oportunidades de mejorar y<strong>\u00a0grandes desaf\u00edos<\/strong>\u00a0para aprovechar de mejor forma este instrumento, pero claramente este departamento ha sabido aprovechar el TLC\u201d, precis\u00f3.<\/p>\n<\/div>\n<\/div>\n<\/div>\n<\/div>\n<\/div>\n<\/div>\n<div class=\"field-item odd\">\n<div class=\"shares\"><\/div>\n<div class=\"content-titulo\">\n<div class=\"titulo\"><strong>Retos para exportar<\/strong><\/div>\n<\/div>\n<\/div>\n<div class=\"field-item even\">\n<div class=\"entity entity-paragraphs-item paragraphs-item-descripcion\">\n<div class=\"content\">\n<div class=\"field field-name-field-descripcion field-type-text-long field-label-hidden\">\n<div class=\"field-items\">\n<div class=\"field-item even\">\n<p>La ministra Lombana dijo que uno de los grandes retos del Atl\u00e1ntico para seguir aumentando sus exportaciones est\u00e1 relacionado con la\u00a0<strong>productividad<\/strong>, pues en la medida que esta aumente se podr\u00e1n aprovechar los 17 acuerdos comerciales vigentes que tiene el pa\u00eds.<\/p>\n<p>Otro desaf\u00edo es el fortalecimiento de los encadenamientos productivos con proveedores que en su mayor\u00eda son micros y peque\u00f1as empresas, que son acompa\u00f1adas para que puedan contar con el volumen necesario y con las certificaciones de calidad para exportar y acceder a\u00a0<strong>nuevos mercados.\u00a0<\/strong><\/p>\n<p>Esta labor se adelanta con\u00a0<strong>Colombia Productiva y con ProColombia<\/strong>\u00a0a trav\u00e9s del programa F\u00e1bricas de Internacionalizaci\u00f3n que acompa\u00f1a a las empresas en los procesos de exportaci\u00f3n.<\/p>\n<p>Con la iniciativa<strong>\u00a0F\u00e1bricas de Productividad\u00a0<\/strong>que se desarrolla con las c\u00e1maras de comercio del pa\u00eds, tambi\u00e9n se ofrece asistencia t\u00e9cnica a las empresas para mejorar su productividad en diferentes aspectos.<\/p>\n<p>&nbsp;<\/p>\n<div class=\"field-item odd\">\n<div class=\"content-titulo\">\n<div class=\"titulo\"><strong>Barranquilla es referente en la formalizaci\u00f3n<\/strong><\/div>\n<\/div>\n<\/div>\n<div class=\"field-item even\">\n<div class=\"entity entity-paragraphs-item paragraphs-item-descripcion\">\n<div class=\"content\">\n<div class=\"field field-name-field-descripcion field-type-text-long field-label-hidden\">\n<div class=\"field-items\">\n<div class=\"field-item even\">\n<p>La ministra de Comercio, Industria y Turismo, Mar\u00eda Ximena Lombana, dijo que para el Gobierno nacional\u00a0<strong>Barranquilla<\/strong>\u00a0es referente en el apoyo a los trabajadores informales. Destac\u00f3 los avances de la ruta de formalizaci\u00f3n de comerciantes del Centro Hist\u00f3rico del Distrito, que ha contemplado la formaci\u00f3n y acompa\u00f1amiento integral para la sostenibilidad de sus negocios. La iniciativa ha beneficiado a m\u00e1s de 2.500 micronegocios y se han desembolsado 234 microcr\u00e9ditos condonables. \u201cRecientes indicadores del\u00a0<strong>DANE<\/strong>\u00a0ratifican que la reactivaci\u00f3n en Barranquilla avanza con pasos firmes y esto incide en las mejoras en materia de formalizaci\u00f3n\u201d, se\u00f1al\u00f3.<\/p>\n<p>La ministra destac\u00f3 los avances en<strong>\u00a0reducci\u00f3n de la tasa de desempleo<\/strong>\u00a0y de informalidad laboral en la ciudad.<\/p>\n<p>En cuanto a la formalizaci\u00f3n en el sector turismo, se\u00f1al\u00f3 que datos del\u00a0<strong>Registro Nacional de Turismo<\/strong>\u00a0(RNT) indican que en lo corrido del 2022 se encuentran activos 1.189 prestadores de servicios tur\u00edsticos en el Atl\u00e1ntico, correspondiente a un 92,2 % de los que estuvieron activos en 2019, antes de la pandemia.<\/p>\n<p>Tomado de: EL HERALDO<\/p>\n<\/div>\n<\/div>\n<\/div>\n<\/div>\n<\/div>\n<\/div>\n<div class=\"field-item odd\">\n<div id=\"relacionado-body\">\n<div class=\"box-title\"><\/div>\n<\/div>\n<\/div>\n<\/div>\n<\/div>\n<\/div>\n<\/div>\n<\/div>\n<\/div>","protected":false},"excerpt":{"rendered":"<p>El pa\u00eds debe seguir trabajando por la reactivaci\u00f3n y el crecimiento econ\u00f3mico, independiente de qui\u00e9n sea elegido en la segunda vuelta, asegur\u00f3 la ministra de Comercio, Industria y Turismo,\u00a0Mar\u00eda Ximena Lombana. \u201cHay una pol\u00edtica de comercio exterior y es necesario seguir con la senda de las exportaciones no minero energ\u00e9ticas que fueron jalonadoras de la<\/p>","protected":false},"author":1,"featured_media":9617,"comment_status":"closed","ping_status":"closed","sticky":false,"template":"","format":"standard","meta":{"footnotes":""},"categories":[181],"tags":[],"class_list":["post-9616","post","type-post","status-publish","format-standard","has-post-thumbnail","hentry","category-noticias"],"views":75,"_links":{"self":[{"href":"https:\/\/www.amchambaq.com\/en\/wp-json\/wp\/v2\/posts\/9616","targetHints":{"allow":["GET"]}}],"collection":[{"href":"https:\/\/www.amchambaq.com\/en\/wp-json\/wp\/v2\/posts"}],"about":[{"href":"https:\/\/www.amchambaq.com\/en\/wp-json\/wp\/v2\/types\/post"}],"author":[{"embeddable":true,"href":"https:\/\/www.amchambaq.com\/en\/wp-json\/wp\/v2\/users\/1"}],"replies":[{"embeddable":true,"href":"https:\/\/www.amchambaq.com\/en\/wp-json\/wp\/v2\/comments?post=9616"}],"version-history":[{"count":1,"href":"https:\/\/www.amchambaq.com\/en\/wp-json\/wp\/v2\/posts\/9616\/revisions"}],"predecessor-version":[{"id":9618,"href":"https:\/\/www.amchambaq.com\/en\/wp-json\/wp\/v2\/posts\/9616\/revisions\/9618"}],"wp:featuredmedia":[{"embeddable":true,"href":"https:\/\/www.amchambaq.com\/en\/wp-json\/wp\/v2\/media\/9617"}],"wp:attachment":[{"href":"https:\/\/www.amchambaq.com\/en\/wp-json\/wp\/v2\/media?parent=9616"}],"wp:term":[{"taxonomy":"category","embeddable":true,"href":"https:\/\/www.amchambaq.com\/en\/wp-json\/wp\/v2\/categories?post=9616"},{"taxonomy":"post_tag","embeddable":true,"href":"https:\/\/www.amchambaq.com\/en\/wp-json\/wp\/v2\/tags?post=9616"}],"curies":[{"name":"wp","href":"https:\/\/api.w.org\/{rel}","templated":true}]}}