{"id":9613,"date":"2022-06-13T08:47:49","date_gmt":"2022-06-13T13:47:49","guid":{"rendered":"https:\/\/www.amchambaq.com\/?p=9613"},"modified":"2022-06-13T08:47:49","modified_gmt":"2022-06-13T13:47:49","slug":"los-ceo-de-colombia-optimistas-por-cumbre-de-las-americas","status":"publish","type":"post","link":"https:\/\/www.amchambaq.com\/en\/los-ceo-de-colombia-optimistas-por-cumbre-de-las-americas\/","title":{"rendered":"Los CEO de Colombia, optimistas por Cumbre de las Am\u00e9ricas"},"content":{"rendered":"<p><b>La pasada IX Cumbre de las Am\u00e9ricas <\/b>no solo fue un encuentro de los presidentes de la regi\u00f3n, sino que tambi\u00e9n sirvi\u00f3 de plataforma para que los l\u00edderes de las empresas m\u00e1s grandes del continente (y del mundo) se citaran y\u00a0<b>debatieran sobre los compromisos y retos del sector privado<\/b>\u00a0en los a\u00f1os que est\u00e1n por venir.<\/p>\n<p id=\"pnull-m200-3-201\" class=\"parrafo\">Adem\u00e1s de la delegaci\u00f3n oficial encabezada por el presidente Iv\u00e1n Duque, la vicepresidente\u00a0<b>Marta Luc\u00eda Ram\u00edrez<\/b>\u00a0y el gabinete ministerial, Colombia tambi\u00e9n cont\u00f3 con la representaci\u00f3n de un grupo l\u00edderes empresariales, encabezados por<b>\u00a0Bruce Mac Master,<\/b>\u00a0el presidente de la Andi;\u00a0<b>Paola Buend\u00eda,<\/b>\u00a0vicepresidente ejecutiva de este gremio y\u00a0<b>Mar\u00eda Claudia Lacouture,<\/b>\u00a0directora de la C\u00e1mara de Comercio Colombo Americana (AmCham Colombia).<\/p>\n<p>Con ellos tambi\u00e9n estuvieron<b>\u00a0M\u00f3nica Contreras,\u00a0<\/b>presidente de la Transportadora de Gas Internacional (TGI);\u00a0<b>Mart\u00edn Ibarra,<\/b>\u00a0presidente de la consultora Ara\u00fajo Ibarra;<b>\u00a0Juan Carlos Mora,<\/b>\u00a0presidente de Bancolombia;<b>\u00a0Yaneth Giha,<\/b>\u00a0directora ejecutiva de Fifarma;\u00a0<b>Mar\u00eda Paula Duque,<\/b>\u00a0l\u00edder de sostenibilidad de Microsoft para Latinoam\u00e9rica;\u00a0<b>Claudia Uribe,<\/b>\u00a0jefa para Am\u00e9rica Latina y el Caribe de el Centro del Comercio Internacional;\u00a0<b>Eduardo Jaramillo,\u00a0<\/b>CEO de General Electric Colombia;\u00a0<b>Sergio Mart\u00ednez,\u00a0<\/b>el CEO de Keralty, casa matriz de Colsanitas y la alcaldesa de Bogot\u00e1,\u00a0<b>Claudia L\u00f3pez.<\/b><\/p>\n<p id=\"pnull-m295-3-296\" class=\"parrafo\">Al respecto, Mar\u00eda Claudia Lacouture, dijo a Portafolio que en esta oportunidad \u201c<i>ha sido muy gratificante corroborar el real compromiso del sector empresarial con el desarrollo social de las naciones. Se siente una renovada voluntad motivada en parte por las lecciones dejadas por la pandemia<\/i>\u201d.<\/p>\n<p>\u201c<i>El sector privado entiende que su compromiso va mucho m\u00e1s all\u00e1 de sus objetivos de negocio y que en la medida que se involucre de manera m\u00e1s activa en los otros asuntos que afectan a la humanidad contribuir\u00e1 a fortalecer las econom\u00edas y consolidar un desarrollo sostenible<\/i>\u201d, agreg\u00f3.<\/p>\n<p>Es preciso apuntar que gran parte de estos eventos empresariales se desarrollaron en el marco de la IV Cumbre de CEO de las Am\u00e9ricas, que tuvo lugar paralelamente al evento presidencial.<\/p>\n<p>A su turno,\u00a0<b>Mart\u00edn Ibarra,<\/b>\u00a0resalt\u00f3 momentos, a su juicio, claves de la cumbre empresarial, como el discurso del presidente de Chile,\u00a0<b>Gabriel Boric,\u00a0<\/b>donde garantiz\u00f3 los compromisos empresariales de su pa\u00eds y la intervenci\u00f3n de la vicepresidente\u00a0<b>Kamala Harris,<\/b>\u00a0de Estados Unidos, aportando sobre las inversiones sociales para apoyar a cerrar las brechas sociales en las Am\u00e9ricas.<\/p>\n<p>Tambi\u00e9n, en su condici\u00f3n de representante de la\u00a0<b>Asociaci\u00f3n de Zonas Francas de Am\u00e9rica Latina (Azfa),\u00a0<\/b>Ibarra tambi\u00e9n resalt\u00f3 el anuncio del BID sobre la llegada de m\u00e1s de US$70.000 millones a la regi\u00f3n por efectos del nearshoring en el futuro cercano.<\/p>\n<p>\u201c<i>Resaltar\u00eda que se volvieron otra vez a hablar los gobiernos de Am\u00e9rica. Eso hay que subrayarlo. El futuro de la relaci\u00f3n entre Estados Unidos y el resto de Am\u00e9rica tiene que fortalecerse y es una acci\u00f3n mancomunada de todos los sectores de la regi\u00f3n<\/i>\u201d, apunt\u00f3 Mart\u00edn Ibarra.<\/p>\n<p>En charla con Portafolio,\u00a0<b>M\u00f3nica Contreras,<\/b>\u00a0presidente de TGI, destac\u00f3 varios de los t\u00f3picos que se trataron en el evento, como el fortalecimiento de la cooperaci\u00f3n y relaci\u00f3n en la regi\u00f3n y la agenda clim\u00e1tica.<\/p>\n<p>\u201c<i>Creo que el mensaje claro es que pese a todo lo que est\u00e1 sucediendo, por ejemplo la pandemia y la guerra en Ucrania, lo que no podemos es bajar el ritmo que se trae en los avances que tenemos como sociedad<\/i>\u201d, apunt\u00f3 Contreras.<\/p>\n<p>La ejecutiva repas\u00f3 el reconocimiento que se le entreg\u00f3 a Colombia por c\u00f3mo ha desarrollado su pol\u00edtica de transici\u00f3n energ\u00e9tica y la agenda clim\u00e1tica.<\/p>\n<p>\u201c<i>Me parece importante resaltar la disposici\u00f3n de Estados Unidos en tomar acciones para avanzar en la reducci\u00f3n de todas las brechas digitales y de seguridad energ\u00e9tica que se necesiten dentro el hemisferio<\/i>\u201d, se\u00f1al\u00f3 la empresaria.<\/p>\n<p>M\u00f3nica Contreras tambi\u00e9n enfatiz\u00f3 en que \u201c<i>estos cambios de acci\u00f3n clim\u00e1tica los tenemos que hacer en un ambiente de cooperaci\u00f3n p\u00fablico-privada. No se puede hacer solos, se necesitan apoyos mutuos para que realmente se generen los empleos que tambi\u00e9n ayudan a retener a la migraci\u00f3n en sus pa\u00edses y apoyar a crecer juntos<\/i>\u201d.<\/p>\n<p id=\"pnull-m295-3-296\" class=\"parrafo\"><b>Bruce Mac Master,\u00a0<\/b>presidente de la Andi, particip\u00f3 en uno de los p\u00e1neles del segundo d\u00eda del evento de los l\u00edderes empresariales de la regi\u00f3n.<\/p>\n<p>Durante su intervenci\u00f3n, el l\u00edder gremial colombiano se\u00f1al\u00f3 la importancia de que de las conversaciones empresariales a cualquier nivel con el objetivo de avanzar en la construcci\u00f3n de una mayor competitividad e integraci\u00f3n comercial en las Am\u00e9ricas.<\/p>\n<div id=\"pnull-m254-3-255\" class=\"highlighted\">\n<div id=\"m259-258-260\" class=\"tiemposBold3\">Buenas pr\u00e1cticas<\/div>\n<\/div>\n<p id=\"pnull-m268-4-269\" class=\"parrafo\">Se lanz\u00f3 la\u00a0<b>&#8216;Declaraci\u00f3n de la IX Cumbre de las Am\u00e9ricas sobre Buenas Pr\u00e1cticas Regulatorias&#8217;,<\/b>\u00a0una iniciativa a la que se sum\u00f3 Colombia y cuyo prop\u00f3sito es facilitar el comercio, la inversi\u00f3n y el crecimiento econ\u00f3mico del pa\u00eds.<\/p>\n<p>Con esta nueva declaraci\u00f3n,, Colombia se compromete a\u00a0<b>promover la rendici\u00f3n de cuentas y generar confianza en la gobernabilidad, apoyar un marco para el crecimiento inclusivo, mejorar los procesos regulatorios y la calidad de las regulaciones, estimular la promoci\u00f3n, fortalecer la competitividad regional,<\/b>\u00a0entre otros aspectos.<\/p>\n<p>Tomado de: PORTAFOLIO<\/p>","protected":false},"excerpt":{"rendered":"<p>La pasada IX Cumbre de las Am\u00e9ricas no solo fue un encuentro de los presidentes de la regi\u00f3n, sino que tambi\u00e9n sirvi\u00f3 de plataforma para que los l\u00edderes de las empresas m\u00e1s grandes del continente (y del mundo) se citaran y\u00a0debatieran sobre los compromisos y retos del sector privado\u00a0en los a\u00f1os que est\u00e1n por venir.<\/p>","protected":false},"author":1,"featured_media":9614,"comment_status":"closed","ping_status":"closed","sticky":false,"template":"","format":"standard","meta":{"footnotes":""},"categories":[181],"tags":[],"class_list":["post-9613","post","type-post","status-publish","format-standard","has-post-thumbnail","hentry","category-noticias"],"views":63,"_links":{"self":[{"href":"https:\/\/www.amchambaq.com\/en\/wp-json\/wp\/v2\/posts\/9613","targetHints":{"allow":["GET"]}}],"collection":[{"href":"https:\/\/www.amchambaq.com\/en\/wp-json\/wp\/v2\/posts"}],"about":[{"href":"https:\/\/www.amchambaq.com\/en\/wp-json\/wp\/v2\/types\/post"}],"author":[{"embeddable":true,"href":"https:\/\/www.amchambaq.com\/en\/wp-json\/wp\/v2\/users\/1"}],"replies":[{"embeddable":true,"href":"https:\/\/www.amchambaq.com\/en\/wp-json\/wp\/v2\/comments?post=9613"}],"version-history":[{"count":1,"href":"https:\/\/www.amchambaq.com\/en\/wp-json\/wp\/v2\/posts\/9613\/revisions"}],"predecessor-version":[{"id":9615,"href":"https:\/\/www.amchambaq.com\/en\/wp-json\/wp\/v2\/posts\/9613\/revisions\/9615"}],"wp:featuredmedia":[{"embeddable":true,"href":"https:\/\/www.amchambaq.com\/en\/wp-json\/wp\/v2\/media\/9614"}],"wp:attachment":[{"href":"https:\/\/www.amchambaq.com\/en\/wp-json\/wp\/v2\/media?parent=9613"}],"wp:term":[{"taxonomy":"category","embeddable":true,"href":"https:\/\/www.amchambaq.com\/en\/wp-json\/wp\/v2\/categories?post=9613"},{"taxonomy":"post_tag","embeddable":true,"href":"https:\/\/www.amchambaq.com\/en\/wp-json\/wp\/v2\/tags?post=9613"}],"curies":[{"name":"wp","href":"https:\/\/api.w.org\/{rel}","templated":true}]}}