{"id":9592,"date":"2022-06-03T14:44:44","date_gmt":"2022-06-03T19:44:44","guid":{"rendered":"https:\/\/www.amchambaq.com\/?p=9592"},"modified":"2022-06-03T14:44:44","modified_gmt":"2022-06-03T19:44:44","slug":"duque-celebra-200-anos-de-relaciones-bilaterales-con-ee-uu","status":"publish","type":"post","link":"https:\/\/www.amchambaq.com\/en\/duque-celebra-200-anos-de-relaciones-bilaterales-con-ee-uu\/","title":{"rendered":"Duque celebra 200 a\u00f1os de relaciones bilaterales con EE. UU."},"content":{"rendered":"<p><b>El Presidente de la Rep\u00fablica, Iv\u00e1n Duque M\u00e1rquez, inici\u00f3 una nueva visita oficial a Estados Unidos<\/b>, en el marco del bicentenario de las relaciones bilaterales entre los dos pa\u00edses. Dicha conmemoraci\u00f3n se realiza en el John F. Kennedy Center Washington.<\/p>\n<p>Entre los principales puntos del encuentro cultural est\u00e1 la condecoraci\u00f3n a excongresistas y exfuncionarios estadounidenses por su contribuci\u00f3n a las relaciones entre los dos pa\u00edses.<\/p>\n<p id=\"p566326-m1007-4-1008\" class=\"parrafo\">Durante la ma\u00f1ana,\u00a0<b>el Mandatario mantuvo un encuentro con el Secretario General de la Organizaci\u00f3n de Estados Americanos (OEA), Luis Almagro<\/b>, en la capital de EE.UU., en este encuentro se discuti\u00f3 sobre la Cumbre de las Am\u00e9ricas, que se celebra del 6 al 10 de junio en Los \u00c1ngeles (EE.UU.), y de la Carta Empresarial propuesta por el Mandatario colombiano en 2019 para el desarrollo de la regi\u00f3n.<\/p>\n<p id=\"p566326-m1013-5-1014\" class=\"parrafo\">\u201cDialogamos sobre la defensa de la democracia en la regi\u00f3n, entrega de 1 mill\u00f3n de tarjetas del Estatuto de Protecci\u00f3n Temporal, lucha contra la crisis clim\u00e1tica y la Misi\u00f3n de Observaci\u00f3n Electoral\u201d dijo el presidente al t\u00e9rmino del encuentro.<\/p>\n<p id=\"p566326-m1019-6-1020\" class=\"parrafo\">Duque tambi\u00e9n se reunir\u00e1 en la Embajada de Colombia con Eric Farnsworth, vicepresidente de Americas Society\/Council of the Americas, una organizaci\u00f3n empresarial, fundada por David Rockefeller en 1963 y cuyo prop\u00f3sito es promover el libre comercio, la democracia y los mercados en la regi\u00f3n.<\/p>\n<p id=\"p566326-m1025-7-1026\" class=\"parrafo\">Dentro de su agenda para este jueves el Presidente tambi\u00e9n se reunir\u00e1 con Ian de Cruz, director Global de P4G, aceleradora y financiadora de proyectos y soluciones verdes y con la directora del Fondo Monetario Internacional, Kristalina Georgieva, a quien agradecer\u00e1 el apoyo al desarrollo colombiano y tambi\u00e9n por la renovaci\u00f3n de la l\u00ednea de cr\u00e9dito flexible.<\/p>\n<p id=\"p566326-m1031-8-1032\" class=\"parrafo\">El viernes, participar\u00e1 en la Conferencia de Alcaldes de Estados Unidos, que se efect\u00faa en la ciudad de Reno, en el Estado de Nevada.<\/p>\n<p id=\"p566326-m1037-9-1038\" class=\"parrafo\">Tomado de: PORTAFOLIO<\/p>","protected":false},"excerpt":{"rendered":"<p>El Presidente de la Rep\u00fablica, Iv\u00e1n Duque M\u00e1rquez, inici\u00f3 una nueva visita oficial a Estados Unidos, en el marco del bicentenario de las relaciones bilaterales entre los dos pa\u00edses. Dicha conmemoraci\u00f3n se realiza en el John F. Kennedy Center Washington. Entre los principales puntos del encuentro cultural est\u00e1 la condecoraci\u00f3n a excongresistas y exfuncionarios estadounidenses<\/p>","protected":false},"author":1,"featured_media":9527,"comment_status":"closed","ping_status":"closed","sticky":false,"template":"","format":"standard","meta":{"footnotes":""},"categories":[181],"tags":[],"class_list":["post-9592","post","type-post","status-publish","format-standard","has-post-thumbnail","hentry","category-noticias"],"views":94,"_links":{"self":[{"href":"https:\/\/www.amchambaq.com\/en\/wp-json\/wp\/v2\/posts\/9592","targetHints":{"allow":["GET"]}}],"collection":[{"href":"https:\/\/www.amchambaq.com\/en\/wp-json\/wp\/v2\/posts"}],"about":[{"href":"https:\/\/www.amchambaq.com\/en\/wp-json\/wp\/v2\/types\/post"}],"author":[{"embeddable":true,"href":"https:\/\/www.amchambaq.com\/en\/wp-json\/wp\/v2\/users\/1"}],"replies":[{"embeddable":true,"href":"https:\/\/www.amchambaq.com\/en\/wp-json\/wp\/v2\/comments?post=9592"}],"version-history":[{"count":1,"href":"https:\/\/www.amchambaq.com\/en\/wp-json\/wp\/v2\/posts\/9592\/revisions"}],"predecessor-version":[{"id":9593,"href":"https:\/\/www.amchambaq.com\/en\/wp-json\/wp\/v2\/posts\/9592\/revisions\/9593"}],"wp:featuredmedia":[{"embeddable":true,"href":"https:\/\/www.amchambaq.com\/en\/wp-json\/wp\/v2\/media\/9527"}],"wp:attachment":[{"href":"https:\/\/www.amchambaq.com\/en\/wp-json\/wp\/v2\/media?parent=9592"}],"wp:term":[{"taxonomy":"category","embeddable":true,"href":"https:\/\/www.amchambaq.com\/en\/wp-json\/wp\/v2\/categories?post=9592"},{"taxonomy":"post_tag","embeddable":true,"href":"https:\/\/www.amchambaq.com\/en\/wp-json\/wp\/v2\/tags?post=9592"}],"curies":[{"name":"wp","href":"https:\/\/api.w.org\/{rel}","templated":true}]}}