{"id":9586,"date":"2022-06-02T11:12:51","date_gmt":"2022-06-02T16:12:51","guid":{"rendered":"https:\/\/www.amchambaq.com\/?p=9586"},"modified":"2022-06-02T11:12:51","modified_gmt":"2022-06-02T16:12:51","slug":"el-presidente-duque-llego-a-washington-y-se-reunira-con-funcionarios-de-la-oea-y-fmi","status":"publish","type":"post","link":"https:\/\/www.amchambaq.com\/en\/el-presidente-duque-llego-a-washington-y-se-reunira-con-funcionarios-de-la-oea-y-fmi\/","title":{"rendered":"El presidente Duque lleg\u00f3 a Washington y se reunir\u00e1 con funcionarios de la OEA y FMI"},"content":{"rendered":"<p>Hoy comienza la agenda del Presidente de la Rep\u00fablica, Iv\u00e1n Duque, en Estados Unidos.<\/p>\n<p>Duque encabezar\u00e1 hoy un el evento cultural de celebraci\u00f3n de los 200 a\u00f1os de las relaciones diplom\u00e1ticas de Colombia con Estados Unidos, que se encuentran en el nivel m\u00e1s alto en la historia de los dos pa\u00edses, en el John F. Kennedy Center Washington.<\/p>\n<p>El presidente saliente tambi\u00e9n entregar\u00e1 condecoraciones a excongresistas y exfuncionarios estadounidenses que contribuyeron a que las relaciones entre los dos pa\u00edses llegaran al punto al que hoy se encuentran. En la capital de EE.UU., el\u00a0<u>mandatario<\/u>\u00a0tendr\u00e1 encuentros con el Secretario General de la Organizaci\u00f3n de Estados Americanos (OEA), Luis Almagro, y directivos del Fondo Monetario Internacional (FMI).<\/p>\n<p>Durante su visita a Washington, Duque tambi\u00e9n entablar\u00e1 conversaciones con directivos de centros de pensamiento y estudios pol\u00edticos como Am\u00e9ricas Society\/Council of the Americas, y de la International Conservation Caucus Foundation, entidad educativa con sede en Washington, D.C. El viernes, se espera que el mandatario participe en la Conferencia de Gobernadores de Estados Unidos, la cual se llevar\u00e1 a cabo en la ciudad de Reno, Nevada.<\/p>\n<p>El mandatario viaja a la capital de Estados Unidos acompa\u00f1ado por la Primera Dama de la Naci\u00f3n, Mar\u00eda Juliana Ruiz; los ministros de Hacienda, Jos\u00e9 Manuel Restrepo; Comercio, Mar\u00eda<br \/>\nXimena Lombana, y Cultura, Ang\u00e9lica Mayolo; la Jefe de Gabinete de la Presidencia, Mar\u00eda Paula Correa, y la Presidenta de ProColombia, Flavia Santoro.<\/p>\n<p><strong>El nivel m\u00e1s alto<\/strong><br \/>\nLas relaciones entre Colombia y el pa\u00eds norteamericano, seg\u00fan la Casa de Nari\u00f1o, se encuentran en su nivel m\u00e1s alto. El Presidente Iv\u00e1n Duque se reuni\u00f3 en marzo pasado en Washington con el Mandatario estadounidense, Joe Biden, quien, en esa ocasi\u00f3n, anunci\u00f3 la declaratoria de Colombia como aliado estrat\u00e9gico No Otan (Organizaci\u00f3n del Tratado del Atl\u00e1ntico Norte) de los Estados Unidos.<\/p>\n<p>De esta forma, Colombia se ubica en el grupo de aliados de EE.UU. que tienen ventajas en materia financiera, de seguridad y de cooperaci\u00f3n. As\u00ed mismo, el mandatario se ha reunido en varias reuniones con los principales funcionarios de EE.UU., entre ellos el Secretario de Estado, Antony Blinken; el Enviado Especial para el Clima, John Kerry; la Subsecretaria de Estado para Asuntos Pol\u00edticos, Victoria Nuland, y el Asesor Adjunto de Seguridad Nacional, Daleep Singh.<\/p>\n<p>Tomado de: LA REP\u00daBLICA<\/p>","protected":false},"excerpt":{"rendered":"<p>Hoy comienza la agenda del Presidente de la Rep\u00fablica, Iv\u00e1n Duque, en Estados Unidos. Duque encabezar\u00e1 hoy un el evento cultural de celebraci\u00f3n de los 200 a\u00f1os de las relaciones diplom\u00e1ticas de Colombia con Estados Unidos, que se encuentran en el nivel m\u00e1s alto en la historia de los dos pa\u00edses, en el John F.<\/p>","protected":false},"author":1,"featured_media":9587,"comment_status":"closed","ping_status":"closed","sticky":false,"template":"","format":"standard","meta":{"footnotes":""},"categories":[181],"tags":[],"class_list":["post-9586","post","type-post","status-publish","format-standard","has-post-thumbnail","hentry","category-noticias"],"views":52,"_links":{"self":[{"href":"https:\/\/www.amchambaq.com\/en\/wp-json\/wp\/v2\/posts\/9586","targetHints":{"allow":["GET"]}}],"collection":[{"href":"https:\/\/www.amchambaq.com\/en\/wp-json\/wp\/v2\/posts"}],"about":[{"href":"https:\/\/www.amchambaq.com\/en\/wp-json\/wp\/v2\/types\/post"}],"author":[{"embeddable":true,"href":"https:\/\/www.amchambaq.com\/en\/wp-json\/wp\/v2\/users\/1"}],"replies":[{"embeddable":true,"href":"https:\/\/www.amchambaq.com\/en\/wp-json\/wp\/v2\/comments?post=9586"}],"version-history":[{"count":1,"href":"https:\/\/www.amchambaq.com\/en\/wp-json\/wp\/v2\/posts\/9586\/revisions"}],"predecessor-version":[{"id":9588,"href":"https:\/\/www.amchambaq.com\/en\/wp-json\/wp\/v2\/posts\/9586\/revisions\/9588"}],"wp:featuredmedia":[{"embeddable":true,"href":"https:\/\/www.amchambaq.com\/en\/wp-json\/wp\/v2\/media\/9587"}],"wp:attachment":[{"href":"https:\/\/www.amchambaq.com\/en\/wp-json\/wp\/v2\/media?parent=9586"}],"wp:term":[{"taxonomy":"category","embeddable":true,"href":"https:\/\/www.amchambaq.com\/en\/wp-json\/wp\/v2\/categories?post=9586"},{"taxonomy":"post_tag","embeddable":true,"href":"https:\/\/www.amchambaq.com\/en\/wp-json\/wp\/v2\/tags?post=9586"}],"curies":[{"name":"wp","href":"https:\/\/api.w.org\/{rel}","templated":true}]}}