{"id":9556,"date":"2022-05-31T10:23:27","date_gmt":"2022-05-31T15:23:27","guid":{"rendered":"https:\/\/www.amchambaq.com\/?p=9556"},"modified":"2022-05-31T10:23:27","modified_gmt":"2022-05-31T15:23:27","slug":"jovenes-emprendedores-barranquilleros-crecen-con-apoyo-de-ee-uu","status":"publish","type":"post","link":"https:\/\/www.amchambaq.com\/en\/jovenes-emprendedores-barranquilleros-crecen-con-apoyo-de-ee-uu\/","title":{"rendered":"J\u00f3venes emprendedores barranquilleros crecen con apoyo de EE. UU."},"content":{"rendered":"<p><strong>Deditos\u00a0<\/strong>integrales,\u00a0<strong>arepitas\u00a0<\/strong>de yuca y de cayeye elaborados en Barranquilla deleitaron con su sabor caribe al embajador de Estados Unidos en Colombia, Philip S. Goldberg, durante su visita a la planta de la empresa de alimentos saludables\u00a0<strong>Joyfuds<\/strong>.<\/p>\n<p>El diplom\u00e1tico estadounidense no perdi\u00f3 detalle de las t\u00e9cnicas con las que se preparan estas delicias saludables en el peque\u00f1o centro de producci\u00f3n que tiene esta empresa en la capital del Atl\u00e1ntico.<\/p>\n<p>Pero Goldberg no solo estaba en esta empresa para conocer su funcionamiento, el embajador quer\u00eda ver de primera mano el crecimiento que ha logrado la compa\u00f1\u00eda luego de que su gerente y fundador Jorge Cer\u00f3n, fuera seleccionado como becario en el programa J\u00f3venes L\u00edderes de las Am\u00e9ricas que desarrolla el<strong>\u00a0Gobierno de Estados Unidos<\/strong>.<\/p>\n<p>Crecimiento sostenido. El empresario Jorge Cer\u00f3n particip\u00f3 en la convocatoria en 2019 del programa<strong>\u00a0J\u00f3venes L\u00edderes de Las Am\u00e9ricas\u00a0<\/strong>y fue seleccionado, pero tras la llegada de la pandemia solo pudo comenzar su proceso en 2021.<\/p>\n<p>Asegura que esta\u00a0<strong>experiencia fue enriquecedora<\/strong>\u00a0y ha sido la clave para el crecimiento exponencial que ha logrado la empresa en los \u00faltimos 12 meses.<\/p>\n<p>\u201cMuchos de los aprendizajes y de las<strong>\u00a0buenas pr\u00e1cticas\u00a0<\/strong>que compartimos con el \u2018host\u2019 (mentor) fueron aplicadas dentro de nuestra compa\u00f1\u00eda, pero tambi\u00e9n pudimos aportarle a su empresa en Estados Unidos\u201d, se\u00f1al\u00f3.<\/p>\n<p>Aclar\u00f3 que a causa de la pandemia su experiencia fue\u00a0<strong>virtual<\/strong>, pero represent\u00f3 una importante fuente de nuevos conocimientos y aprendizajes.<\/p>\n<p>\u201cIgualmente fue un espacio de\u00a0<strong>networking\u00a0<\/strong>que nos permiti\u00f3 conectarnos con personas que nos han ayudado a mejorar las buenas pr\u00e1cticas y aplicar otras nuevas que nos han impulsaron a crecer exponencialmente en los \u00faltimos 12 meses\u201d, sostuvo.<\/p>\n<p>Cer\u00f3n record\u00f3 que su empresa comenz\u00f3 en 2018\u00a0con la elaboraci\u00f3n de\u00a0<strong>productos saludables\u00a0<\/strong>en la cocina de su casa.<\/p>\n<p>\u201cHab\u00eda pocas opciones para alimentarse saludablemente en\u00a0<strong>Barranquilla\u00a0<\/strong>y comenzamos pruebas y sacamos los primeros productos que fueron deditos integrales y arepas de yuca que vend\u00edamos a amigos y familiares\u201d, se\u00f1al\u00f3.<\/p>\n<p>Tras recibir una buena aceptaci\u00f3n de sus productos,<strong>\u00a0abrieron su mercado\u00a0<\/strong>a tiendas y establecimientos de alimentos saludables en la ciudad.<\/p>\n<p>Posteriormente, decidieron ampliar su portafolio de productos y\u00a0<strong>posicionar su marca<\/strong>. Actualmente llegan a 20 ciudades de Colombia con 100 puntos de ventas y ya entraron en los principales almacenes de cadena del pa\u00eds.<\/p>\n<p>\u201cEl crecimiento de la producci\u00f3n ha sido del 100%, semanalmente fabric\u00e1bamos<strong>\u00a0500 paquetes de productos<\/strong>\u00a0y ahora estamos en 1.500\u201d, agreg\u00f3.<\/p>\n<p>Joyfuds genera\u00a0<strong>10 empleos directos<\/strong>\u00a0y<strong>\u00a08 indirectos<\/strong>, mientras que el 80 % de sus proveedores son locales.<\/p>\n<p>Dentro de sus proyecciones est\u00e1n\u00a0<strong>expandir su mercado\u00a0<\/strong>y exportar sus productos por lo que tramita certificaci\u00f3n de calidad e inocuidad alimentaria, que es exigida por las cadenas en Estados Unidos para comercializar los productos en los puntos de venta.<\/p>\n<p>\u201cNuestra filosof\u00eda es elaborar productos de calidad usando\u00a0<strong>ingredientes\u00a0sanos<\/strong>,\u00a0<strong>naturales<\/strong>,\u00a0<strong>funcionales\u00a0<\/strong>y\u00a0<strong>simples<\/strong>, que se identifican f\u00e1cilmente al leer la etiqueta\u201d, agreg\u00f3 el empresario.<\/p>\n<div class=\"field-item odd\">\n<div class=\"content-titulo\">\n<div class=\"titulo\"><strong>J\u00f3venes l\u00edderes<\/strong><\/div>\n<\/div>\n<\/div>\n<div class=\"field-item even\">\n<div class=\"entity entity-paragraphs-item paragraphs-item-descripcion\">\n<div class=\"content\">\n<div class=\"field field-name-field-descripcion field-type-text-long field-label-hidden\">\n<div class=\"field-items\">\n<div class=\"field-item even\">\n<p>La iniciativa J\u00f3venes L\u00edderes de Las Am\u00e9ricas (YLAI, por sus siglas en ingl\u00e9s) est\u00e1 orientada a<strong>\u00a0j\u00f3venes emprendedores<\/strong>\u00a0que cuentan con empresas que tengan un componente social y vengan trabajando por al menos dos a\u00f1os.<\/p>\n<p>Quienes sean seleccionados en las<strong>\u00a0convocatorias anuales<\/strong>, podr\u00e1n viajar a Estados Unidos por unas cinco semanas para recibir mentor\u00edas y asesor\u00edas y participar en talleres de formaci\u00f3n que les ayudar\u00e1n al crecimiento de sus empresas.<\/p>\n<p>\u201cEs una especie de pasant\u00eda durante la que colaboran con emprendedores en\u00a0<strong>Estados Unidos<\/strong>\u00a0lo que les ofrece la oportunidad de conocer sus experiencias y poder implementarlas a su regreso a Colombia\u201d, explic\u00f3 Rachel Wilson, coordinadora de educaci\u00f3n superior de la Embajada de Estados Unidos en Colombia.<\/p>\n<p>Cada a\u00f1o se seleccionan\u00a0<strong>20 j\u00f3venes empresarios\u00a0<\/strong>de Colombia para que hagan parte de este programa que comenz\u00f3 en el pa\u00eds desde 2016. En este grupo siempre se han incluido a emprendedores de la\u00a0<strong>Costa Caribe<\/strong>.<\/p>\n<div class=\"field-item even\">\n<div class=\"entity entity-paragraphs-item paragraphs-item-descripcion\">\n<div class=\"content\">\n<div class=\"field field-name-field-descripcion field-type-text-long field-label-hidden\">\n<div class=\"field-items\">\n<div class=\"field-item even\">\n<p>\u201cEs una convocatoria anual y es abierta para que se<strong>\u00a0postulen en l\u00ednea\u00a0<\/strong>con la informaci\u00f3n personal, del emprendimiento y de las metas profesionales y proyecciones\u201d, detall\u00f3 la funcionaria.<\/p>\n<p>Se ha podido verificar que tras tomar parte de este programa, se presenta un crecimiento importante en el trabajo que desarrollan los participantes como resultado de la<strong>\u00a0aplicaci\u00f3n de lo aprendido<\/strong>\u00a0durante el proceso.<\/p>\n<p>Una vez forman parte de esta red de emprendedores, pueden acceder a convocatorias para\u00a0<strong>financiaci\u00f3n\u00a0<\/strong>o\u00a0<strong>recibir visitas<\/strong>\u00a0de sus mentores en las ciudades.<\/p>\n<p>En el marco de esta iniciativa se conform\u00f3 una red que se encuentra abierta y<strong>\u00a0sin costo\u00a0<\/strong>para los\u00a0 interesados, la cual ofrece diversos recursos acad\u00e9micos y entrenamientos relacionados con el desarrollo empresarial.<\/p>\n<p>Los miembros de la\u00a0<strong>Red YLAI<\/strong> pueden acceder a herramientas que abarcan desde modelos de negocio hasta fronteras. Al igual que a recursos digitales, mejores pr\u00e1cticas, nuevas ideas y estrategias para desarrollar organizaciones exitosas y mejores comunidades.<\/p>\n<\/div>\n<\/div>\n<\/div>\n<\/div>\n<\/div>\n<\/div>\n<div class=\"field-item odd\">\n<div class=\"content-titulo\">\n<div class=\"titulo\"><strong>Reciclaje de electr\u00f3nicos<\/strong><\/div>\n<\/div>\n<\/div>\n<div class=\"field-item even\">\n<div class=\"entity entity-paragraphs-item paragraphs-item-descripcion\">\n<div class=\"content\">\n<div class=\"field field-name-field-descripcion field-type-text-long field-label-hidden\">\n<div class=\"field-items\">\n<div class=\"field-item even\">\n<p>Paola Contrera lidera la empresa<strong>\u00a0RAE Colombia SAS<\/strong>\u00a0que tiene su foco en el reciclaje de residuos electr\u00f3nicos y de las tarjetas de circuito. \u201cLos residuos electr\u00f3nicos se usan para crear nuevos equipos, reutilizar los componentes, volver a procesar los metales y crear nuevas tarjetas de circuito\u201d, indic\u00f3.<\/p>\n<p>Detall\u00f3 que su experiencia en el programa fue provechosa, ya que a pesar de ser parte del primer grupo que trabaj\u00f3 en modo virtual por efectos de la pandemia, tuvo la oportunidad de visitar a un mentor que comparti\u00f3 con ella sus conocimientos en cuanto a<strong>\u00a0repotenciar equipos\u00a0<\/strong>y al reuso de componentes.<\/p>\n<p>\u201cEs algo que he venido\u00a0<strong>desarrollando\u00a0<\/strong>en mi compa\u00f1\u00eda actualmente\u201d, indic\u00f3.<\/p>\n<p>Explic\u00f3 que\u00a0<strong>Colombia\u00a0<\/strong>es uno de los pa\u00edses pioneros en la reglamentaci\u00f3n que obliga a las empresas a entregar sus residuos electr\u00f3nicos a gestores ambientales que cuenten con licencia como su empresa.<\/p>\n<p>\u201cTambi\u00e9n trabajamos con personas y hacemos la\u00a0<strong>recolecci\u00f3n\u00a0<\/strong>en sus casas\u201d, explic\u00f3.<\/p>\n<div class=\"field-item even\">\n<div class=\"content-titulo\">\n<div class=\"titulo\"><strong>Aplica lo aprendido<\/strong><\/div>\n<\/div>\n<\/div>\n<div class=\"field-item odd\">\n<div class=\"entity entity-paragraphs-item paragraphs-item-descripcion\">\n<div class=\"content\">\n<div class=\"field field-name-field-descripcion field-type-text-long field-label-hidden\">\n<div class=\"field-items\">\n<div class=\"field-item even\">\n<p>Mazal Blanco, propietaria del<strong>\u00a0Hostal Casa Mazal<\/strong>\u00a0en Barranquilla, hizo parte del primer grupo de emprendedores seleccionados por el programa J\u00f3venes L\u00edderes de Las Am\u00e9ricas, en 2016.<\/p>\n<p>Cuando se postul\u00f3 ten\u00eda una empresa de\u00a0<strong>accesorios y joyer\u00eda<\/strong>\u00a0elaborados con material reciclable, el cual cambi\u00f3 tras la llegada de la pandemia.<\/p>\n<p>\u201cUn\u00a0<strong>emprendedor\u00a0<\/strong>siempre termina siendo emprendedor de una u otra forma\u201d, se\u00f1al\u00f3.<\/p>\n<p>Mazal afirm\u00f3 que con su participaci\u00f3n en e programa aprendi\u00f3 de\u00a0<strong>log\u00edstica<\/strong>, uso de materiales y manejo de la empresa.<\/p>\n<p>\u201cLo bueno del programa es que no solo sirve para el proyecto que uno tenga en ese momento, sino que queda haciendo parte de una red de networking que te permite<strong>\u00a0relacionarte\u00a0<\/strong>con otros emprendedores\u201d, afirm\u00f3.<\/p>\n<p>Mazal destac\u00f3 que aplica las\u00a0<strong>t\u00e9cnicas\u00a0<\/strong>y\u00a0<strong>conocimientos\u00a0<\/strong>aprendidos para el crecimiento de su nueva empresa, a pesar de que est\u00e9 en un sector diferente.<\/p>\n<\/div>\n<\/div>\n<\/div>\n<\/div>\n<\/div>\n<\/div>\n<\/div>\n<\/div>\n<\/div>\n<\/div>\n<\/div>\n<\/div>\n<div class=\"field-item odd\">\n<div id=\"relacionado-body\">\n<div class=\"box-title\"><\/div>\n<\/div>\n<\/div>\n<\/div>\n<\/div>\n<\/div>\n<\/div>\n<\/div>\n<\/div>\n<p>Tomado de: EL HERALDO<\/p>","protected":false},"excerpt":{"rendered":"<p>Deditos\u00a0integrales,\u00a0arepitas\u00a0de yuca y de cayeye elaborados en Barranquilla deleitaron con su sabor caribe al embajador de Estados Unidos en Colombia, Philip S. Goldberg, durante su visita a la planta de la empresa de alimentos saludables\u00a0Joyfuds. El diplom\u00e1tico estadounidense no perdi\u00f3 detalle de las t\u00e9cnicas con las que se preparan estas delicias saludables en el peque\u00f1o<\/p>","protected":false},"author":1,"featured_media":9557,"comment_status":"closed","ping_status":"closed","sticky":false,"template":"","format":"standard","meta":{"footnotes":""},"categories":[181],"tags":[],"class_list":["post-9556","post","type-post","status-publish","format-standard","has-post-thumbnail","hentry","category-noticias"],"views":60,"_links":{"self":[{"href":"https:\/\/www.amchambaq.com\/en\/wp-json\/wp\/v2\/posts\/9556","targetHints":{"allow":["GET"]}}],"collection":[{"href":"https:\/\/www.amchambaq.com\/en\/wp-json\/wp\/v2\/posts"}],"about":[{"href":"https:\/\/www.amchambaq.com\/en\/wp-json\/wp\/v2\/types\/post"}],"author":[{"embeddable":true,"href":"https:\/\/www.amchambaq.com\/en\/wp-json\/wp\/v2\/users\/1"}],"replies":[{"embeddable":true,"href":"https:\/\/www.amchambaq.com\/en\/wp-json\/wp\/v2\/comments?post=9556"}],"version-history":[{"count":1,"href":"https:\/\/www.amchambaq.com\/en\/wp-json\/wp\/v2\/posts\/9556\/revisions"}],"predecessor-version":[{"id":9558,"href":"https:\/\/www.amchambaq.com\/en\/wp-json\/wp\/v2\/posts\/9556\/revisions\/9558"}],"wp:featuredmedia":[{"embeddable":true,"href":"https:\/\/www.amchambaq.com\/en\/wp-json\/wp\/v2\/media\/9557"}],"wp:attachment":[{"href":"https:\/\/www.amchambaq.com\/en\/wp-json\/wp\/v2\/media?parent=9556"}],"wp:term":[{"taxonomy":"category","embeddable":true,"href":"https:\/\/www.amchambaq.com\/en\/wp-json\/wp\/v2\/categories?post=9556"},{"taxonomy":"post_tag","embeddable":true,"href":"https:\/\/www.amchambaq.com\/en\/wp-json\/wp\/v2\/tags?post=9556"}],"curies":[{"name":"wp","href":"https:\/\/api.w.org\/{rel}","templated":true}]}}