{"id":9526,"date":"2022-05-23T10:53:57","date_gmt":"2022-05-23T15:53:57","guid":{"rendered":"https:\/\/www.amchambaq.com\/?p=9526"},"modified":"2022-05-23T10:53:57","modified_gmt":"2022-05-23T15:53:57","slug":"colombia-llega-a-davos-como-una-de-las-economias-que-mas-crece","status":"publish","type":"post","link":"https:\/\/www.amchambaq.com\/en\/colombia-llega-a-davos-como-una-de-las-economias-que-mas-crece\/","title":{"rendered":"\u2018Colombia llega a Davos como una de las econom\u00edas que m\u00e1s crece\u2019"},"content":{"rendered":"<p>comenz\u00f3 la agenda del evento del <b>Foro Econ\u00f3mico Mundial<\/b>, en el que estar\u00e1 el\u00a0<a title=\"ivan duque\" href=\"https:\/\/www.portafolio.co\/elecciones-2022\/ivan-duque-reeleccion-y-economia-en-colombia-en-entrevista-con-bbc-565812\" target=\"_blank\" rel=\"noopener\">presidente Iv\u00e1n Duque<\/a>. En di\u00e1logo con Portafolio, el mandatario destac\u00f3 los logros con los que llega el pa\u00eds a la principal cita de l\u00edderes internacionales.<\/p>\n<p>Colombia llega a Davos con resultados en cuanto al programa de siembra de \u00e1rboles que lanzamos en el Foro Econ\u00f3mico Mundial hace tres a\u00f1os. El pa\u00eds avanza en esta ruta de los 180 millones de \u00e1rboles, entre sembrados y contratados.<\/p>\n<p id=\"p565795-m1004-6-1005\" class=\"parrafo\">Tambi\u00e9n, llega con una matriz energ\u00e9tica renovada y con un crecimiento exponencial de fuentes renovables no convencionales. Adem\u00e1s, Colombia llega como el \u2018Silicon Valley\u2019 de Am\u00e9rica Latina y se posiciona para atraer inversiones hacia ciencia y tecnolog\u00eda.<\/p>\n<p id=\"p565795-m1010-7-1011\" class=\"parrafo\">Y algo muy importante: llega como una de las econom\u00edas que m\u00e1s est\u00e1 creciendo en el mundo y, por tanto, va a posicionarse en el ojo de los inversionistas.<\/p>\n<p id=\"p565795-m1016-8-1017\" class=\"parrafo\"><b>En transformaci\u00f3n digital, \u00bfcon qu\u00e9 logros en este tema acaba su gobierno?\u00a0<\/b><\/p>\n<p id=\"p565795-m1022-9-1023\" class=\"parrafo\">Tenemos varios logros; primero, ya dentro de la Ocde estamos ranqueados entre los primeros pa\u00edses en Gobierno Digital. Adem\u00e1s, lanzamos el portal gov.co, que ha creado la \u2018Carpeta Digital Ciudadana\u2019, donde hoy se pueden hacer m\u00faltiples tr\u00e1mites y estos mismos son simplificados.<\/p>\n<p id=\"p565795-m1028-10-1029\" class=\"parrafo\">Hemos logrado, tambi\u00e9n, en Gobierno Digital, dejarle al pa\u00eds m\u00e1s de 4.500 tr\u00e1mites eliminados, digitalizados o simplificados; y llegamos a Davos como un pa\u00eds que logra la mayor conectividad alcanzada con internet de alta velocidad en centros urbanos, con m\u00e1s del 70%, y con la hoja ruta de consolidar el 60% en zonas rurales, donde ya casi superamos el 60%.<\/p>\n<p id=\"p565795-m1034-11-1035\" class=\"parrafo\"><b>El tema ambiental es crucial. \u00bfC\u00f3mo le ha ido a Barranquilla en programa de Biodiverciudades y c\u00f3mo va la iniciativa?\u00a0<\/b><\/p>\n<p id=\"p565795-m1040-12-1041\" class=\"parrafo\">Barranquilla es una ciudad que est\u00e1 adelantando el proyecto de la Ci\u00e9naga de Mallorqu\u00edn. Estamos trabajando con ellos en el Parque Isla de Salamanca. Tenemos en este momento a Barranquilla posicion\u00e1ndose como promotora de la \u2018Ruta del Hidr\u00f3geno Verde\u2019, pero tambi\u00e9n ser\u00e1 el gran epicentro de la energ\u00eda e\u00f3lica costa afuera.<\/p>\n<p id=\"p565795-m1046-13-1047\" class=\"parrafo\">Vemos tambi\u00e9n a Barranquilla ya pensando en nuevos proyectos de granjas solares en municipios aleda\u00f1os para abastecer la red.<\/p>\n<p id=\"p565795-m1058-15-1059\" class=\"parrafo\">Vemos un gran inter\u00e9s tambi\u00e9n de las autoridades y del Alcalde, Jaime Pumarejo, en que tengamos, con la Triple A y con Air-e, una agenda de sostenibilidad tanto en energ\u00eda como en agua. Y, por supuesto, debo destacar los programas de formaci\u00f3n ambiental desde edad temprana.<\/p>\n<p id=\"p565795-m1064-16-1065\" class=\"parrafo\">El conjunto de todo esto pone a Barranquilla como una verdadera l\u00edder en concepto de Biodiverciudades.<\/p>\n<p id=\"p565795-m1070-17-1071\" class=\"parrafo\"><b>\u00bfC\u00f3mo analiza el momento actual de la econom\u00eda global y qu\u00e9 riesgos enfrenta el pa\u00eds?<\/b><\/p>\n<p id=\"p565795-m1076-18-1077\" class=\"parrafo\">Hay unos retos por el lado de la inflaci\u00f3n, que ya ven\u00edan desde antes de la invasi\u00f3n y el genocidio de Rusia en Ucrania, que ten\u00edan que ver con los descalces en la cadena log\u00edstica global.<\/p>\n<p id=\"p565795-m1082-19-1083\" class=\"parrafo\">La inflaci\u00f3n se aumenta cuando se afecta la econom\u00eda de dos pa\u00edses que son proveedores de insumos para el mundo y, entonces, hoy tenemos que lidiar con un fen\u00f3meno de inflaci\u00f3n que es complejo y que requiere tomar decisiones, pero sin afectar el dinamismo del crecimiento.<\/p>\n<p id=\"p565795-m1088-20-1089\" class=\"parrafo\">Pero, en l\u00edneas generales, Colombia llega a Davos aplaudida, como una de las econom\u00edas que m\u00e1s est\u00e1 creciendo del mundo y con uno de los mejores marcos de pol\u00edtica p\u00fablica que se han adelantado en los \u00faltimos a\u00f1os.<\/p>\n<p id=\"p565795-m1094-21-1095\" class=\"parrafo\"><b>\u00bfQu\u00e9 se espera para el PIB nacional este a\u00f1o?<\/b><\/p>\n<p id=\"p565795-m1100-22-1101\" class=\"parrafo\">Yo espero que la econom\u00eda nacional crezca por encima del 5,8% \u2013inclusive sobre 6%\u2013, si se mantienen las pol\u00edticas de inversi\u00f3n, de promoci\u00f3n, de desarrollo de energ\u00edas convencionales, las no convencionales, y si se mantiene tambi\u00e9n la demanda agregada, entre otras cosas, con los d\u00edas sin IVA, donde se liquidan inventarios. O, tambi\u00e9n, con los programas de transferencias condicionadas, pues hemos pasado de 3 millones de beneficiarios a 10 millones de beneficiarios.<\/p>\n<p id=\"p565795-m1106-23-1107\" class=\"parrafo\"><b>La reactivaci\u00f3n sigue su senda, pero la inflaci\u00f3n y el desempleo impactan a millones de hogares. \u00bfQu\u00e9 est\u00e1 haciendo el Gobierno para mitigar los impactos?<\/b><\/p>\n<p id=\"p565795-m1112-24-1113\" class=\"parrafo\">En materia de empleo es muy importante ver lo que dijo el DANE: logramos la menor informalidad laboral que ha registrado Colombia, y logramos la menor pobreza multidimensional desde que se llevan esos indicadores, es decir, hace m\u00e1s de diez a\u00f1os.<\/p>\n<p id=\"p565795-m1118-25-1119\" class=\"parrafo\"><b>En pocos d\u00edas se celebran los 200 a\u00f1os de relaciones entre EE. UU. y Colombia. \u00bfEn qu\u00e9 \u00e1reas se debe impulsar esa relaci\u00f3n?<\/b><\/p>\n<p id=\"p565795-m1124-26-1125\" class=\"parrafo\">Infraestructura, medio ambiente, turismo, servicios, que es donde nosotros queremos seguir creciendo en nuestras exportaciones tambi\u00e9n hacia Estados Unidos; agricultura y energ\u00e9ticos. Son las \u00e1reas m\u00e1s importantes de trabajo.<\/p>\n<p id=\"p565795-m1130-27-1131\" class=\"parrafo\"><b>Joe Biden ha relajado las sanciones contra Venezuela. \u00bfPor qu\u00e9 afirma que es producto del cerco diplom\u00e1tico?<\/b><\/p>\n<p id=\"p565795-m1136-28-1137\" class=\"parrafo\">Porque es una pol\u00edtica de varios pa\u00edses, y se ha logrado es que la resistencia democr\u00e1tica obligue a Maduro a tener que sentarse en M\u00e9xico, eso es un triunfo del cerco diplom\u00e1tico, y sobre todo, de la resistencia democr\u00e1tica venezolana.<\/p>\n<p id=\"p565795-m1148-30-1149\" class=\"parrafo\">Y Estados Unidos no est\u00e1 canjeando petr\u00f3leo por m\u00e1s dictadura, todo lo contrario, sigue siendo defensor de la Carta Democr\u00e1tica, y sabemos que la consecuencia de los di\u00e1logos de M\u00e9xico debe ser que Maduro deje la presidencia.<\/p>\n<p id=\"p565795-m1154-31-1155\" class=\"parrafo\"><b>Otro de sus paneles en Davos es sobre criterios \u2018ESG\u2019. \u00bfCu\u00e1l es el papel de las empresas para la econom\u00eda colombiana?<\/b><\/p>\n<p id=\"p565795-m1160-32-1161\" class=\"parrafo\">Como lo dice el art\u00edculo 333 de la Constituci\u00f3n, la empresa tiene una funci\u00f3n social; son generadoras de empleo, agregan valor y generan cadenas productivas. Somos un gobierno defensor de la empresa, sobre todo, basada tambi\u00e9n en la b\u00fasqueda de la fraternidad con los trabajadores, por lo cual logramos sacar el mayor aumento real del salario m\u00ednimo en casi 50 a\u00f1os.<\/p>\n<p id=\"p565795-m1166-33-1167\" class=\"parrafo\"><b>Este es uno de sus \u00faltimos viajes internacionales y gira en torno al TLC, ambiente, energ\u00eda. \u00bfEsa agenda interpreta en algo sus planes para el futuro?<\/b><\/p>\n<p id=\"p565795-m1172-34-1173\" class=\"parrafo\">Seguir\u00e9 trabajando por estos temas, elevando mi voz, trabajando en la coordinaci\u00f3n de pol\u00edticas ambientales en el mundo y trabajando en migraci\u00f3n, econom\u00eda creativa y en las pol\u00edticas p\u00fablicas para sacar a la gente de la pobreza.<\/p>\n<p>Tomado de: PORTAFOLIO<\/p>","protected":false},"excerpt":{"rendered":"<p>comenz\u00f3 la agenda del evento del Foro Econ\u00f3mico Mundial, en el que estar\u00e1 el\u00a0presidente Iv\u00e1n Duque. En di\u00e1logo con Portafolio, el mandatario destac\u00f3 los logros con los que llega el pa\u00eds a la principal cita de l\u00edderes internacionales. Colombia llega a Davos con resultados en cuanto al programa de siembra de \u00e1rboles que lanzamos en<\/p>","protected":false},"author":1,"featured_media":9527,"comment_status":"closed","ping_status":"closed","sticky":false,"template":"","format":"standard","meta":{"footnotes":""},"categories":[181],"tags":[],"class_list":["post-9526","post","type-post","status-publish","format-standard","has-post-thumbnail","hentry","category-noticias"],"views":114,"_links":{"self":[{"href":"https:\/\/www.amchambaq.com\/en\/wp-json\/wp\/v2\/posts\/9526","targetHints":{"allow":["GET"]}}],"collection":[{"href":"https:\/\/www.amchambaq.com\/en\/wp-json\/wp\/v2\/posts"}],"about":[{"href":"https:\/\/www.amchambaq.com\/en\/wp-json\/wp\/v2\/types\/post"}],"author":[{"embeddable":true,"href":"https:\/\/www.amchambaq.com\/en\/wp-json\/wp\/v2\/users\/1"}],"replies":[{"embeddable":true,"href":"https:\/\/www.amchambaq.com\/en\/wp-json\/wp\/v2\/comments?post=9526"}],"version-history":[{"count":1,"href":"https:\/\/www.amchambaq.com\/en\/wp-json\/wp\/v2\/posts\/9526\/revisions"}],"predecessor-version":[{"id":9528,"href":"https:\/\/www.amchambaq.com\/en\/wp-json\/wp\/v2\/posts\/9526\/revisions\/9528"}],"wp:featuredmedia":[{"embeddable":true,"href":"https:\/\/www.amchambaq.com\/en\/wp-json\/wp\/v2\/media\/9527"}],"wp:attachment":[{"href":"https:\/\/www.amchambaq.com\/en\/wp-json\/wp\/v2\/media?parent=9526"}],"wp:term":[{"taxonomy":"category","embeddable":true,"href":"https:\/\/www.amchambaq.com\/en\/wp-json\/wp\/v2\/categories?post=9526"},{"taxonomy":"post_tag","embeddable":true,"href":"https:\/\/www.amchambaq.com\/en\/wp-json\/wp\/v2\/tags?post=9526"}],"curies":[{"name":"wp","href":"https:\/\/api.w.org\/{rel}","templated":true}]}}