{"id":9465,"date":"2022-05-02T09:11:41","date_gmt":"2022-05-02T14:11:41","guid":{"rendered":"https:\/\/www.amchambaq.com\/?p=9465"},"modified":"2022-05-02T09:11:41","modified_gmt":"2022-05-02T14:11:41","slug":"colombia-debe-diversificar-la-agenda-con-ee-uu-para-aprovechar-las-nuevas-oportunidades-comerciales-que-se-abren-con-ese-pais","status":"publish","type":"post","link":"https:\/\/www.amchambaq.com\/en\/colombia-debe-diversificar-la-agenda-con-ee-uu-para-aprovechar-las-nuevas-oportunidades-comerciales-que-se-abren-con-ese-pais\/","title":{"rendered":"Colombia debe diversificar la agenda con EE. UU. para aprovechar las nuevas oportunidades comerciales que se abren con ese pa\u00eds"},"content":{"rendered":"<p>Con la actual coyuntura internacional se abren nuevas oportunidades comerciales entre Estados Unidos y Latinoam\u00e9rica, por lo que es el mejor momento para que Colombia aproveche m\u00e1s el potencial de las relaciones con ese pa\u00eds y diversifique la agenda bilateral.<\/p>\n<p>En esto coincidieron representantes de ambos Gobiernos durante la Cumbre del Bicentenario Colombia \u2013 Estados Unidos de la C\u00e1mara de Comercio Colombo Americana, AmCham Colombia, en conmemoraci\u00f3n de los 200 a\u00f1os de relaciones diplom\u00e1ticas y el d\u00e9cimo aniversario del Tratado de Libre Comercio entre ambos pa\u00edses.<\/p>\n<p>De acuerdo con el director de Asuntos del Hemisferio Occidental del Consejo de Seguridad Nacional de la Casa Blanca, Juan Gonz\u00e1lez, Colombia encapsula en diversas formas muchos de los retos que tiene hoy Latinoam\u00e9rica, pero tambi\u00e9n las grandes oportunidades y la capacidad para ser un ejemplo no solo regional sino global, y \u201cesa es la aspiraci\u00f3n de la alianza estadounidense colombiana bicentenaria\u201d.<\/p>\n<p>Una de esas oportunidades est\u00e1 relacionada con la tendencia del \u2018nearshoring\u2019, pero Colombia y los dem\u00e1s pa\u00edses de la regi\u00f3n deben unir esfuerzos para aprovecharla. \u201cNo hay una vara m\u00e1gica que nosotros podamos usar para, de repente, mover cadenas de suministro hacia Latinoam\u00e9rica y el Caribe; se requiere una armonizaci\u00f3n regulatoria, un ambiente de negocios y, tambi\u00e9n, que los pa\u00edses de Latinoam\u00e9rica y el Caribe trabajen hacia una integraci\u00f3n econ\u00f3mica entre s\u00ed, lo cual ha sido una de las debilidades hist\u00f3ricas de la regi\u00f3n\u201d, expres\u00f3 Gonz\u00e1lez.<\/p>\n<p>La directora ejecutiva de AmCham Colombia, Mar\u00eda Claudia Lacouture, coincidi\u00f3 en que estamos en un momento determinante donde se han alineado varias de las oportunidades que siempre ha esperado Colombia y las cuales ha venido identificado la C\u00e1mara Colombo Americana para que puedan ser aprovechadas.<\/p>\n<p>Una de esas oportunidades es el proyecto de Ley\u00a0de Alianza Estrat\u00e9gica Estados Unidos-Colombia 2022, presentado al Comit\u00e9 de Asuntos Exteriores del Senado estadounidense por su presidente el senador Robert Men\u00e9ndez y su colega Tim Kaine.<\/p>\n<p>\u201cEste proyecto de ley contempla la creaci\u00f3n de un fondo de hasta US$200 millones de d\u00f3lares para impulsar el desarrollo econ\u00f3mico y social de Colombia en los pr\u00f3ximos diez a\u00f1os y que ser\u00edan destinados a financiar, adem\u00e1s del fortalecimiento del pa\u00eds como destino para el \u2018<em>nearshoring\u2019,\u00a0<\/em>proyectos empresariales de apoyo al sector agroindustrial, proyectos que beneficien a la mujer, inversiones tecnol\u00f3gicas, entre otras iniciativas\u201d, explic\u00f3 Lacouture.<\/p>\n<p>Otra oportunidad que se viene desarrollando es la iniciativa \u2018Build Back Better World\u2019 (B3W) liderada por el presidente Joe Biden como un mecanismo para invertir en el mundo m\u00e1s de 40 trillones de d\u00f3lares en proyectos con apoyo al sector privado y enfocado en \u00e1reas como el cambio clim\u00e1tico, salud, tecnolog\u00eda digital, equidad de g\u00e9nero, y que forman parte de la estrategia de EE. UU. para superar el impacto econ\u00f3mico y social que dej\u00f3 la pandemia del covid-19.<\/p>\n<p>Al respecto, Mark Wells, Deputy Assistant Secretary in the Bureau of Western Hemisphere,se\u00f1al\u00f3 que, tantola pandemia del covid-19 como el conflicto entre Rusia y Ucrania, evidenciaron la debilidad de las cadenas de suministro, de ah\u00ed que el Gobierno Biden ya est\u00e1 avanzando en la creaci\u00f3n de nuevos mecanismos para apoyar a Colombia y a todos sus socios comerciales en su fortalecimiento de sus cadenas de suministro.<\/p>\n<p>Por otro lado, para aprovechar las oportunidades de crecimiento del comercio en el segmento no minero energ\u00e9tico, el gobierno estadounidense busca apoyar a Colombia en el fortalecimiento de varios sectores, entre ellos el de energ\u00edas renovables, salud, agr\u00edcola, tecnolog\u00eda, entre otros.<\/p>\n<p>En este sentido, el presidente de la Junta Directiva de AmCham Colombia, Juan Pablo Rivera, se\u00f1al\u00f3 que Colombia debe insistir m\u00e1s activamente en la diversificaci\u00f3n de la canasta exportadora aprovechando las diversas ventajas que ofrece el Tratado de Libre Comercio con Estados Unidos.<\/p>\n<p>\u201cAdem\u00e1s, se debe hacer un trabajo p\u00fablico-privado para lograr remover las barreras comerciales y fitosanitarias, como ya se hizo con la uchuva, el aguacate hass, hierbas arom\u00e1ticas, mango fresco y pimentones, para lograr la admisibilidad de nuevos productos en el mercado norteamericano\u201d, puntualiz\u00f3 Rivera.<\/p>\n<p>Toda la informaci\u00f3n de la Cumbre Bicentenario Colombia \u2013 Estados Unidos de\u00a0AmCham Colombia la puede ver aqu\u00ed:\u00a0<a href=\"https:\/\/amchamcolombia.co\/es\/cumbre-bicentenario-col-eeuu\/\">https:\/\/amchamcolombia.co\/es\/cumbre-bicentenario-col-eeuu\/<\/a><\/p>\n<p>Tendencias de consumo pospandemia abren nuevas oportunidades a Colombia en el mercado de EE.UU.<\/p>\n<p>Tomado de: AMCHAM COLOMBIA<\/p>","protected":false},"excerpt":{"rendered":"<p>Con la actual coyuntura internacional se abren nuevas oportunidades comerciales entre Estados Unidos y Latinoam\u00e9rica, por lo que es el mejor momento para que Colombia aproveche m\u00e1s el potencial de las relaciones con ese pa\u00eds y diversifique la agenda bilateral. En esto coincidieron representantes de ambos Gobiernos durante la Cumbre del Bicentenario Colombia \u2013 Estados<\/p>","protected":false},"author":1,"featured_media":9466,"comment_status":"closed","ping_status":"closed","sticky":false,"template":"","format":"standard","meta":{"footnotes":""},"categories":[181],"tags":[],"class_list":["post-9465","post","type-post","status-publish","format-standard","has-post-thumbnail","hentry","category-noticias"],"views":80,"_links":{"self":[{"href":"https:\/\/www.amchambaq.com\/en\/wp-json\/wp\/v2\/posts\/9465","targetHints":{"allow":["GET"]}}],"collection":[{"href":"https:\/\/www.amchambaq.com\/en\/wp-json\/wp\/v2\/posts"}],"about":[{"href":"https:\/\/www.amchambaq.com\/en\/wp-json\/wp\/v2\/types\/post"}],"author":[{"embeddable":true,"href":"https:\/\/www.amchambaq.com\/en\/wp-json\/wp\/v2\/users\/1"}],"replies":[{"embeddable":true,"href":"https:\/\/www.amchambaq.com\/en\/wp-json\/wp\/v2\/comments?post=9465"}],"version-history":[{"count":1,"href":"https:\/\/www.amchambaq.com\/en\/wp-json\/wp\/v2\/posts\/9465\/revisions"}],"predecessor-version":[{"id":9467,"href":"https:\/\/www.amchambaq.com\/en\/wp-json\/wp\/v2\/posts\/9465\/revisions\/9467"}],"wp:featuredmedia":[{"embeddable":true,"href":"https:\/\/www.amchambaq.com\/en\/wp-json\/wp\/v2\/media\/9466"}],"wp:attachment":[{"href":"https:\/\/www.amchambaq.com\/en\/wp-json\/wp\/v2\/media?parent=9465"}],"wp:term":[{"taxonomy":"category","embeddable":true,"href":"https:\/\/www.amchambaq.com\/en\/wp-json\/wp\/v2\/categories?post=9465"},{"taxonomy":"post_tag","embeddable":true,"href":"https:\/\/www.amchambaq.com\/en\/wp-json\/wp\/v2\/tags?post=9465"}],"curies":[{"name":"wp","href":"https:\/\/api.w.org\/{rel}","templated":true}]}}