{"id":9463,"date":"2022-05-02T09:06:43","date_gmt":"2022-05-02T14:06:43","guid":{"rendered":"https:\/\/www.amchambaq.com\/?p=9463"},"modified":"2022-05-02T09:06:43","modified_gmt":"2022-05-02T14:06:43","slug":"colombia-exportara-a-estados-unidos-arroz-cultivado-por-mujeres","status":"publish","type":"post","link":"https:\/\/www.amchambaq.com\/en\/colombia-exportara-a-estados-unidos-arroz-cultivado-por-mujeres\/","title":{"rendered":"Colombia exportar\u00e1 a Estados Unidos arroz cultivado por mujeres"},"content":{"rendered":"<p>El arroz colombiano llegar\u00e1 al mercado de los Estados Unidos. Tras dos a\u00f1os de negociaciones entre la Federaci\u00f3n Nacional de Arroceros \u2013 Fedearroz y la Asociaci\u00f3n de C\u00e1maras de Comercio Latinas en los Estados Unidos, se logr\u00f3 un acuerdo para exportar el cereal colombiano a ese pa\u00eds.<\/p>\n<p>La oficializaci\u00f3n de esta operaci\u00f3n de comercio exterior se har\u00e1 este martes (3 de mayo) en un acto especial convocado por el gremio de los arroceros en el Club El Nogal, en Bogot\u00e1, a partir de las 9:00 a. m.<\/p>\n<p>Trascendi\u00f3 que el primer embarque constar\u00e1 de 4 contenedores de arroz.<\/p>\n<div id=\"div-gpt-ad-internas-appnexus-1x1\" class=\"admanagerspace loaded-dfp\" data-google-query-id=\"CIiRxI_-wPcCFaNQwQodyUYNKQ\">\n<div id=\"google_ads_iframe_\/53875743\/www.eluniversal.com.co\/internas_appnexus_1x1_0__container__\">\n<p>Como dato curioso, el arroz que se exportar\u00e1 a EE. UU. ha sido cultivado por mujeres arroceras colombianas y ser\u00e1 comercializado por la compa\u00f1\u00eda Thomas &amp; Toledo LLC en Estados Unidos.<\/p>\n<p>Al lanzamiento de estas exportaciones asistir\u00e1n el gerente general de Fedearroz, Rafael Hern\u00e1ndez Lozano y Frank Garc\u00eda, presidente de la Asociaci\u00f3n de C\u00e1maras de Comercio Latinas en los Estados Unidos.<\/p>\n<p>Tambi\u00e9n estar\u00e1 la vicepresidenta de la Rep\u00fablica, Marta Luc\u00eda Ram\u00edrez; el ministro de Agricultura, Rodolfo Zea y la ministra de Comercio, Industria y Turismo, Mar\u00eda Ximena Lombana, entre otros invitados.<\/p>\n<p>Tomado de: EL UNIVERSAL<\/p>\n<\/div>\n<\/div>","protected":false},"excerpt":{"rendered":"<p>El arroz colombiano llegar\u00e1 al mercado de los Estados Unidos. Tras dos a\u00f1os de negociaciones entre la Federaci\u00f3n Nacional de Arroceros \u2013 Fedearroz y la Asociaci\u00f3n de C\u00e1maras de Comercio Latinas en los Estados Unidos, se logr\u00f3 un acuerdo para exportar el cereal colombiano a ese pa\u00eds. La oficializaci\u00f3n de esta operaci\u00f3n de comercio exterior<\/p>","protected":false},"author":1,"featured_media":9346,"comment_status":"closed","ping_status":"closed","sticky":false,"template":"","format":"standard","meta":{"footnotes":""},"categories":[181],"tags":[],"class_list":["post-9463","post","type-post","status-publish","format-standard","has-post-thumbnail","hentry","category-noticias"],"views":86,"_links":{"self":[{"href":"https:\/\/www.amchambaq.com\/en\/wp-json\/wp\/v2\/posts\/9463","targetHints":{"allow":["GET"]}}],"collection":[{"href":"https:\/\/www.amchambaq.com\/en\/wp-json\/wp\/v2\/posts"}],"about":[{"href":"https:\/\/www.amchambaq.com\/en\/wp-json\/wp\/v2\/types\/post"}],"author":[{"embeddable":true,"href":"https:\/\/www.amchambaq.com\/en\/wp-json\/wp\/v2\/users\/1"}],"replies":[{"embeddable":true,"href":"https:\/\/www.amchambaq.com\/en\/wp-json\/wp\/v2\/comments?post=9463"}],"version-history":[{"count":1,"href":"https:\/\/www.amchambaq.com\/en\/wp-json\/wp\/v2\/posts\/9463\/revisions"}],"predecessor-version":[{"id":9464,"href":"https:\/\/www.amchambaq.com\/en\/wp-json\/wp\/v2\/posts\/9463\/revisions\/9464"}],"wp:featuredmedia":[{"embeddable":true,"href":"https:\/\/www.amchambaq.com\/en\/wp-json\/wp\/v2\/media\/9346"}],"wp:attachment":[{"href":"https:\/\/www.amchambaq.com\/en\/wp-json\/wp\/v2\/media?parent=9463"}],"wp:term":[{"taxonomy":"category","embeddable":true,"href":"https:\/\/www.amchambaq.com\/en\/wp-json\/wp\/v2\/categories?post=9463"},{"taxonomy":"post_tag","embeddable":true,"href":"https:\/\/www.amchambaq.com\/en\/wp-json\/wp\/v2\/tags?post=9463"}],"curies":[{"name":"wp","href":"https:\/\/api.w.org\/{rel}","templated":true}]}}