{"id":9446,"date":"2022-04-25T11:02:38","date_gmt":"2022-04-25T16:02:38","guid":{"rendered":"https:\/\/www.amchambaq.com\/?p=9446"},"modified":"2022-04-25T11:02:38","modified_gmt":"2022-04-25T16:02:38","slug":"desde-el-1-de-mayo-se-dejara-de-usar-tapabocas-en-espacios-cerrados","status":"publish","type":"post","link":"https:\/\/www.amchambaq.com\/en\/desde-el-1-de-mayo-se-dejara-de-usar-tapabocas-en-espacios-cerrados\/","title":{"rendered":"Desde el 1 de mayo se dejar\u00e1 de usar tapabocas en espacios cerrados"},"content":{"rendered":"<p>El presidente\u00a0<strong>Iv\u00e1n Duque<\/strong>\u00a0anunci\u00f3 este lunes en alocuci\u00f3n desde la Casa de Nari\u00f1o que tras reuniones con los comit\u00e9s epidemiol\u00f3gicos y de vacunas, as\u00ed como con la Organizaci\u00f3n Mundial de la Salud,\u00a0<strong>OMS<\/strong>\u00a0y la Organizaci\u00f3n Panamericana de la Salud,\u00a0<strong>OPS<\/strong>, a partir del<strong>\u00a01 de mayo\u00a0<\/strong>y por dos meses, hasta el\u00a0<strong>30 de junio<\/strong>, se extender\u00e1 la emergencia sanitaria y en el marco de esta declaratoria se eliminar\u00e1 la obligatoriedad del uso del tapabocas en espacios cerrados.&#8221;<\/p>\n<p>La\u00a0recomendaci\u00f3n\u00a0para\u00a0los<strong>\u00a0viajeros<\/strong>,\u00a0agreg\u00f3, es\u00a0llegar\u00a0al\u00a0pa\u00eds\u00a0con\u00a0esquemas\u00a0completos\u00a0de\u00a0vacunaci\u00f3n, a\u00a0quienes\u00a0no lo\u00a0tengan\u00a0o no\u00a0est\u00e9n\u00a0vacunados\u00a0se les\u00a0exigir\u00e1\u00a0una\u00a0prueba\u00a0PCR\u00a0negativa\u00a0no superior a 72 horas y\u00a0podr\u00e1n\u00a0presentar\u00a0tambi\u00e9n\u00a0una\u00a0prueba\u00a0de\u00a0ant\u00edgeno\u00a0no mayor a 48 horas.<\/p>\n<p>&#8220;Se\u00a0derogar\u00e1\u00a0el\u00a0<strong>Decreto\u00a01615 de 2021<\/strong>, que\u00a0elimina\u00a0la\u00a0solicitud\u00a0del<strong>\u00a0carnet de\u00a0vacunaci\u00f3n<\/strong>\u00a0en\u00a0eventos\u00a0p\u00fablicos\u00a0y\u00a0privados\u00a0de\u00a0car\u00e1cter\u00a0masivo\u00a0y la\u00a0solicitud\u00a0del carnet\u00a0para\u00a0el\u00a0ingreso\u00a0a bares,\u00a0gastrobares,\u00a0discotecas,\u00a0eventos\u00a0deportivos, cines,\u00a0bibliotecas,\u00a0museos\u00a0y\u00a0eventos\u00a0masivos&#8221;,\u00a0se\u00f1al\u00f3\u00a0el\u00a0mandatario.<\/p>\n<p>Finalmente,\u00a0indic\u00f3, se\u00a0derogar\u00e1\u00a0la\u00a0estrategia\u00a0Pruebas,\u00a0Rastreo\u00a0y\u00a0Aislamiento\u00a0Selectivo\u00a0Sostenible,<strong>\u00a0PRASS<\/strong>, y se\u00a0consolidar\u00e1\u00a0la\u00a0vigilancia\u00a0selectiva.<\/p>\n<p>Se retira el uso del tapabocas en espacios cerrados con la excepci\u00f3n de los servicios de salud, hogares geri\u00e1tricos, el transporte y los espacios cerrados dentro de las instituciones educativas. Esto en los municipios que hayan llegado al 70% de doble dosis y con el 40% de dosis de refuerzo&#8221;, precis\u00f3 el jefe de Estado.<\/p>\n<p>Tomado de: EL HERALDO<\/p>","protected":false},"excerpt":{"rendered":"<p>El presidente\u00a0Iv\u00e1n Duque\u00a0anunci\u00f3 este lunes en alocuci\u00f3n desde la Casa de Nari\u00f1o que tras reuniones con los comit\u00e9s epidemiol\u00f3gicos y de vacunas, as\u00ed como con la Organizaci\u00f3n Mundial de la Salud,\u00a0OMS\u00a0y la Organizaci\u00f3n Panamericana de la Salud,\u00a0OPS, a partir del\u00a01 de mayo\u00a0y por dos meses, hasta el\u00a030 de junio, se extender\u00e1 la emergencia sanitaria y<\/p>","protected":false},"author":1,"featured_media":9448,"comment_status":"closed","ping_status":"closed","sticky":false,"template":"","format":"standard","meta":{"footnotes":""},"categories":[181],"tags":[],"class_list":["post-9446","post","type-post","status-publish","format-standard","has-post-thumbnail","hentry","category-noticias"],"views":80,"_links":{"self":[{"href":"https:\/\/www.amchambaq.com\/en\/wp-json\/wp\/v2\/posts\/9446","targetHints":{"allow":["GET"]}}],"collection":[{"href":"https:\/\/www.amchambaq.com\/en\/wp-json\/wp\/v2\/posts"}],"about":[{"href":"https:\/\/www.amchambaq.com\/en\/wp-json\/wp\/v2\/types\/post"}],"author":[{"embeddable":true,"href":"https:\/\/www.amchambaq.com\/en\/wp-json\/wp\/v2\/users\/1"}],"replies":[{"embeddable":true,"href":"https:\/\/www.amchambaq.com\/en\/wp-json\/wp\/v2\/comments?post=9446"}],"version-history":[{"count":1,"href":"https:\/\/www.amchambaq.com\/en\/wp-json\/wp\/v2\/posts\/9446\/revisions"}],"predecessor-version":[{"id":9449,"href":"https:\/\/www.amchambaq.com\/en\/wp-json\/wp\/v2\/posts\/9446\/revisions\/9449"}],"wp:featuredmedia":[{"embeddable":true,"href":"https:\/\/www.amchambaq.com\/en\/wp-json\/wp\/v2\/media\/9448"}],"wp:attachment":[{"href":"https:\/\/www.amchambaq.com\/en\/wp-json\/wp\/v2\/media?parent=9446"}],"wp:term":[{"taxonomy":"category","embeddable":true,"href":"https:\/\/www.amchambaq.com\/en\/wp-json\/wp\/v2\/categories?post=9446"},{"taxonomy":"post_tag","embeddable":true,"href":"https:\/\/www.amchambaq.com\/en\/wp-json\/wp\/v2\/tags?post=9446"}],"curies":[{"name":"wp","href":"https:\/\/api.w.org\/{rel}","templated":true}]}}