{"id":9319,"date":"2022-03-23T10:31:18","date_gmt":"2022-03-23T15:31:18","guid":{"rendered":"https:\/\/www.amchambaq.com\/?p=9319"},"modified":"2022-03-23T10:31:18","modified_gmt":"2022-03-23T15:31:18","slug":"colombia-participara-en-la-reunion-ministerial-de-la-aie-2022","status":"publish","type":"post","link":"https:\/\/www.amchambaq.com\/en\/colombia-participara-en-la-reunion-ministerial-de-la-aie-2022\/","title":{"rendered":"Colombia participar\u00e1 en la Reuni\u00f3n Ministerial de la AIE 2022"},"content":{"rendered":"<p>Entre el 23 y el 24 de marzo del 2022, <b>Colombia\u00a0<\/b>participar\u00e1 en la\u00a0Reuni\u00f3n Ministerial de la Agencia Internacional de la Energ\u00eda (AIE) 2022.<\/p>\n<p>El evento se realizar\u00e1 en\u00a0<b>Par\u00eds\u00a0<\/b>(Francia) y es catalogado como uno de los encuentros m\u00e1s relevantes en materia energ\u00e9tica.<\/p>\n<p>En \u00e9l se re\u00fanen los ministros de Energ\u00eda de las principales naciones del mundo, as\u00ed como los ministros de los pa\u00edses que se encuentran en proceso de adhesi\u00f3n a la AIE.<\/p>\n<p>\u201c<i>Esta es la primera vez que Colombia participa formalmente como un pa\u00eds candidato en proceso de adhesi\u00f3n a la agencia. D\u00edas atr\u00e1s, en el CeraWeek el mundo reconoci\u00f3 los avances que ha venido haciendo este Gobierno en materia de Transici\u00f3n Energ\u00e9tica, la cual es el presente y el futuro que esta administraci\u00f3n le va a dejar a la Naci\u00f3n<\/i>\u201d, dijo el ministro de Minas y Energ\u00eda, Diego Mesa, quien representar\u00e1 al pa\u00eds.<\/p>\n<p id=\"p563194-m310-7-311\" class=\"parrafo\">Vale la pena recordar que, en julio de 2021, la junta de gobierno de la AIE\u00a0<b>acept\u00f3 la solicitud de Colombia de iniciar el proceso formal de adhesi\u00f3n<\/b>\u00a0como miembro de la entidad. Por tal raz\u00f3n, el ministro Mesa hablar\u00e1 con\u00a0el presidente ejecutivo de la AIE, Fatih Birol, para conocer los avances en el proceso de incorporaci\u00f3n del pa\u00eds.<\/p>\n<p id=\"p563194-m316-8-317\" class=\"parrafo\">La Reuni\u00f3n Ministerial abordar\u00e1\u00a0la transici\u00f3n y seguridad energ\u00e9tica y el impacto que puede tener en el sector los altos precios de los combustibles y de la energ\u00eda, derivados del conflicto entre Rusia y Ucrania.<\/p>\n<p>El encuentro ser\u00e1 presidido por la secretaria de Energ\u00eda de Estados Unidos,<b>\u00a0Jennifer Granholm,<\/b>\u00a0y contar\u00e1 tambi\u00e9n con la participaci\u00f3n del enviado especial de la Casa Blanca para el cambio Clim\u00e1tico, John Kerry.<\/p>\n<p>Tomado de: PORTAFOLIO<\/p>","protected":false},"excerpt":{"rendered":"<p>Entre el 23 y el 24 de marzo del 2022, Colombia\u00a0participar\u00e1 en la\u00a0Reuni\u00f3n Ministerial de la Agencia Internacional de la Energ\u00eda (AIE) 2022. El evento se realizar\u00e1 en\u00a0Par\u00eds\u00a0(Francia) y es catalogado como uno de los encuentros m\u00e1s relevantes en materia energ\u00e9tica. En \u00e9l se re\u00fanen los ministros de Energ\u00eda de las principales naciones del mundo,<\/p>","protected":false},"author":1,"featured_media":9320,"comment_status":"closed","ping_status":"closed","sticky":false,"template":"","format":"standard","meta":{"footnotes":""},"categories":[181],"tags":[],"class_list":["post-9319","post","type-post","status-publish","format-standard","has-post-thumbnail","hentry","category-noticias"],"views":74,"_links":{"self":[{"href":"https:\/\/www.amchambaq.com\/en\/wp-json\/wp\/v2\/posts\/9319","targetHints":{"allow":["GET"]}}],"collection":[{"href":"https:\/\/www.amchambaq.com\/en\/wp-json\/wp\/v2\/posts"}],"about":[{"href":"https:\/\/www.amchambaq.com\/en\/wp-json\/wp\/v2\/types\/post"}],"author":[{"embeddable":true,"href":"https:\/\/www.amchambaq.com\/en\/wp-json\/wp\/v2\/users\/1"}],"replies":[{"embeddable":true,"href":"https:\/\/www.amchambaq.com\/en\/wp-json\/wp\/v2\/comments?post=9319"}],"version-history":[{"count":1,"href":"https:\/\/www.amchambaq.com\/en\/wp-json\/wp\/v2\/posts\/9319\/revisions"}],"predecessor-version":[{"id":9321,"href":"https:\/\/www.amchambaq.com\/en\/wp-json\/wp\/v2\/posts\/9319\/revisions\/9321"}],"wp:featuredmedia":[{"embeddable":true,"href":"https:\/\/www.amchambaq.com\/en\/wp-json\/wp\/v2\/media\/9320"}],"wp:attachment":[{"href":"https:\/\/www.amchambaq.com\/en\/wp-json\/wp\/v2\/media?parent=9319"}],"wp:term":[{"taxonomy":"category","embeddable":true,"href":"https:\/\/www.amchambaq.com\/en\/wp-json\/wp\/v2\/categories?post=9319"},{"taxonomy":"post_tag","embeddable":true,"href":"https:\/\/www.amchambaq.com\/en\/wp-json\/wp\/v2\/tags?post=9319"}],"curies":[{"name":"wp","href":"https:\/\/api.w.org\/{rel}","templated":true}]}}