{"id":9295,"date":"2022-03-17T10:00:59","date_gmt":"2022-03-17T15:00:59","guid":{"rendered":"https:\/\/www.amchambaq.com\/?p=9295"},"modified":"2022-03-17T10:00:59","modified_gmt":"2022-03-17T15:00:59","slug":"la-reserva-federal-de-ee-uu-sube-las-tasas-de-interes-en-025-puntos","status":"publish","type":"post","link":"https:\/\/www.amchambaq.com\/en\/la-reserva-federal-de-ee-uu-sube-las-tasas-de-interes-en-025-puntos\/","title":{"rendered":"La Reserva Federal de EE. UU. sube las tasas de inter\u00e9s en 0,25 puntos"},"content":{"rendered":"<div id=\"body\" class=\"content-article size-m\">\n<p>La\u00a0<strong>Reserva Federal\u00a0<\/strong>(Fed, banco central) de\u00a0<strong>Estados Unidos<\/strong>\u00a0anunci\u00f3 este mi\u00e9rcoles una subida de las tasas de inter\u00e9s de 0,25 puntos porcentuales con el objetivo de luchar contra una<strong>\u00a0inflaci\u00f3n\u00a0<\/strong>desbocada, lo que supone el primer incremento desde 2018.<\/p>\n<p>Con esta subida, el tipo de inter\u00e9s oficial de la mayor econom\u00eda del mundo pasa a situarse en un rango\u00a0de entre el\u00a0<strong>0,25 % y el 0,5 %.<\/strong><\/p>\n<p>En un comunicado oficial al t\u00e9rmino de su reuni\u00f3n de dos d\u00edas, la\u00a0<strong>Junta de Gobernadores<\/strong>\u00a0del sistema de la Reserva Federal adelant\u00f3 que prev\u00e9 varias subidas m\u00e1s en el futuro, y que tambi\u00e9n espera empezar a reducir su cartera de deuda soberana estadounidense.<\/p>\n<p>Todo ello con el objetivo de virar, tras dos a\u00f1os de una fuerte<strong>\u00a0pol\u00edtica monetaria expansiva<\/strong>, a una contractiva que rebaje la cantidad de<strong>\u00a0dinero en circulaci\u00f3n,<\/strong>\u00a0haga aumentar el valor de d\u00f3lar y baje la presi\u00f3n sobre los precios para luchar contra la inflaci\u00f3n.<\/p>\n<\/div>\n<div id=\"paragraphs\" class=\"content-article paragraphs size-m\">\n<div class=\"field-collection-container clearfix\">\n<div class=\"field field-name-field-contenido-articulos-2 field-type-field-collection field-label-hidden\">\n<div class=\"field-item even\">\n<div class=\"field-collection-view clearfix view-mode-full field-collection-view-final\">\n<div>\n<div class=\"content\">\n<div class=\"paragraphs-items paragraphs-items-field-campos paragraphs-items-field-campos-full paragraphs-items-full\">\n<div class=\"field field-name-field-campos field-type-paragraphs field-label-hidden\">\n<div class=\"field-item even\">\n<div id=\"relacionado-body\">\n<div class=\"box-title\">\n<p>Adem\u00e1s de las presiones inflacionarias que ya se ven\u00edan viviendo desde hace meses, la\u00a0<strong>Fed\u00a0<\/strong>tambi\u00e9n cit\u00f3 en su comunicado la invasi\u00f3n rusa de Ucrania, que est\u00e1 causando &#8220;tremendos da\u00f1os humanos y econ\u00f3micos&#8221; y que est\u00e1 contribuyendo a que los precios suban todav\u00eda m\u00e1s.<\/p>\n<p>Un apunte interesante de la decisi\u00f3n de la Fed es que la decisi\u00f3n de subir los tipos en 0,25 puntos no fue un\u00e1nime, como es habitual en este organismo, sino que uno de los gobernadores regionales,\u00a0<strong>James Bullard de San Luis<\/strong>\u00a0(Misuri), se desmarc\u00f3 y vot\u00f3 en contra al ser partidario de una subida aun m\u00e1s agresiva, de medio punto.<\/p>\n<p>La semana pasada se conoci\u00f3 que el\u00a0<strong>\u00cdndice de Precios al Consumo en Estados Unidos\u00a0<\/strong>(IPC, lo que paga el consumidor final) se dispar\u00f3 en febrero hasta el 7,9 % -cuatro d\u00e9cimas por encima del de enero-, lo que supone el registro m\u00e1s alto de los precios de consumo en este pa\u00eds desde principios de 1982.<\/p>\n<p>Y ayer, la\u00a0<strong>Oficina de Estad\u00edsticas Laborales de EE. UU.<\/strong>\u00a0inform\u00f3 de que los precios que los productores pagan en el pa\u00eds por las materias primas y otros suministros subieron un 10% en tasa interanual el pasado mes de febrero.<\/p>\n<p>Tomado de: EL HERALDO<\/p>\n<\/div>\n<\/div>\n<\/div>\n<\/div>\n<\/div>\n<\/div>\n<\/div>\n<\/div>\n<\/div>\n<\/div>\n<\/div>\n<\/div>","protected":false},"excerpt":{"rendered":"<p>La\u00a0Reserva Federal\u00a0(Fed, banco central) de\u00a0Estados Unidos\u00a0anunci\u00f3 este mi\u00e9rcoles una subida de las tasas de inter\u00e9s de 0,25 puntos porcentuales con el objetivo de luchar contra una\u00a0inflaci\u00f3n\u00a0desbocada, lo que supone el primer incremento desde 2018. Con esta subida, el tipo de inter\u00e9s oficial de la mayor econom\u00eda del mundo pasa a situarse en un rango\u00a0de entre<\/p>","protected":false},"author":1,"featured_media":9296,"comment_status":"closed","ping_status":"closed","sticky":false,"template":"","format":"standard","meta":{"footnotes":""},"categories":[181],"tags":[],"class_list":["post-9295","post","type-post","status-publish","format-standard","has-post-thumbnail","hentry","category-noticias"],"views":84,"_links":{"self":[{"href":"https:\/\/www.amchambaq.com\/en\/wp-json\/wp\/v2\/posts\/9295","targetHints":{"allow":["GET"]}}],"collection":[{"href":"https:\/\/www.amchambaq.com\/en\/wp-json\/wp\/v2\/posts"}],"about":[{"href":"https:\/\/www.amchambaq.com\/en\/wp-json\/wp\/v2\/types\/post"}],"author":[{"embeddable":true,"href":"https:\/\/www.amchambaq.com\/en\/wp-json\/wp\/v2\/users\/1"}],"replies":[{"embeddable":true,"href":"https:\/\/www.amchambaq.com\/en\/wp-json\/wp\/v2\/comments?post=9295"}],"version-history":[{"count":1,"href":"https:\/\/www.amchambaq.com\/en\/wp-json\/wp\/v2\/posts\/9295\/revisions"}],"predecessor-version":[{"id":9297,"href":"https:\/\/www.amchambaq.com\/en\/wp-json\/wp\/v2\/posts\/9295\/revisions\/9297"}],"wp:featuredmedia":[{"embeddable":true,"href":"https:\/\/www.amchambaq.com\/en\/wp-json\/wp\/v2\/media\/9296"}],"wp:attachment":[{"href":"https:\/\/www.amchambaq.com\/en\/wp-json\/wp\/v2\/media?parent=9295"}],"wp:term":[{"taxonomy":"category","embeddable":true,"href":"https:\/\/www.amchambaq.com\/en\/wp-json\/wp\/v2\/categories?post=9295"},{"taxonomy":"post_tag","embeddable":true,"href":"https:\/\/www.amchambaq.com\/en\/wp-json\/wp\/v2\/tags?post=9295"}],"curies":[{"name":"wp","href":"https:\/\/api.w.org\/{rel}","templated":true}]}}