{"id":9271,"date":"2022-03-14T10:04:55","date_gmt":"2022-03-14T15:04:55","guid":{"rendered":"https:\/\/www.amchambaq.com\/?p=9271"},"modified":"2022-03-14T10:04:55","modified_gmt":"2022-03-14T15:04:55","slug":"la-costa-caribe-esta-en-una-etapa-de-crecimiento-procolombia","status":"publish","type":"post","link":"https:\/\/www.amchambaq.com\/en\/la-costa-caribe-esta-en-una-etapa-de-crecimiento-procolombia\/","title":{"rendered":"La Costa Caribe est\u00e1 en una etapa de crecimiento: ProColombia"},"content":{"rendered":"<p>Las exportaciones no minero energ\u00e9ticas del Atl\u00e1ntico sumaron m\u00e1s de USD1.600 millones en 2021 asegur\u00f3 la presidente de ProColombia,\u00a0<strong>Flavia Santoro<\/strong>.<\/p>\n<p>Este resultado refleja un crecimiento del\u00a0<strong>32 %<\/strong>, el cual es mayor al promedio nacional.<\/p>\n<p>Santoro destac\u00f3 que los sectores del departamento con mayores exportaciones son materiales de construcci\u00f3n, dotaci\u00f3n y art\u00edculos de decoraci\u00f3n y de fiestas al igual que qu\u00edmicos y<strong>\u00a0ciencias de la vida<\/strong>.<\/p>\n<p>Desde el Atl\u00e1ntico sale el 51 % de las exportaciones de\u00a0<strong>agroqu\u00edmico<\/strong>s que realiza Colombia, el 70 % de aceros y grasas y el 58 % de las de materiales de construcci\u00f3n los cuales son elaborados por empresas barranquilleras.<\/p>\n<div class=\"field-item odd\">\n<div class=\"entity entity-paragraphs-item paragraphs-item-descripcion\">\n<div class=\"content\">\n<div class=\"field field-name-field-descripcion field-type-text-long field-label-hidden\">\n<div class=\"field-items\">\n<div class=\"field-item even\">\n<p>\u201cHay mucho\u00a0<strong>valor agregado<\/strong>, hay diversificaci\u00f3n y empresas que le apuestan a la internacionalizaci\u00f3n\u201d, dijo a su vez\u00a0<strong>Juliana Villegas<\/strong>, vicepresidente de exportaciones de\u00a0<strong>Procolombia<\/strong>.<\/p>\n<p>Santoro destac\u00f3 que la\u00a0<strong>Costa Caribe<\/strong>\u00a0ya \u201cdio el salto de la reactivaci\u00f3n al crecimiento econ\u00f3mico\u201d con importantes indicadores especialmente en el Atl\u00e1ntico, Cesar, La Guajira, Magdalena y San Andr\u00e9s.<\/p>\n<p>En 2021, por ejemplo, las exportaciones del Atl\u00e1ntico, Cesar, La Guajira y Magdalena alcanzaron alrededor de USD2.400 millones.<\/p>\n<p><strong>Turismo y energ\u00eda<\/strong><\/p>\n<p>La regi\u00f3n cuenta con grandes\u00a0<strong>fortalezas<\/strong>\u00a0en materia de turismo con aumentos sostenidos en la llegada de visitantes nacionales y extranjeros, la recepci\u00f3n de inversiones y una mayor conectividad no solo con destinos dom\u00e9sticos sino tambi\u00e9n internacionales.<\/p>\n<p>Las energ\u00edas renovables son otro sector que atrae inversiones como el proyecto de almacenamiento de energ\u00eda en bater\u00edas que se ejecuta en el Atl\u00e1ntico y que es el primero de su tipo en<strong>\u00a0Am\u00e9rica Latina,<\/strong>\u00a0a esto se suma est\u00e1 el reciente anuncio del\u00a0<strong>parque e\u00f3lico offshore<\/strong>\u00a0en Barranquilla.<\/p>\n<p>Tambi\u00e9n hay otros proyectos solares y e\u00f3licos en la Costa especialmente en\u00a0<strong>La Guajira<\/strong>.<\/p>\n<p>Inversiones. Las inversiones extranjeras que ha recibido la regi\u00f3n en este Gobierno suman\u00a0<strong>USD5.300<\/strong>\u00a0millones y han apalancado 53 mil empleos, detall\u00f3 la funcionaria.<\/p>\n<p>En el caso del\u00a0<strong>Atl\u00e1ntico<\/strong>\u00a0se resaltan las inversiones recibidas en 2021 por empresas como Marriott, Office Partner 360, Majorel, Casa Ideas, Parque Arauco, Alsea, Caribe Aventura y Waston. As\u00ed mismo, se resaltan ampliaciones y reinversiones por empresas como\u00a0<strong>Proflo,<\/strong>\u00a0<strong>Corteva\u00a0<\/strong>y\u00a0<strong>OPP Film.<\/strong><\/p>\n<\/div>\n<\/div>\n<\/div>\n<\/div>\n<\/div>\n<\/div>\n<div class=\"field-item even\">\n<div id=\"relacionado-body\">\n<div class=\"box-title\">\n<div id=\"paragraphs\" class=\"content-article paragraphs size-m\">\n<div class=\"field-collection-container clearfix\">\n<div class=\"field field-name-field-contenido-articulos-2 field-type-field-collection field-label-hidden\">\n<div class=\"field-item even\">\n<div class=\"field-collection-view clearfix view-mode-full field-collection-view-final\">\n<div>\n<div class=\"content\">\n<div class=\"paragraphs-items paragraphs-items-field-campos paragraphs-items-field-campos-full paragraphs-items-full\">\n<div class=\"field field-name-field-campos field-type-paragraphs field-label-hidden\">\n<div class=\"field-item odd\">\n<div class=\"entity entity-paragraphs-item paragraphs-item-descripcion\">\n<div class=\"content\">\n<div class=\"field field-name-field-descripcion field-type-text-long field-label-hidden\">\n<div class=\"field-items\">\n<div class=\"field-item even\">\n<p><strong>Puerto acogedor<\/strong><\/p>\n<p>La presidente de\u00a0<strong>ProColombia<\/strong>\u00a0dio a conocer que la sociedad\u00a0<strong>Puerto de Barranquilla\u00a0<\/strong>recibi\u00f3 el sello que lo denomina como \u2018un puerto acogedor\u2019 en el marco de la campa\u00f1a \u2018<strong>Colombia, el pa\u00eds m\u00e1s acogedor del mundo\u2019.<\/strong><\/p>\n<p>El presidente del terminal,\u00a0<strong>Ren\u00e9 Puche<\/strong>, dijo que este sello no solo demuestra la \u201cindiosincracia de los barrranquilleros\u201d, sino que evidencia que son un puerto eficiente.<\/p>\n<p>\u201cSer escogidos como el primer puerto del pa\u00eds con este sello habla muy bien de nuestro terminal y de nuestros<strong>\u00a0colaboradores<\/strong>\u201d, agreg\u00f3.<\/p>\n<\/div>\n<\/div>\n<\/div>\n<\/div>\n<\/div>\n<\/div>\n<\/div>\n<\/div>\n<\/div>\n<\/div>\n<\/div>\n<\/div>\n<\/div>\n<\/div>\n<\/div>\n<div id=\"redes\" class=\"redes-compartir\">Tomado de: EL HERALDO<\/div>\n<\/div>\n<\/div>\n<\/div>","protected":false},"excerpt":{"rendered":"<p>Las exportaciones no minero energ\u00e9ticas del Atl\u00e1ntico sumaron m\u00e1s de USD1.600 millones en 2021 asegur\u00f3 la presidente de ProColombia,\u00a0Flavia Santoro. Este resultado refleja un crecimiento del\u00a032 %, el cual es mayor al promedio nacional. Santoro destac\u00f3 que los sectores del departamento con mayores exportaciones son materiales de construcci\u00f3n, dotaci\u00f3n y art\u00edculos de decoraci\u00f3n y de<\/p>","protected":false},"author":1,"featured_media":9272,"comment_status":"closed","ping_status":"closed","sticky":false,"template":"","format":"standard","meta":{"footnotes":""},"categories":[181],"tags":[],"class_list":["post-9271","post","type-post","status-publish","format-standard","has-post-thumbnail","hentry","category-noticias"],"views":70,"_links":{"self":[{"href":"https:\/\/www.amchambaq.com\/en\/wp-json\/wp\/v2\/posts\/9271","targetHints":{"allow":["GET"]}}],"collection":[{"href":"https:\/\/www.amchambaq.com\/en\/wp-json\/wp\/v2\/posts"}],"about":[{"href":"https:\/\/www.amchambaq.com\/en\/wp-json\/wp\/v2\/types\/post"}],"author":[{"embeddable":true,"href":"https:\/\/www.amchambaq.com\/en\/wp-json\/wp\/v2\/users\/1"}],"replies":[{"embeddable":true,"href":"https:\/\/www.amchambaq.com\/en\/wp-json\/wp\/v2\/comments?post=9271"}],"version-history":[{"count":1,"href":"https:\/\/www.amchambaq.com\/en\/wp-json\/wp\/v2\/posts\/9271\/revisions"}],"predecessor-version":[{"id":9273,"href":"https:\/\/www.amchambaq.com\/en\/wp-json\/wp\/v2\/posts\/9271\/revisions\/9273"}],"wp:featuredmedia":[{"embeddable":true,"href":"https:\/\/www.amchambaq.com\/en\/wp-json\/wp\/v2\/media\/9272"}],"wp:attachment":[{"href":"https:\/\/www.amchambaq.com\/en\/wp-json\/wp\/v2\/media?parent=9271"}],"wp:term":[{"taxonomy":"category","embeddable":true,"href":"https:\/\/www.amchambaq.com\/en\/wp-json\/wp\/v2\/categories?post=9271"},{"taxonomy":"post_tag","embeddable":true,"href":"https:\/\/www.amchambaq.com\/en\/wp-json\/wp\/v2\/tags?post=9271"}],"curies":[{"name":"wp","href":"https:\/\/api.w.org\/{rel}","templated":true}]}}