{"id":9265,"date":"2022-03-14T09:55:25","date_gmt":"2022-03-14T14:55:25","guid":{"rendered":"https:\/\/www.amchambaq.com\/?p=9265"},"modified":"2022-03-14T09:55:25","modified_gmt":"2022-03-14T14:55:25","slug":"estos-son-los-11-candidatos-que-se-disputaran-la-presidencia-el-29-de-mayo","status":"publish","type":"post","link":"https:\/\/www.amchambaq.com\/en\/estos-son-los-11-candidatos-que-se-disputaran-la-presidencia-el-29-de-mayo\/","title":{"rendered":"Estos son los 11 candidatos que se disputar\u00e1n la presidencia el 29 de mayo"},"content":{"rendered":"<p>Definidos los ganadores de cada una de las coaliciones, ya est\u00e1n listos los 11 nombres que integran la lista oficial de presidenciables para las elecciones del domingo 29 de mayo. Federico Guti\u00e9rrez, del Equipo por Colombia; Gustavo Petro, del Pacto Hist\u00f3rico; y Sergio Fajardo, del Centro Esperanza, superaron el primer requisito, pero otros candidatos los esperan en la primera vuelta.<\/p>\n<p>Ingrid Betancourt, candidata por el partido Verde Ox\u00edgeno, es uno de los nombres que volvieron a sonar en la pol\u00edtica colombiana. \u201cHay que decirles a los colombianos que es irresponsable decir que no se debe subir la edad de pensi\u00f3n\u201d, dijo a LR.<\/p>\n<p>Por Cambio Radical, y ante la incertidumbre de la entrada o no de Germ\u00e1n Vargas Lleras a la contienda, se postula Germ\u00e1n C\u00f3rdoba Ordo\u00f1ez, oriundo de Nari\u00f1o y quien ocup\u00f3 el puesto de secretario general del partido desde 2017.<\/p>\n<p>Enrique G\u00f3mez es el candidato por el Movimiento de Salvaci\u00f3n Nacional, partido que se denomina \u201cdefensor de los principios conservadores de Colombia\u201d.<\/p>\n<p>El exalcalde de Bucaramanga, Rodolfo Hern\u00e1ndez, oficializ\u00f3 hace unos d\u00edas su candidatura presidencial ante la Registradur\u00eda Nacional, junto con su f\u00f3rmula de vicepresidente, la acad\u00e9mica Marelen Castillo.<\/p>\n<p>Cabe destacar que Marelen Castillo, f\u00f3rmula vicepresidencial de Hern\u00e1ndez, fue vicerrectora acad\u00e9mica de la Uniminuto, cargo al cual renunci\u00f3 para poder aspirar a este cargo p\u00fablico.<\/p>\n<p>El exministro de Ambiente, Luis Gilberto Murillo, es el candidato de Colombia Renaciente, y es otro de los que oficializaron hace poco sus aspiraciones presidenciales, como John Milton Rodr\u00edguez de Colombia Justa-Libres.<\/p>\n<p>Tambi\u00e9n, en la contienda estar\u00e1 el exalcalde de Medell\u00edn, Luis P\u00e9rez Guti\u00e9rrez.<\/p>\n<p>Por el Centro Democr\u00e1tico ir\u00e1 \u00d3scar Ivan Zuluaga, quien se present\u00f3 junto a Alicia Eugenia Silva como f\u00f3rmula en la vicepresidencia.<\/p>\n<p><strong>Plazos para c\u00e9dulas<\/strong><\/p>\n<p>Cabe resaltar que el plazo para la inscripci\u00f3n de c\u00e9dulas en la elecci\u00f3n presidencial ir\u00e1 hasta el pr\u00f3ximo 29 de marzo; lo anterior, para aquellos que quieran cambiar su lugar de votaci\u00f3n o que desean participar de la elecci\u00f3n.<\/p>\n<p>En caso de que sea necesaria una segunda vuelta, esta ser\u00eda el 19 de junio.<\/p>\n<p>Tomado de: LA REP\u00daBLICA<\/p>","protected":false},"excerpt":{"rendered":"<p>Definidos los ganadores de cada una de las coaliciones, ya est\u00e1n listos los 11 nombres que integran la lista oficial de presidenciables para las elecciones del domingo 29 de mayo. Federico Guti\u00e9rrez, del Equipo por Colombia; Gustavo Petro, del Pacto Hist\u00f3rico; y Sergio Fajardo, del Centro Esperanza, superaron el primer requisito, pero otros candidatos los<\/p>","protected":false},"author":1,"featured_media":9266,"comment_status":"closed","ping_status":"closed","sticky":false,"template":"","format":"standard","meta":{"footnotes":""},"categories":[181],"tags":[],"class_list":["post-9265","post","type-post","status-publish","format-standard","has-post-thumbnail","hentry","category-noticias"],"views":60,"_links":{"self":[{"href":"https:\/\/www.amchambaq.com\/en\/wp-json\/wp\/v2\/posts\/9265","targetHints":{"allow":["GET"]}}],"collection":[{"href":"https:\/\/www.amchambaq.com\/en\/wp-json\/wp\/v2\/posts"}],"about":[{"href":"https:\/\/www.amchambaq.com\/en\/wp-json\/wp\/v2\/types\/post"}],"author":[{"embeddable":true,"href":"https:\/\/www.amchambaq.com\/en\/wp-json\/wp\/v2\/users\/1"}],"replies":[{"embeddable":true,"href":"https:\/\/www.amchambaq.com\/en\/wp-json\/wp\/v2\/comments?post=9265"}],"version-history":[{"count":1,"href":"https:\/\/www.amchambaq.com\/en\/wp-json\/wp\/v2\/posts\/9265\/revisions"}],"predecessor-version":[{"id":9267,"href":"https:\/\/www.amchambaq.com\/en\/wp-json\/wp\/v2\/posts\/9265\/revisions\/9267"}],"wp:featuredmedia":[{"embeddable":true,"href":"https:\/\/www.amchambaq.com\/en\/wp-json\/wp\/v2\/media\/9266"}],"wp:attachment":[{"href":"https:\/\/www.amchambaq.com\/en\/wp-json\/wp\/v2\/media?parent=9265"}],"wp:term":[{"taxonomy":"category","embeddable":true,"href":"https:\/\/www.amchambaq.com\/en\/wp-json\/wp\/v2\/categories?post=9265"},{"taxonomy":"post_tag","embeddable":true,"href":"https:\/\/www.amchambaq.com\/en\/wp-json\/wp\/v2\/tags?post=9265"}],"curies":[{"name":"wp","href":"https:\/\/api.w.org\/{rel}","templated":true}]}}