{"id":9255,"date":"2022-03-11T08:30:03","date_gmt":"2022-03-11T13:30:03","guid":{"rendered":"https:\/\/www.amchambaq.com\/?p=9255"},"modified":"2022-03-11T08:30:03","modified_gmt":"2022-03-11T13:30:03","slug":"duque-senalo-que-su-llegada-a-la-casa-blanca-tiene-propositos-concretos-con-ee-uu","status":"publish","type":"post","link":"https:\/\/www.amchambaq.com\/en\/duque-senalo-que-su-llegada-a-la-casa-blanca-tiene-propositos-concretos-con-ee-uu\/","title":{"rendered":"Duque se\u00f1al\u00f3 que su llegada a la Casa Blanca tiene &#8220;prop\u00f3sitos concretos&#8221; con EE.UU."},"content":{"rendered":"<p>Hacia las 2:19 p.m. de este jueves, 10 de marzo, el Presidente de Colombia, Iv\u00e1n Duque anunci\u00f3 su llegada a la Casa Blanca tras la invitaci\u00f3n de su hom\u00f3logo de EE.UU, Joe Biden, ad portas de la conmemoraci\u00f3n de los 200 a\u00f1os de relaci\u00f3n diplom\u00e1tica de los dos pa\u00edses y la discusi\u00f3n de otros temas de agenda econ\u00f3mica y pol\u00edtica.<\/p>\n<p>El mandatario de los colombianos indic\u00f3 que a su visita por la capital del mundo llega &#8220;con prop\u00f3sitos concretos, para afianzar y conmemorar 200 a\u00f1os de positivas relaciones bilaterales&#8221;.<\/p>\n<div class=\"news economiaSect\">\n<div class=\"html-content\">\n<p>Aunque al momento, no hay detalles sobre el encuentro, se espera que la conversaci\u00f3n que pueda llegar a darse en torno al\u00a0<u>abastecimiento y aumento de la producci\u00f3n mundial de petr\u00f3leo<\/u>. Entre otros temas de la agenda, se podr\u00eda abordar la defensa de la democracia, el narcotr\u00e1fico, el cambio clim\u00e1tico, la transici\u00f3n energ\u00e9tica, la reactivaci\u00f3n econ\u00f3mica, el apoyo al proyecto Paz con Legalidad, el comercio y la inversi\u00f3n.<\/p>\n<p>De acuerdo con los anuncios oficiales, la cita entre los presidentes durar\u00e1 una hora y cerca a las 3:00 p.m. habr\u00e1 una declaraci\u00f3n conjunta desde los jardines de la Casa Blanca.<\/p>\n<p>Es importante resaltar, que Duque es el segundo presidente latinoamericano en ser recibido en la Casa Blanca durante el mandato de Joe Biden, despu\u00e9s del mexicano Andr\u00e9s Manuel L\u00f3pez Obrador, quien estuvo en noviembre en el marco de la Cumbre de l\u00edderes de Am\u00e9rica del Norte.<\/p>\n<\/div>\n<\/div>\n<div>Tomado de: LA REP\u00daBLICA<\/div>","protected":false},"excerpt":{"rendered":"<p>Hacia las 2:19 p.m. de este jueves, 10 de marzo, el Presidente de Colombia, Iv\u00e1n Duque anunci\u00f3 su llegada a la Casa Blanca tras la invitaci\u00f3n de su hom\u00f3logo de EE.UU, Joe Biden, ad portas de la conmemoraci\u00f3n de los 200 a\u00f1os de relaci\u00f3n diplom\u00e1tica de los dos pa\u00edses y la discusi\u00f3n de otros temas<\/p>","protected":false},"author":1,"featured_media":9256,"comment_status":"closed","ping_status":"closed","sticky":false,"template":"","format":"standard","meta":{"footnotes":""},"categories":[181],"tags":[],"class_list":["post-9255","post","type-post","status-publish","format-standard","has-post-thumbnail","hentry","category-noticias"],"views":90,"_links":{"self":[{"href":"https:\/\/www.amchambaq.com\/en\/wp-json\/wp\/v2\/posts\/9255","targetHints":{"allow":["GET"]}}],"collection":[{"href":"https:\/\/www.amchambaq.com\/en\/wp-json\/wp\/v2\/posts"}],"about":[{"href":"https:\/\/www.amchambaq.com\/en\/wp-json\/wp\/v2\/types\/post"}],"author":[{"embeddable":true,"href":"https:\/\/www.amchambaq.com\/en\/wp-json\/wp\/v2\/users\/1"}],"replies":[{"embeddable":true,"href":"https:\/\/www.amchambaq.com\/en\/wp-json\/wp\/v2\/comments?post=9255"}],"version-history":[{"count":1,"href":"https:\/\/www.amchambaq.com\/en\/wp-json\/wp\/v2\/posts\/9255\/revisions"}],"predecessor-version":[{"id":9257,"href":"https:\/\/www.amchambaq.com\/en\/wp-json\/wp\/v2\/posts\/9255\/revisions\/9257"}],"wp:featuredmedia":[{"embeddable":true,"href":"https:\/\/www.amchambaq.com\/en\/wp-json\/wp\/v2\/media\/9256"}],"wp:attachment":[{"href":"https:\/\/www.amchambaq.com\/en\/wp-json\/wp\/v2\/media?parent=9255"}],"wp:term":[{"taxonomy":"category","embeddable":true,"href":"https:\/\/www.amchambaq.com\/en\/wp-json\/wp\/v2\/categories?post=9255"},{"taxonomy":"post_tag","embeddable":true,"href":"https:\/\/www.amchambaq.com\/en\/wp-json\/wp\/v2\/tags?post=9255"}],"curies":[{"name":"wp","href":"https:\/\/api.w.org\/{rel}","templated":true}]}}