{"id":9253,"date":"2022-03-11T08:27:49","date_gmt":"2022-03-11T13:27:49","guid":{"rendered":"https:\/\/www.amchambaq.com\/?p=9253"},"modified":"2022-03-11T08:27:49","modified_gmt":"2022-03-11T13:27:49","slug":"colombia-es-el-tercer-pais-de-america-latina-en-convertirse-en-miembro-extra-otan","status":"publish","type":"post","link":"https:\/\/www.amchambaq.com\/en\/colombia-es-el-tercer-pais-de-america-latina-en-convertirse-en-miembro-extra-otan\/","title":{"rendered":"Colombia es el tercer pa\u00eds de Am\u00e9rica Latina en convertirse en miembro extra-Otan"},"content":{"rendered":"<p>Este jueves se llev\u00f3 a cabo en la Casa Blanca la reuni\u00f3n entre el presidente de Estados Unidos, Joe Biden y el primer mandatario de Colombia,\u00a0<u>Iv\u00e1n Duque<\/u>, en conmemoraci\u00f3n de los 200 a\u00f1os de relaci\u00f3n diplom\u00e1tica de los dos pa\u00edses y la discusi\u00f3n de otros temas de agenda econ\u00f3mica y pol\u00edtica.<\/p>\n<p>Aunque reunirse con el l\u00edder estadounidense era un objetivo que Duque se hab\u00eda trazado hace alg\u00fan tiempo en su agenda exterior, este fue el primer encuentro formal entre ambos jefes de Gobierno desde la posesi\u00f3n de Biden en 2021. Es importante recordar que el mandatario nacional en octubre ya hab\u00eda visitado Washington. Sin embargo, para este tiempo,\u00a0<u>Biden no lo recibi\u00f3 en su despacho<\/u>.<\/p>\n<p>Pese a que en esta oportunidad el colombiano arrib\u00f3 con incertidumbre a la potencia por la reciente visita de altos funcionarios de Biden a Venezuela, indic\u00f3 que se trat\u00f3 de una cita amplia y productiva que tuvo como ejes tem\u00e1ticos la agenda para el cambio clim\u00e1tico, la seguridad global y regional, la migraci\u00f3n y la atenci\u00f3n del covid-19.<\/p>\n<p>Al t\u00e9rmino del encuentro con su hom\u00f3logo de EE.UU y desde los jardines de la Casa Blanca, el presidente Duque anunci\u00f3 dos hitos importantes que se consolidaron tras su conversaci\u00f3n privada en Washington.<\/p>\n<p>El primer anuncio tuvo que ver con la designaci\u00f3n de Colombia como aliado estrat\u00e9gico no miembro de la Otan, convirti\u00e9ndose as\u00ed, en la tercera naci\u00f3n latinoamericana en lograr ese estatus especial, luego de Brasil y Argentina.<\/p>\n<p>Es importante resaltar, que este logro adem\u00e1s de mostrar una s\u00f3lida la relaci\u00f3n con EE.UU., tambi\u00e9n le permitir\u00eda al pa\u00eds participar de los proyectos cooperativos del Departamento de Defensa de Estados Unidos como los programas antiterrorismo. Entre otras cosas, tambi\u00e9n podr\u00eda acceder al material b\u00e9lico estadounidense, obtener pr\u00e9stamos de equipos y conseguir materiales para la investigaci\u00f3n. \u201cEsta legislaci\u00f3n eleva la relaci\u00f3n de Colombia con EE. UU. a lo m\u00e1s alto de nuestra historia\u201d, precis\u00f3 el mandatario nacional, quien de otro lado, se refiri\u00f3 al inter\u00e9s del presidente estadounidense por convertir a Colombia en un referente para la iniciativa Build Back Better World. Siendo este el horizonte para lograr impulsar proyectos de inversi\u00f3n en Am\u00e9rica Latina en diferentes aristas de la sociedad, principalmente, en infraestructura, equidad de g\u00e9nero, reforestaci\u00f3n y conectividad digital.<\/p>\n<p>Ante la visita de una comisi\u00f3n estadounidense a\u00a0<u>Venezuela<\/u>, Duque prefiri\u00f3 no ahondar en detalles, sin embargo, s\u00ed precis\u00f3 que el punto com\u00fan entre ambos pa\u00edses es la importancia por fortalecer la defensa de La Carta Democr\u00e1tica Interamericana como camino para resolver la crisis migratoria.<\/p>\n<p>Finalmente, el Gobierno norteamericano indic\u00f3 que donar\u00e1 cerca de 2 millones de vacunas a Colombia, mientras que en materia ambiental, (transici\u00f3n energ\u00e9tica) har\u00e1 inversiones para hidr\u00f3geno verde y asimismo, respaldar\u00e1 la declaratoria de \u00e1reas protegidas en 30% del territorio nacional.<\/p>\n<p>Tomado de: LA REP\u00daBLICA<\/p>","protected":false},"excerpt":{"rendered":"<p>Este jueves se llev\u00f3 a cabo en la Casa Blanca la reuni\u00f3n entre el presidente de Estados Unidos, Joe Biden y el primer mandatario de Colombia,\u00a0Iv\u00e1n Duque, en conmemoraci\u00f3n de los 200 a\u00f1os de relaci\u00f3n diplom\u00e1tica de los dos pa\u00edses y la discusi\u00f3n de otros temas de agenda econ\u00f3mica y pol\u00edtica. Aunque reunirse con el<\/p>","protected":false},"author":1,"featured_media":9130,"comment_status":"closed","ping_status":"closed","sticky":false,"template":"","format":"standard","meta":{"footnotes":""},"categories":[181],"tags":[],"class_list":["post-9253","post","type-post","status-publish","format-standard","has-post-thumbnail","hentry","category-noticias"],"views":77,"_links":{"self":[{"href":"https:\/\/www.amchambaq.com\/en\/wp-json\/wp\/v2\/posts\/9253","targetHints":{"allow":["GET"]}}],"collection":[{"href":"https:\/\/www.amchambaq.com\/en\/wp-json\/wp\/v2\/posts"}],"about":[{"href":"https:\/\/www.amchambaq.com\/en\/wp-json\/wp\/v2\/types\/post"}],"author":[{"embeddable":true,"href":"https:\/\/www.amchambaq.com\/en\/wp-json\/wp\/v2\/users\/1"}],"replies":[{"embeddable":true,"href":"https:\/\/www.amchambaq.com\/en\/wp-json\/wp\/v2\/comments?post=9253"}],"version-history":[{"count":1,"href":"https:\/\/www.amchambaq.com\/en\/wp-json\/wp\/v2\/posts\/9253\/revisions"}],"predecessor-version":[{"id":9254,"href":"https:\/\/www.amchambaq.com\/en\/wp-json\/wp\/v2\/posts\/9253\/revisions\/9254"}],"wp:featuredmedia":[{"embeddable":true,"href":"https:\/\/www.amchambaq.com\/en\/wp-json\/wp\/v2\/media\/9130"}],"wp:attachment":[{"href":"https:\/\/www.amchambaq.com\/en\/wp-json\/wp\/v2\/media?parent=9253"}],"wp:term":[{"taxonomy":"category","embeddable":true,"href":"https:\/\/www.amchambaq.com\/en\/wp-json\/wp\/v2\/categories?post=9253"},{"taxonomy":"post_tag","embeddable":true,"href":"https:\/\/www.amchambaq.com\/en\/wp-json\/wp\/v2\/tags?post=9253"}],"curies":[{"name":"wp","href":"https:\/\/api.w.org\/{rel}","templated":true}]}}