{"id":9232,"date":"2022-03-08T14:59:02","date_gmt":"2022-03-08T19:59:02","guid":{"rendered":"https:\/\/www.amchambaq.com\/?p=9232"},"modified":"2022-03-08T14:59:02","modified_gmt":"2022-03-08T19:59:02","slug":"caf-aprobo-prestamo-para-impulsar-economia-naranja-y-mitigar-el-cambio-climatico","status":"publish","type":"post","link":"https:\/\/www.amchambaq.com\/en\/caf-aprobo-prestamo-para-impulsar-economia-naranja-y-mitigar-el-cambio-climatico\/","title":{"rendered":"CAF aprob\u00f3 pr\u00e9stamo para impulsar econom\u00eda naranja y mitigar el cambio clim\u00e1tico"},"content":{"rendered":"<p>Colombia recibir\u00e1 dos pr\u00e9stamos por US$ 600 millones aprobados por el CAF-Banco de Desarrollo de Am\u00e9rica Latina, los cuales estar\u00e1n destinados para incentivar el crecimiento de la econom\u00eda naranja, adem\u00e1s de implementar medidas para contribuir al crecimiento sostenible.<\/p>\n<p>Se busca con los recursos gestionar de manera adecuada el capital y el cambio clim\u00e1tico. En adici\u00f3n, se aprob\u00f3 hasta US$1.200 millones para financiar proyectos de inversi\u00f3n para contribuir al cumplimiento de los Objetivos de Desarrollo Sostenibles.<\/p>\n<p>&#8220;El primer pr\u00e9stamo, de US$300 millones, se enmarca en el Plan Nacional de Desarrollo 2018-2022 \u201cPacto por Colombia, pacto por la equidad\u201d, y apoya los esfuerzos del gobierno para promover las industrias culturales y creativas y aumentar su contribuci\u00f3n a la generaci\u00f3n de riqueza, empleo, crecimiento econ\u00f3mico y mejoramiento de la calidad de vida de las comunidades de creadores y los territorios&#8221;, dijo el CAG.<\/p>\n<p>Este pr\u00e9stamos est\u00e1 destinado para la econom\u00eda naranja y el desarrollo de industrias creativas, adem\u00e1s del fortalecimiento del entorno institucional para articular los esfuerzos de los sectores p\u00fablicos y privados.<\/p>\n<p>Por otro lado, el segundo pr\u00e9stamo, tambi\u00e9n por US$300 millones, ser\u00e1 dado con otros bancos multilaterales para que el Gobierno de Colombia pueda desarrollar pol\u00edticas p\u00fablicas que mejoren la gesti\u00f3n de biodiversidad y la acci\u00f3n clim\u00e1tica.<\/p>\n<p>\u201cEstos pr\u00e9stamos suponen un reconocimiento al liderazgo del Gobierno de Colombia en temas de alto impacto socioecon\u00f3mico como el cambio clim\u00e1tico, el impulso de las industrias creativas y culturales y la reducci\u00f3n de la pobreza en todo el pa\u00eds. Desde CAF seguiremos apoyando aquellas iniciativas que contribuyan al crecimiento verde y a la generaci\u00f3n de m\u00e1s y mejores oportunidades para los j\u00f3venes y trabajadores\u201d, dijo Sergio Diaz-Granados, presidente ejecutivo de la CAF.<\/p>\n<p>Tomado de: LA REP\u00daBLICA<\/p>","protected":false},"excerpt":{"rendered":"<p>Colombia recibir\u00e1 dos pr\u00e9stamos por US$ 600 millones aprobados por el CAF-Banco de Desarrollo de Am\u00e9rica Latina, los cuales estar\u00e1n destinados para incentivar el crecimiento de la econom\u00eda naranja, adem\u00e1s de implementar medidas para contribuir al crecimiento sostenible. Se busca con los recursos gestionar de manera adecuada el capital y el cambio clim\u00e1tico. En adici\u00f3n,<\/p>","protected":false},"author":1,"featured_media":8675,"comment_status":"closed","ping_status":"closed","sticky":false,"template":"","format":"standard","meta":{"footnotes":""},"categories":[181],"tags":[],"class_list":["post-9232","post","type-post","status-publish","format-standard","has-post-thumbnail","hentry","category-noticias"],"views":71,"_links":{"self":[{"href":"https:\/\/www.amchambaq.com\/en\/wp-json\/wp\/v2\/posts\/9232","targetHints":{"allow":["GET"]}}],"collection":[{"href":"https:\/\/www.amchambaq.com\/en\/wp-json\/wp\/v2\/posts"}],"about":[{"href":"https:\/\/www.amchambaq.com\/en\/wp-json\/wp\/v2\/types\/post"}],"author":[{"embeddable":true,"href":"https:\/\/www.amchambaq.com\/en\/wp-json\/wp\/v2\/users\/1"}],"replies":[{"embeddable":true,"href":"https:\/\/www.amchambaq.com\/en\/wp-json\/wp\/v2\/comments?post=9232"}],"version-history":[{"count":1,"href":"https:\/\/www.amchambaq.com\/en\/wp-json\/wp\/v2\/posts\/9232\/revisions"}],"predecessor-version":[{"id":9233,"href":"https:\/\/www.amchambaq.com\/en\/wp-json\/wp\/v2\/posts\/9232\/revisions\/9233"}],"wp:featuredmedia":[{"embeddable":true,"href":"https:\/\/www.amchambaq.com\/en\/wp-json\/wp\/v2\/media\/8675"}],"wp:attachment":[{"href":"https:\/\/www.amchambaq.com\/en\/wp-json\/wp\/v2\/media?parent=9232"}],"wp:term":[{"taxonomy":"category","embeddable":true,"href":"https:\/\/www.amchambaq.com\/en\/wp-json\/wp\/v2\/categories?post=9232"},{"taxonomy":"post_tag","embeddable":true,"href":"https:\/\/www.amchambaq.com\/en\/wp-json\/wp\/v2\/tags?post=9232"}],"curies":[{"name":"wp","href":"https:\/\/api.w.org\/{rel}","templated":true}]}}