{"id":9202,"date":"2022-03-02T08:35:40","date_gmt":"2022-03-02T13:35:40","guid":{"rendered":"https:\/\/www.amchambaq.com\/?p=9202"},"modified":"2022-03-02T08:35:40","modified_gmt":"2022-03-02T13:35:40","slug":"casa-blanca-anunciara-visita-del-presidente-ivan-duque-para-reunirse-con-joe-biden","status":"publish","type":"post","link":"https:\/\/www.amchambaq.com\/en\/casa-blanca-anunciara-visita-del-presidente-ivan-duque-para-reunirse-con-joe-biden\/","title":{"rendered":"Casa Blanca anunciar\u00e1 visita del presidente Iv\u00e1n Duque para reunirse con Joe Biden"},"content":{"rendered":"<p>Seg\u00fan anunci\u00f3 La FM, la Casa Blanca anunciar\u00e1 una visita oficial en la que se reunir\u00e1 el presidente Iv\u00e1n Duque con el presidente Joe Biden.<\/p>\n<p>El encuentro entre ambos mandatarios se llevar\u00eda a cabo antes del 10 de marzo. Adem\u00e1s, ser\u00eda la primera vez en la que ambos se encontrar\u00edan a puerta cerrada. Esto se da a solo cinco meses de que Duque entregue la Presidencia en agosto.<\/p>\n<div class=\"news economiaSect\">\n<div class=\"html-content\">\n<p>Se espera, entonces, que\u00a0<u>Duque<\/u>\u00a0y Biden se re\u00fanan dos veces este semestre. La primera ocasi\u00f3n ser\u00e1 para celebrar los 200 a\u00f1os de las relaciones entre Estados Unidos y Colombia. Por su parte, el segundo encuentro se dar\u00eda en la Cumbre de las Am\u00e9ricas, la cual est\u00e1 programada a mediados de abril.<\/p>\n<p>El encuentro genera expectativa ya que, a parte de ser el primer encuentro entre los hom\u00f3logos, se dar\u00eda en plena contienda electoral para el Congreso y la Presidencia.<\/p>\n<\/div>\n<\/div>\n<div class=\"mt-5\">Tomado de: LA REP\u00daBLICA<\/div>","protected":false},"excerpt":{"rendered":"<p>Seg\u00fan anunci\u00f3 La FM, la Casa Blanca anunciar\u00e1 una visita oficial en la que se reunir\u00e1 el presidente Iv\u00e1n Duque con el presidente Joe Biden. El encuentro entre ambos mandatarios se llevar\u00eda a cabo antes del 10 de marzo. Adem\u00e1s, ser\u00eda la primera vez en la que ambos se encontrar\u00edan a puerta cerrada. Esto se<\/p>","protected":false},"author":1,"featured_media":8260,"comment_status":"closed","ping_status":"closed","sticky":false,"template":"","format":"standard","meta":{"footnotes":""},"categories":[181],"tags":[],"class_list":["post-9202","post","type-post","status-publish","format-standard","has-post-thumbnail","hentry","category-noticias"],"views":66,"_links":{"self":[{"href":"https:\/\/www.amchambaq.com\/en\/wp-json\/wp\/v2\/posts\/9202","targetHints":{"allow":["GET"]}}],"collection":[{"href":"https:\/\/www.amchambaq.com\/en\/wp-json\/wp\/v2\/posts"}],"about":[{"href":"https:\/\/www.amchambaq.com\/en\/wp-json\/wp\/v2\/types\/post"}],"author":[{"embeddable":true,"href":"https:\/\/www.amchambaq.com\/en\/wp-json\/wp\/v2\/users\/1"}],"replies":[{"embeddable":true,"href":"https:\/\/www.amchambaq.com\/en\/wp-json\/wp\/v2\/comments?post=9202"}],"version-history":[{"count":1,"href":"https:\/\/www.amchambaq.com\/en\/wp-json\/wp\/v2\/posts\/9202\/revisions"}],"predecessor-version":[{"id":9203,"href":"https:\/\/www.amchambaq.com\/en\/wp-json\/wp\/v2\/posts\/9202\/revisions\/9203"}],"wp:featuredmedia":[{"embeddable":true,"href":"https:\/\/www.amchambaq.com\/en\/wp-json\/wp\/v2\/media\/8260"}],"wp:attachment":[{"href":"https:\/\/www.amchambaq.com\/en\/wp-json\/wp\/v2\/media?parent=9202"}],"wp:term":[{"taxonomy":"category","embeddable":true,"href":"https:\/\/www.amchambaq.com\/en\/wp-json\/wp\/v2\/categories?post=9202"},{"taxonomy":"post_tag","embeddable":true,"href":"https:\/\/www.amchambaq.com\/en\/wp-json\/wp\/v2\/tags?post=9202"}],"curies":[{"name":"wp","href":"https:\/\/api.w.org\/{rel}","templated":true}]}}