{"id":9133,"date":"2022-02-18T11:21:14","date_gmt":"2022-02-18T16:21:14","guid":{"rendered":"https:\/\/www.amchambaq.com\/?p=9133"},"modified":"2022-02-18T11:21:14","modified_gmt":"2022-02-18T16:21:14","slug":"fundacion-monomeros-y-uninorte-firman-convenio-para-beneficiar-a-mas-de-2-mil-migrantes-venezolanos-y-retornados-del-atlantico","status":"publish","type":"post","link":"https:\/\/www.amchambaq.com\/en\/fundacion-monomeros-y-uninorte-firman-convenio-para-beneficiar-a-mas-de-2-mil-migrantes-venezolanos-y-retornados-del-atlantico\/","title":{"rendered":"Fundaci\u00f3n Mon\u00f3meros y Uninorte firman convenio para beneficiar a m\u00e1s de 2 mil migrantes venezolanos y retornados del Atl\u00e1ntico"},"content":{"rendered":"<p>La Fundaci\u00f3n Mon\u00f3meros, en sus 30 a\u00f1os abonando al desarrollo humano y social, contin\u00faa trabajando por la integraci\u00f3n, participaci\u00f3n, inclusi\u00f3n y bienestar de los migrantes venezolanos y retornados colombianos en el departamento del Atl\u00e1ntico.<\/p>\n<p>En esta oportunidad, a trav\u00e9s de la firma de un convenio, a\u00fana esfuerzos con la Universidad del Norte para desarrollar proyectos e iniciativas que contribuyan a mejorar la calidad de vida de esta comunidad.<\/p>\n<p>M\u00e1s de 2000 personas se ver\u00e1n beneficiadas\u00a0a trav\u00e9s de los distintos frentes que establece la alianza: asistencia jur\u00eddica, generaci\u00f3n de oportunidades laborales y para el emprendimiento, actividades de formaci\u00f3n y adquisici\u00f3n de nuevas competencias, participaci\u00f3n en convocatorias de cooperaci\u00f3n internacional y apoyo en la generaci\u00f3n de becas para formaci\u00f3n de pregrado, como parte de la responsabilidad social y agenda de aniversario de la Fundaci\u00f3n Mon\u00f3meros.<\/p>\n<p>De esta forma la comunidad vulnerable de esta alianza tendr\u00e1 acceso al\u00a0Consultorio Jur\u00eddico\u00a0de Uninorte, recibiendo atenci\u00f3n en derechos humanos, civiles y econ\u00f3micos, adem\u00e1s de orientaci\u00f3n en los tr\u00e1mites de permanencia en Colombia.<\/p>\n<p>Desde la\u00a0Escuela de Negocios\u00a0y su Centro de Emprendimiento, se impulsar\u00e1 la generaci\u00f3n y b\u00fasqueda de oportunidades laborales y de emprendimiento, y se realizar\u00e1n actividades de formaci\u00f3n que fortalezcan sus conocimientos y mejoren sus perfiles ocupacionales para incrementar sus opciones de empleabilidad y ser competitivos en el mercado laboral.<\/p>\n<p>Este componente ir\u00e1 acompa\u00f1ado de la generaci\u00f3n de alianzas con instituciones, organizaciones, embajadas y organismos internacionales que ofrezcan opciones de empleabilidad o emprendimientos que se traduzcan en beneficios para esta poblaci\u00f3n.<\/p>\n<p>Para Alfredo Sarmiento, director ejecutivo de la Fundaci\u00f3n Mon\u00f3meros, el trabajar de la mano con una instituci\u00f3n como la Universidad del Norte es esperanzador para la comunidad de migrantes y retornados, pues \u201cestas personas tienen accesos limitados para establecerse y producir ingresos.\u00a0Por eso con este convenio, que toca puntos tan importantes como el \u00e1mbito legal y de generaci\u00f3n de empleo,\u00a0buscamos entregarles las herramientas necesarias\u00a0para que puedan empezar a forjar iniciativas por sus propios medios y, a su vez, mejoren la calidad de vida de ellos y sus familias\u201d.<\/p>\n<p>La Universidad del Norte ha venido consolidando fortalezas desde diferentes \u00e1reas, en el desarrollo de proyectos de investigaci\u00f3n y extensi\u00f3n dirigidos a poblaci\u00f3n migrante proveniente de Venezuela. Esto ha llevado a la instituci\u00f3n a ser reconocida por su experiencia y sensibilidad para trabajar con esta poblaci\u00f3n, contando con grandes aliados como BID, USAID, OIM (Organizaci\u00f3n Internacional para las Migraciones), ACDI\/VOCA y ONU Mujeres, entre otros.<\/p>\n<p>\u201cPara nuestra Universidad es muy importante interactuar con el tejido empresarial de nuestro entorno. Nos hemos unido con la Fundaci\u00f3n Mon\u00f3meros para trabajar por poblaciones muy vulnerables como lo es la poblaci\u00f3n migrante venezolana en Barranquilla. Por eso celebramos la firma de este convenio\u201d, concluy\u00f3 el rector Adolfo Meisel.<br \/>\nLa firma del convenio se llev\u00f3 a cabo el mi\u00e9rcoles, 16 de febrero, en el Restaurante 1966 de la Universidad del Norte. Por parte de la Fundaci\u00f3n Mon\u00f3meros hicieron presencia Guillermo Rodr\u00edguez, su presidente; Alfredo Sarmiento, director ejecutivo; Rosa Cabrera, gerente de Asuntos Corporativos y los colaboradores Viczuly Mej\u00eda, David Beltr\u00e1n, Andr\u00e9s Quintana y Pablo Zuluaga. Por parte de Uninorte asistieron Adolfo Meisel, rector de la instituci\u00f3n; Roc\u00edo Mendoza, directora del Centro de Consultor\u00eda y Servicios; Pilar Yepes, directora de Alianzas y Relaciones Corporativas; Paola Alc\u00e1zar, directora de Extensi\u00f3n, entre otras autoridades acad\u00e9mico-administrativas. Al evento tambi\u00e9n asistieron Daniela Cepeda, asesora de la Alcald\u00eda de Barranquilla para las Migraciones y representantes de las organizaciones ISRAAID, Fupad y Cuso International en calidad de representantes de cooperantes en atenci\u00f3n a poblaci\u00f3n migrante.<\/p>\n<p>Tomado de: CV NOTICIAS<\/p>","protected":false},"excerpt":{"rendered":"<p>La Fundaci\u00f3n Mon\u00f3meros, en sus 30 a\u00f1os abonando al desarrollo humano y social, contin\u00faa trabajando por la integraci\u00f3n, participaci\u00f3n, inclusi\u00f3n y bienestar de los migrantes venezolanos y retornados colombianos en el departamento del Atl\u00e1ntico. En esta oportunidad, a trav\u00e9s de la firma de un convenio, a\u00fana esfuerzos con la Universidad del Norte para desarrollar proyectos<\/p>","protected":false},"author":1,"featured_media":9134,"comment_status":"closed","ping_status":"closed","sticky":false,"template":"","format":"standard","meta":{"footnotes":""},"categories":[181],"tags":[],"class_list":["post-9133","post","type-post","status-publish","format-standard","has-post-thumbnail","hentry","category-noticias"],"views":87,"_links":{"self":[{"href":"https:\/\/www.amchambaq.com\/en\/wp-json\/wp\/v2\/posts\/9133","targetHints":{"allow":["GET"]}}],"collection":[{"href":"https:\/\/www.amchambaq.com\/en\/wp-json\/wp\/v2\/posts"}],"about":[{"href":"https:\/\/www.amchambaq.com\/en\/wp-json\/wp\/v2\/types\/post"}],"author":[{"embeddable":true,"href":"https:\/\/www.amchambaq.com\/en\/wp-json\/wp\/v2\/users\/1"}],"replies":[{"embeddable":true,"href":"https:\/\/www.amchambaq.com\/en\/wp-json\/wp\/v2\/comments?post=9133"}],"version-history":[{"count":1,"href":"https:\/\/www.amchambaq.com\/en\/wp-json\/wp\/v2\/posts\/9133\/revisions"}],"predecessor-version":[{"id":9135,"href":"https:\/\/www.amchambaq.com\/en\/wp-json\/wp\/v2\/posts\/9133\/revisions\/9135"}],"wp:featuredmedia":[{"embeddable":true,"href":"https:\/\/www.amchambaq.com\/en\/wp-json\/wp\/v2\/media\/9134"}],"wp:attachment":[{"href":"https:\/\/www.amchambaq.com\/en\/wp-json\/wp\/v2\/media?parent=9133"}],"wp:term":[{"taxonomy":"category","embeddable":true,"href":"https:\/\/www.amchambaq.com\/en\/wp-json\/wp\/v2\/categories?post=9133"},{"taxonomy":"post_tag","embeddable":true,"href":"https:\/\/www.amchambaq.com\/en\/wp-json\/wp\/v2\/tags?post=9133"}],"curies":[{"name":"wp","href":"https:\/\/api.w.org\/{rel}","templated":true}]}}