{"id":9110,"date":"2022-02-17T10:41:21","date_gmt":"2022-02-17T15:41:21","guid":{"rendered":"https:\/\/www.amchambaq.com\/?p=9110"},"modified":"2022-02-17T10:41:21","modified_gmt":"2022-02-17T15:41:21","slug":"reduciran-aranceles-a-179-productos-importados-para-frenar-inflacion","status":"publish","type":"post","link":"https:\/\/www.amchambaq.com\/en\/reduciran-aranceles-a-179-productos-importados-para-frenar-inflacion\/","title":{"rendered":"Reducir\u00e1n aranceles a 179 productos importados para frenar inflaci\u00f3n"},"content":{"rendered":"<p>Como una medida encaminada a frenar el<strong>\u00a0crecimiento de la inflaci\u00f3n\u00a0<\/strong>en el pa\u00eds, el Comit\u00e9 de Asuntos Arancelarios, Aduaneros y de Comercio Exterior, (<strong>Triple A<\/strong>) recomend\u00f3 al Gobierno nacional reducir a cero, y por un plazo de seis meses, el\u00a0<strong>arancel para 176 productos<\/strong>\u00a0que se importan al pa\u00eds y que no tienen registro de producci\u00f3n nacional.<\/p>\n<p>De acuerdo con lo explicado por el<strong>\u00a0Ministerio de Comercio, Industria y Turismo<\/strong>, se trata de bienes que actualmente tienen arancel de 5 %, 10 % y en algunos casos de 15 %.<\/p>\n<p>E<strong>l Comit\u00e9 Triple A<\/strong>\u00a0tambi\u00e9n recomend\u00f3 reducir a un 5 % y por un t\u00e9rmino de seis meses, el arancel para otros tres productos que registran producci\u00f3n nacional y que tienen un impuesto del 5 %, 10 % y 15 %.<\/p>\n<p>Dentro de las subpartidas que tendr\u00e1n la reducci\u00f3n de aranceles se encuentran alimentos, bebidas, harinas, cereales, semillas para productos agr\u00edcolas, aceites esenciales, diferentes tipos de papel, extracto de malta, hidrolizados de prote\u00ednas, autolizados de levadura, mejoradores de panificaci\u00f3n, complementos alimenticios y algunas herramientas.<\/p>\n<p>El Mincomercio explica que con un arancel del 0 % se nivela el poder adquisitivo y el acceso a\u00a0<strong>insumos para la producci\u00f3n<\/strong>, y con el 5 % sumado a la<strong>\u00a0tasa representativa del mercado<\/strong>\u00a0(TRM), se da acceso a productos extranjeros, pero a su vez, se incentiva la competitividad de la producci\u00f3n local.<\/p>\n<p>Estas medidas son parte del plan t\u00e9cnico anunciado por el<strong>\u00a0Gobierno nacional<\/strong>\u00a0a comienzos de febrero para aliviar el impacto inflacionario en el bolsillo de los colombianos.<\/p>\n<p>Cabe recordar que el arancel\u00a0es un<strong>\u00a0impuesto<\/strong>\u00a0o gravamen que se aplica a\u00a0bienes que son importados y que tienen impacto en el precio final del mismo.<\/p>\n<p>La recomendaci\u00f3n de reducci\u00f3n de aranceles, ser\u00e1 evaluada por el\u00a0<strong>Consejo Superior de Pol\u00edtica Fiscal<\/strong>\u00a0(Confis) del Ministerio de Hacienda, el cual evaluar\u00e1 el impacto fiscal que tendr\u00eda la medida en las finanzas p\u00fablicas. Si el Gobierno acoge la recomendaci\u00f3n, se expedir\u00e1 un decreto adoptando la medida.<\/p>\n<p>La ministra de Comercio, Industria y Turismo, Mar\u00eda Ximena Lombana Villalba, se\u00f1al\u00f3 que estas medidas se trabajan en coordinaci\u00f3n con los Ministerios de Agricultura y Hacienda y el Departamento Nacional de Planeaci\u00f3n.<\/p>\n<p>\u201cSe busca enfrentar el alza de precios que se registra y que es, en buena parte, originada por las circunstancias mundiales como la\u00a0<strong>crisis de contenedores.<\/strong>\u00a0Con esta reforma se estimula el poder adquisitivo de los colombianos, al tiempo que se promueve la productividad local\u201d, explic\u00f3.<\/p>\n<p>Por su parte, el\u00a0<strong>ministro de Hacienda<\/strong>,<strong>\u00a0Jos\u00e9 Manuel Restrepo Abondano,<\/strong>\u00a0record\u00f3 que tambi\u00e9n hubo razones internas para el<strong>\u00a0alza en los precios<\/strong>\u00a0y fueron los<strong>\u00a0bloqueos de v\u00edas en 2021<\/strong>, que provocaron el<strong>\u00a0desabastecimiento\u00a0<\/strong>de bienes b\u00e1sicos, y la\u00a0<strong>alteraci\u00f3n de las cadenas productivas<\/strong>\u00a0de varios sectores, especialmente el de los alimentos. Todos estos factores confluyeron para que la oferta se contrajera, al paso que con la reactivaci\u00f3n econ\u00f3mica la demanda ha aumentado.<\/p>\n<p>Tomado de: EL HERALDO<\/p>","protected":false},"excerpt":{"rendered":"<p>Como una medida encaminada a frenar el\u00a0crecimiento de la inflaci\u00f3n\u00a0en el pa\u00eds, el Comit\u00e9 de Asuntos Arancelarios, Aduaneros y de Comercio Exterior, (Triple A) recomend\u00f3 al Gobierno nacional reducir a cero, y por un plazo de seis meses, el\u00a0arancel para 176 productos\u00a0que se importan al pa\u00eds y que no tienen registro de producci\u00f3n nacional. De<\/p>","protected":false},"author":1,"featured_media":8823,"comment_status":"closed","ping_status":"closed","sticky":false,"template":"","format":"standard","meta":{"footnotes":""},"categories":[181],"tags":[],"class_list":["post-9110","post","type-post","status-publish","format-standard","has-post-thumbnail","hentry","category-noticias"],"views":90,"_links":{"self":[{"href":"https:\/\/www.amchambaq.com\/en\/wp-json\/wp\/v2\/posts\/9110","targetHints":{"allow":["GET"]}}],"collection":[{"href":"https:\/\/www.amchambaq.com\/en\/wp-json\/wp\/v2\/posts"}],"about":[{"href":"https:\/\/www.amchambaq.com\/en\/wp-json\/wp\/v2\/types\/post"}],"author":[{"embeddable":true,"href":"https:\/\/www.amchambaq.com\/en\/wp-json\/wp\/v2\/users\/1"}],"replies":[{"embeddable":true,"href":"https:\/\/www.amchambaq.com\/en\/wp-json\/wp\/v2\/comments?post=9110"}],"version-history":[{"count":1,"href":"https:\/\/www.amchambaq.com\/en\/wp-json\/wp\/v2\/posts\/9110\/revisions"}],"predecessor-version":[{"id":9111,"href":"https:\/\/www.amchambaq.com\/en\/wp-json\/wp\/v2\/posts\/9110\/revisions\/9111"}],"wp:featuredmedia":[{"embeddable":true,"href":"https:\/\/www.amchambaq.com\/en\/wp-json\/wp\/v2\/media\/8823"}],"wp:attachment":[{"href":"https:\/\/www.amchambaq.com\/en\/wp-json\/wp\/v2\/media?parent=9110"}],"wp:term":[{"taxonomy":"category","embeddable":true,"href":"https:\/\/www.amchambaq.com\/en\/wp-json\/wp\/v2\/categories?post=9110"},{"taxonomy":"post_tag","embeddable":true,"href":"https:\/\/www.amchambaq.com\/en\/wp-json\/wp\/v2\/tags?post=9110"}],"curies":[{"name":"wp","href":"https:\/\/api.w.org\/{rel}","templated":true}]}}