{"id":9073,"date":"2022-02-11T08:59:27","date_gmt":"2022-02-11T13:59:27","guid":{"rendered":"https:\/\/www.amchambaq.com\/?p=9073"},"modified":"2022-02-11T08:59:27","modified_gmt":"2022-02-11T13:59:27","slug":"fnc-preve-una-produccion-de-125-millones-de-sacos-de-cafe-a-lo-largo-de-este-ano","status":"publish","type":"post","link":"https:\/\/www.amchambaq.com\/en\/fnc-preve-una-produccion-de-125-millones-de-sacos-de-cafe-a-lo-largo-de-este-ano\/","title":{"rendered":"FNC prev\u00e9 una producci\u00f3n de 12,5 millones de sacos de caf\u00e9 a lo largo de este a\u00f1o"},"content":{"rendered":"<p>Luego de que los precios del caf\u00e9 llegaran a un r\u00e9cord hist\u00f3rico en los \u00faltimos d\u00edas, el gerente general de la Federaci\u00f3n Nacional de Cafeteros (FNC), Roberto V\u00e9lez, asegur\u00f3 que este a\u00f1o se espera llegar a una producci\u00f3n de 12,5 millones de sacos y a una cosecha a lo largo del pa\u00eds que alcance la suma $15 billones.<\/p>\n<p>Desde el martes de esta semana, el precio del producto para una carga de 125 kilos estaba valorada en $2.240.000 y el mi\u00e9rcoles escal\u00f3 3% al llegar a $2.307.000 , una cifra sin precedentes para la caficultura colombiana. Ayer, sin embargo, el precio cay\u00f3 ligeramente a $2.275.000, lo cual sigue siendo un buen indicador teniendo en cuenta lo reportado desde el martes pasado.<\/p>\n<p>\u201cLa Bolsa de Nueva York de caf\u00e9 estuvo ya muy cercana a tocar los niveles de US$2,47 la libra. Ese precio multiplicado por una tasa de cambio y adicionado con un diferencial del caf\u00e9 colombiano de calidad que ha venido subiendo da como nivel de precio para el productor $2,275.000 por carga de 125 kilos\u201d, explic\u00f3 V\u00e9lez.<br \/>\nEl directivo asegur\u00f3 ayer que el sector cafetero est\u00e1 en un boom, pues \u201ccuando uno va y pone los pies en los municipios cafeteros como Pitalito, Garz\u00f3n o Popay\u00e1n se da cuenta de que est\u00e1 pasando algo econ\u00f3micamente que hace que el municipio se mueva m\u00e1s r\u00e1pido\u201d.<\/p>\n<p>Acot\u00f3 que esta situaci\u00f3n es \u201cinteresante\u201d y no se puede negar los cambios en los precios de $9 billones a casi $12 el a\u00f1o pasado y la nueva predicci\u00f3n de $15 billones para 2022.<\/p>\n<p>Sin embargo, V\u00e9lez fue enf\u00e1tico al asegurar que hay preocupaciones que en el sector cafetero, tales como los costos en los insumos y fertilizantes y la baja producci\u00f3n por cuenta de los dos fen\u00f3menos de La Ni\u00f1a en los \u00faltimos dos a\u00f1os.<\/p>\n<p>Gustavo Andr\u00e9s G\u00f3mez, director ejecutivo de la Asociaci\u00f3n Nacional de Exportadores de Caf\u00e9 de Colombia, suscribi\u00f3 la opini\u00f3n de V\u00e9lez al asegurar que todav\u00eda falta ver qu\u00e9 pasa con la lluvia y su incidencia en la producci\u00f3n.<\/p>\n<p>\u201cPara que haya unas buenas floraciones tiene que existir luminosidad, una \u00e9poca seca y lo que hemos presenciado han sido lluvias muy prolongadas durante dos a\u00f1os\u201d, asegur\u00f3. A lo anterior a\u00f1adi\u00f3 que el clima ser\u00e1 determinante para la producci\u00f3n y ese ser\u00e1 el punto de partida para las exportaciones de este a\u00f1o, pues asegur\u00f3 que Colombia exporta entre 90% y 95% de los sacos de caf\u00e9 que se producen.<\/p>\n<p>Por otro lado, sobre el incumplimiento de las cooperativas, V\u00e9lez asegur\u00f3 el problema contin\u00faa y entre m\u00e1s sube el precio \u201cm\u00e1s cr\u00edtico se vuelve\u201d. \u201cCuando el cafetero iba a entregar su caf\u00e9 a la cooperativa ten\u00eda una obligaci\u00f3n o ten\u00eda un contrato, el cual estaba hecho con antelaci\u00f3n a $1,2 millones o $1,3 millones. Con el precio de $2,3 millones la tentaci\u00f3n de no cumplir con lo pactado se vuelve compleja\u201d, asegur\u00f3.<br \/>\nSobre las exportaciones de caf\u00e9, el directivo asegur\u00f3 que el pa\u00eds producen producto \u201csuave y lavado\u201d que sigue siendo destinado a varias naciones alrededor del mundo.<\/p>\n<p>Sobre este punto, G\u00f3mez asegur\u00f3 que una de las explicaciones para la alta demanda internacional es Brasil.<br \/>\nEl pa\u00eds sudamericano ha decrecido 11% en sus cifras normales de exportaci\u00f3n y este n\u00famero hace que haya escasez en el mercado y se vea un panorama de precios altos. \u201cSi la escasez de caf\u00e9 continua, el resultado es unos precios buenos en la carga de Colombia\u201d, asever\u00f3 G\u00f3mez.<\/p>\n<p>Tomado de: LA REP\u00daBLICA<\/p>","protected":false},"excerpt":{"rendered":"<p>Luego de que los precios del caf\u00e9 llegaran a un r\u00e9cord hist\u00f3rico en los \u00faltimos d\u00edas, el gerente general de la Federaci\u00f3n Nacional de Cafeteros (FNC), Roberto V\u00e9lez, asegur\u00f3 que este a\u00f1o se espera llegar a una producci\u00f3n de 12,5 millones de sacos y a una cosecha a lo largo del pa\u00eds que alcance la<\/p>","protected":false},"author":1,"featured_media":9074,"comment_status":"closed","ping_status":"closed","sticky":false,"template":"","format":"standard","meta":{"footnotes":""},"categories":[181],"tags":[],"class_list":["post-9073","post","type-post","status-publish","format-standard","has-post-thumbnail","hentry","category-noticias"],"views":88,"_links":{"self":[{"href":"https:\/\/www.amchambaq.com\/en\/wp-json\/wp\/v2\/posts\/9073","targetHints":{"allow":["GET"]}}],"collection":[{"href":"https:\/\/www.amchambaq.com\/en\/wp-json\/wp\/v2\/posts"}],"about":[{"href":"https:\/\/www.amchambaq.com\/en\/wp-json\/wp\/v2\/types\/post"}],"author":[{"embeddable":true,"href":"https:\/\/www.amchambaq.com\/en\/wp-json\/wp\/v2\/users\/1"}],"replies":[{"embeddable":true,"href":"https:\/\/www.amchambaq.com\/en\/wp-json\/wp\/v2\/comments?post=9073"}],"version-history":[{"count":1,"href":"https:\/\/www.amchambaq.com\/en\/wp-json\/wp\/v2\/posts\/9073\/revisions"}],"predecessor-version":[{"id":9075,"href":"https:\/\/www.amchambaq.com\/en\/wp-json\/wp\/v2\/posts\/9073\/revisions\/9075"}],"wp:featuredmedia":[{"embeddable":true,"href":"https:\/\/www.amchambaq.com\/en\/wp-json\/wp\/v2\/media\/9074"}],"wp:attachment":[{"href":"https:\/\/www.amchambaq.com\/en\/wp-json\/wp\/v2\/media?parent=9073"}],"wp:term":[{"taxonomy":"category","embeddable":true,"href":"https:\/\/www.amchambaq.com\/en\/wp-json\/wp\/v2\/categories?post=9073"},{"taxonomy":"post_tag","embeddable":true,"href":"https:\/\/www.amchambaq.com\/en\/wp-json\/wp\/v2\/tags?post=9073"}],"curies":[{"name":"wp","href":"https:\/\/api.w.org\/{rel}","templated":true}]}}