{"id":9020,"date":"2022-02-07T11:08:43","date_gmt":"2022-02-07T16:08:43","guid":{"rendered":"https:\/\/www.amchambaq.com\/?p=9020"},"modified":"2022-02-07T11:08:43","modified_gmt":"2022-02-07T16:08:43","slug":"gobierno-preve-un-crecimiento-del-5-en-2022","status":"publish","type":"post","link":"https:\/\/www.amchambaq.com\/en\/gobierno-preve-un-crecimiento-del-5-en-2022\/","title":{"rendered":"Gobierno prev\u00e9 un crecimiento del 5 % en 2022"},"content":{"rendered":"<p>La visi\u00f3n del Gobierno en materia\u00a0<strong>recuperaci\u00f3n econ\u00f3mica<\/strong>\u00a0y cifras fiscales para 2022 es optimista y se basa en el impacto de la reactivaci\u00f3n sobre las finanzas p\u00fablicas. Es as\u00ed como la proyecci\u00f3n de crecimiento para este a\u00f1o subi\u00f3 de 4,3 % a 5 %, mientras que se espera que el d\u00e9ficit fiscal continuar\u00eda su reducci\u00f3n y se ubicar\u00eda en 6,2% del PIB.<\/p>\n<p>El\u00a0<strong>ministro de Hacienda<\/strong>, Jos\u00e9 Manuel Restrepo, present\u00f3 este viernes el cierre fiscal preliminar de 2021 y la actualizaci\u00f3n del Plan Financiero 2022 y dio a conocer que \u00a0previsi\u00f3n de crecimiento econ\u00f3mico para 2021 es de 9,7 %.<\/p>\n<p>El ministro Restrepo destac\u00f3 que las menores restricciones de aforo, el avance en el plan de vacunaci\u00f3n y las medidas implementadas por el Gobierno nacional para promover el proceso de reactivaci\u00f3n econ\u00f3mica han favorecido tanto el ritmo de crecimiento de la econom\u00eda como la<strong>\u00a0recuperaci\u00f3n del mercado laboral.<\/strong><\/p>\n<p>Las proyecciones de crecimiento econ\u00f3mico se ubican por encima del 6 % para 2021 y 4,3 % para 2022 que se hab\u00edan previsto\u00a0en el\u00a0<strong>Marco Fiscal de Mediano Plazo (MFMP).<\/strong><\/p>\n<p>\u201cLos motores de crecimiento estar\u00edan enfocados en los sectores de la industria y la gran rama de comercio, as\u00ed como en el dinamismo de la demanda interna. Con estos resultados, Colombia se consolidar\u00eda como uno de los pa\u00edses l\u00edderes en materia de<strong>\u00a0reactivaci\u00f3n econ\u00f3mica\u00a0<\/strong>a nivel mundial, por encima de gran parte de las econom\u00edas avanzadas y pares de la regi\u00f3n\u201d, se\u00f1al\u00f3 el Minhacienda en un comunicado.<\/p>\n<p>El d\u00e9ficit fiscal de 2021 se habr\u00eda ubicado en 7,1 % del PIB, como consecuencia del repunte\u00a0del recaudo tributario, ya\u00a0que el gasto total se mantuvo estable frente al MFMP.<\/p>\n<p>\u201cEl ajuste fiscal de 2021 frente a lo estimado en el MFMP (8,6 % del PIB) ascendi\u00f3 a 1,6 pp del PIB, permitiendo que el d\u00e9ficit fiscal fuera inferior al nivel observado en 2020 (7,8 % del PIB), iniciando de forma anticipada el proceso de\u00a0<strong>consolidaci\u00f3n fiscal<\/strong>\u201d, precisa el comunicado.<\/p>\n<p>El desempe\u00f1o fiscal en 2021 facilit\u00f3 la reducci\u00f3n de la\u00a0<strong>deuda del Gobierno nacional,\u00a0<\/strong>tres a\u00f1os antes de lo esperado en el MFMP vigente, la cual disminuy\u00f3 de 64,7 % en 2020 a 63,8 % del PIB (-0,9pp).<\/p>\n<p>\u201cEn definitiva, los resultados fiscales preliminares de 2021 son alentadores y congruentes con una senda prudencial de deuda, que, junto con la entrada en vigor de la nueva Regla Fiscal, fortalece la credibilidad en el manejo de las finanzas p\u00fablicas\u201d, plantea el\u00a0<strong>Minhacienda.<\/strong><\/p>\n<p>La correcci\u00f3n del d\u00e9ficit fiscal esperada paa este a\u00f1o (6,2 % del PIB) es menor en\u00a00,9 pp frente al cierre preliminar de 2021 y en\u00a00,8 pp respecto a la proyecci\u00f3n del MFMP vigente (7,0% del PIB). Adem\u00e1s, es producto de un incremento en los ingresos corrientes, derivados de la consolidaci\u00f3n del proceso de reactivaci\u00f3n econ\u00f3mica, que se compensa parcialmente con un mayor gasto en intereses.<\/p>\n<p>Lo anterior permite, a su vez, que los ingresos tengan una recomposici\u00f3n, aumentando la participaci\u00f3n de los ingresos corrientes, de naturaleza permanente, en detrimento de ingresos transitorios. Frente a 2021, la mayor parte del ajuste se explica por el desmonte de algunos de los gastos extraordinarios derivados de la emergencia, sin que la inversi\u00f3n p\u00fablica deje de contribuir al\u00a0<strong>crecimiento econ\u00f3mico.<\/strong><\/p>\n<p>Consistente con la disminuci\u00f3n de la\u00a0<strong>deuda bruta del Gobierno nacional<\/strong>\u00a0central\u00a0vista en 2021, se proyecta que para 2022 el endeudamiento se reduzca en 1,1 pp frente a 2021, hasta 62,7 % del PIB, lo que implica una reducci\u00f3n de 5,9 pp respecto al escenario del MFMP (68,6 % del PIB), es decir, se disminuir\u00e1 diez a\u00f1os antes de lo que se esperaba.<\/p>\n<p>Tomado de: EL HERALDO<\/p>","protected":false},"excerpt":{"rendered":"<p>La visi\u00f3n del Gobierno en materia\u00a0recuperaci\u00f3n econ\u00f3mica\u00a0y cifras fiscales para 2022 es optimista y se basa en el impacto de la reactivaci\u00f3n sobre las finanzas p\u00fablicas. Es as\u00ed como la proyecci\u00f3n de crecimiento para este a\u00f1o subi\u00f3 de 4,3 % a 5 %, mientras que se espera que el d\u00e9ficit fiscal continuar\u00eda su reducci\u00f3n y<\/p>","protected":false},"author":1,"featured_media":8773,"comment_status":"closed","ping_status":"closed","sticky":false,"template":"","format":"standard","meta":{"footnotes":""},"categories":[181],"tags":[],"class_list":["post-9020","post","type-post","status-publish","format-standard","has-post-thumbnail","hentry","category-noticias"],"views":64,"_links":{"self":[{"href":"https:\/\/www.amchambaq.com\/en\/wp-json\/wp\/v2\/posts\/9020","targetHints":{"allow":["GET"]}}],"collection":[{"href":"https:\/\/www.amchambaq.com\/en\/wp-json\/wp\/v2\/posts"}],"about":[{"href":"https:\/\/www.amchambaq.com\/en\/wp-json\/wp\/v2\/types\/post"}],"author":[{"embeddable":true,"href":"https:\/\/www.amchambaq.com\/en\/wp-json\/wp\/v2\/users\/1"}],"replies":[{"embeddable":true,"href":"https:\/\/www.amchambaq.com\/en\/wp-json\/wp\/v2\/comments?post=9020"}],"version-history":[{"count":1,"href":"https:\/\/www.amchambaq.com\/en\/wp-json\/wp\/v2\/posts\/9020\/revisions"}],"predecessor-version":[{"id":9021,"href":"https:\/\/www.amchambaq.com\/en\/wp-json\/wp\/v2\/posts\/9020\/revisions\/9021"}],"wp:featuredmedia":[{"embeddable":true,"href":"https:\/\/www.amchambaq.com\/en\/wp-json\/wp\/v2\/media\/8773"}],"wp:attachment":[{"href":"https:\/\/www.amchambaq.com\/en\/wp-json\/wp\/v2\/media?parent=9020"}],"wp:term":[{"taxonomy":"category","embeddable":true,"href":"https:\/\/www.amchambaq.com\/en\/wp-json\/wp\/v2\/categories?post=9020"},{"taxonomy":"post_tag","embeddable":true,"href":"https:\/\/www.amchambaq.com\/en\/wp-json\/wp\/v2\/tags?post=9020"}],"curies":[{"name":"wp","href":"https:\/\/api.w.org\/{rel}","templated":true}]}}