{"id":8959,"date":"2022-01-27T10:13:00","date_gmt":"2022-01-27T15:13:00","guid":{"rendered":"https:\/\/www.amchambaq.com\/?p=8959"},"modified":"2022-01-27T10:13:00","modified_gmt":"2022-01-27T15:13:00","slug":"este-viernes-28-barranquilla-sera-el-lugar-de-encuentro-de-la-comunidad-del-caribe","status":"publish","type":"post","link":"https:\/\/www.amchambaq.com\/en\/este-viernes-28-barranquilla-sera-el-lugar-de-encuentro-de-la-comunidad-del-caribe\/","title":{"rendered":"Este viernes 28, Barranquilla ser\u00e1 el lugar de encuentro de la Comunidad del Caribe"},"content":{"rendered":"<p>La ciudad costera de Barranquilla se ha denominado como la &#8220;capital del Gran Caribe&#8221; dado a que va a ser la casa de varios encuentros que se realizan esta semana. La II cumbre ministerial Colombia -Caricom, la feria de conocimiento de Cooperaci\u00f3n Sur-Sur de pa\u00edses del Caribe y,\u00a0<u>el partido de f\u00fatbol Colombia &#8211; Per\u00fa.<\/u><\/p>\n<p>El viernes llegar\u00e1n 15 ministros de Relaciones Exteriores de pa\u00edses del Caribe para ser parte de la II cumbre ministerial Colombia &#8211; Caricom (Comunidad del Caribe). El evento que propone un dialogo internacional ser\u00e1 presidido por el presidente Iv\u00e1n Duque y la vicepresidente y canciller, Marta Luc\u00eda Ram\u00edrez, y en la que estar\u00e1 la secretaria general de Caricom, Carla Natalie Barnett; la ministra de Comercio, Industria y Turismo, Mar\u00eda Ximena Lombana, y la directora de la Agencia Presidencial de Cooperaci\u00f3n APC-Colombia, Viviana Manrique Zuluaga.<\/p>\n<p>El objetivo del encuentro que se dar\u00e1 en el Pabell\u00f3n de Cristal es fortalecer v\u00ednculos comerciales, de inversi\u00f3n, cooperaci\u00f3n y culturales entre pa\u00edses como Barbados, Belice, Guyana, San Vicente y Las Granadinas, Trinidad y Tobago, Jamaica y Curazao.<\/p>\n<p>El secretario de Desarrollo Econ\u00f3mico de la ciudad, Ricardo Plata Sarabia, dijo que \u201cal acoger estos encuentros, Barranquilla ser\u00e1 el epicentro econ\u00f3mico y cultural del Gran Caribe, lo que adem\u00e1s nos sigue evidenciando como destino tur\u00edstico de eventos y negocios. Lo m\u00e1s importante es que ser\u00e1 una vitrina para mostrar nuestra mejor cara y seguir reactivando la econom\u00eda de la ciudad\u201d, pues tambi\u00e9n realizar\u00e1n una visita guiada al Gran Malec\u00f3n, a la F\u00e1brica de Cultura y al puerto.<\/p>\n<p>Pero antes de este encuentro a lo largo de este mi\u00e9rcoles y ma\u00f1ana jueves, se estar\u00e1 realizando la Feria de conocimiento y Cooperaci\u00f3n Sur-Sur de pa\u00edses del Caribe, liderada por APC Colombia y apoyada por la Canciller\u00eda.<\/p>\n<p>En la feria asistir\u00e1n cerca de 50 delegados de pa\u00edses del Caribe y representantes de agencias de Caricom como el Instituto de Meteorolog\u00eda e Hidrolog\u00eda del Caribe y el Instituto Caribe\u00f1o para la Investigaci\u00f3n Agr\u00edcola y el Desarrollo, y la Universidad de West Indies.<\/p>\n<p>Algunos de los principales funcionarios son: la ministra de Asuntos Exteriores, Comercio Exterior e Inmigraci\u00f3n de Belice, Jenina Urbina; la directora de Cooperaci\u00f3n Econ\u00f3mica Internacional de Curazao, Vanessa Tor\u00e9; la jefe de Pol\u00edtica e Investigaci\u00f3n de Granada, Cyrilla Steele; el embajador y director del Departamento de Cooperaci\u00f3n Internacional de Guyana, Forbes Egerton July, y la directora del Departamento del Caribe y las Am\u00e9ricas de Jamaica, Marsha Coore.<\/p>\n<p>Por parte de Colombia estar\u00e1 el Ministerio de Defensa, la Polic\u00eda Nacional, el Departamento de Prosperidad Social, Fundapanaca, entre otras, para presentar las buenas pr\u00e1cticas en temas como seguridad y defensa, cambio clim\u00e1tico, inclusi\u00f3n y equidad, y desarrollo rural con innovaci\u00f3n.<\/p>","protected":false},"excerpt":{"rendered":"<p>La ciudad costera de Barranquilla se ha denominado como la &#8220;capital del Gran Caribe&#8221; dado a que va a ser la casa de varios encuentros que se realizan esta semana. La II cumbre ministerial Colombia -Caricom, la feria de conocimiento de Cooperaci\u00f3n Sur-Sur de pa\u00edses del Caribe y,\u00a0el partido de f\u00fatbol Colombia &#8211; Per\u00fa. El<\/p>","protected":false},"author":1,"featured_media":8960,"comment_status":"closed","ping_status":"closed","sticky":false,"template":"","format":"standard","meta":{"footnotes":""},"categories":[181],"tags":[],"class_list":["post-8959","post","type-post","status-publish","format-standard","has-post-thumbnail","hentry","category-noticias"],"views":74,"_links":{"self":[{"href":"https:\/\/www.amchambaq.com\/en\/wp-json\/wp\/v2\/posts\/8959","targetHints":{"allow":["GET"]}}],"collection":[{"href":"https:\/\/www.amchambaq.com\/en\/wp-json\/wp\/v2\/posts"}],"about":[{"href":"https:\/\/www.amchambaq.com\/en\/wp-json\/wp\/v2\/types\/post"}],"author":[{"embeddable":true,"href":"https:\/\/www.amchambaq.com\/en\/wp-json\/wp\/v2\/users\/1"}],"replies":[{"embeddable":true,"href":"https:\/\/www.amchambaq.com\/en\/wp-json\/wp\/v2\/comments?post=8959"}],"version-history":[{"count":1,"href":"https:\/\/www.amchambaq.com\/en\/wp-json\/wp\/v2\/posts\/8959\/revisions"}],"predecessor-version":[{"id":8961,"href":"https:\/\/www.amchambaq.com\/en\/wp-json\/wp\/v2\/posts\/8959\/revisions\/8961"}],"wp:featuredmedia":[{"embeddable":true,"href":"https:\/\/www.amchambaq.com\/en\/wp-json\/wp\/v2\/media\/8960"}],"wp:attachment":[{"href":"https:\/\/www.amchambaq.com\/en\/wp-json\/wp\/v2\/media?parent=8959"}],"wp:term":[{"taxonomy":"category","embeddable":true,"href":"https:\/\/www.amchambaq.com\/en\/wp-json\/wp\/v2\/categories?post=8959"},{"taxonomy":"post_tag","embeddable":true,"href":"https:\/\/www.amchambaq.com\/en\/wp-json\/wp\/v2\/tags?post=8959"}],"curies":[{"name":"wp","href":"https:\/\/api.w.org\/{rel}","templated":true}]}}