{"id":8943,"date":"2022-01-26T08:48:54","date_gmt":"2022-01-26T13:48:54","guid":{"rendered":"https:\/\/www.amchambaq.com\/?p=8943"},"modified":"2022-01-26T08:48:54","modified_gmt":"2022-01-26T13:48:54","slug":"coincidencias-y-diferencias-de-candidatos-en-cuanto-a-ideas-economias","status":"publish","type":"post","link":"https:\/\/www.amchambaq.com\/en\/coincidencias-y-diferencias-de-candidatos-en-cuanto-a-ideas-economias\/","title":{"rendered":"Coincidencias y diferencias de candidatos en cuanto a ideas econom\u00edas"},"content":{"rendered":"<p>Durante el debate presidencial organizado este martes por <a href=\"https:\/\/www.eltiempo.com\/politica\/partidos-politicos\/debate-presidencial-2022-hoy-semana-y-el-tiempo-en-vivo-647096\">EL TIEMPO<\/a>\u00a0Casa Editorial y el Grupo Semana\u00a0<b>quedaron en evidencia diferentes posturas, ideas y personalidades de los 10 precandidatos invitados a este cara a cara<\/b>\u00a0en el que pudieron dar a conocer sus propuestas en distintos frentes, uno de ellos en materia econ\u00f3mica.<\/p>\n<p id=\"p560937-m219-4-220\" class=\"parrafo\">Aun as\u00ed y pese a las grandes diferencias que los alejan, existen coincidencias entre sus posturas, <b>una de ellas en torno a la lucha contra la corrupci\u00f3n, un flagelo que todos piensan combatir si llegan a la Presidencia.\u00a0<\/b>No obstante, y m\u00e1s all\u00e1 de un tema tan obvio, hay m\u00e1s elementos en los que tambi\u00e9n concuerdan entre s\u00ed.<\/p>\n<p id=\"p560937-m225-5-226\" class=\"parrafo\">Pero, \u00bfen qu\u00e9 m\u00e1s pueden coincidir figuras tan dispares como Gustavo Petro, Oscar Iv\u00e1n Zuluaga, Alejandro Gaviria, Francia M\u00e1rquez, Sergio Fajardo y Camilo Romero?<\/p>\n<p id=\"p560937-m231-6-232\" class=\"parrafo\">Todos ellos manifestaron que en caso de ser presidentes de Colombia\u00a0<b>realizar\u00edan una reforma tributaria en su Gobierno.<\/b><\/p>\n<p id=\"p560937-m243-8-244\" class=\"parrafo\">Por su parte, en la otra l\u00ednea se encuentran Ingrid Betancourt, Federico Guti\u00e9rrez, Rodolfo Hern\u00e1ndez y Juan Manuel Gal\u00e1n,\u00a0<b>quienes manifestaron que antes de recurrir a una reforma tributaria se deben pensar en otras f\u00f3rmulas para tapar el hueco fiscal sin que se recurran a los impuestos.<\/b><\/p>\n<p id=\"p560937-m249-9-250\" class=\"parrafo\">Betancourt y Hern\u00e1ndez coinciden en que el gran problema radica en la corrupci\u00f3n pol\u00edtica e insisten en que el camino para evitar tocar el bolsillo de los colombianos es desterrar la corrupci\u00f3n en sus niveles m\u00e1s altos.<\/p>\n<p id=\"p560937-m255-10-256\" class=\"parrafo\"><i>&#8220;El problema no es la reforma tributaria, de hecho tenemos una &#8216;reformitis tributaria&#8217; cada a\u00f1o y eso lo causa el sistema de corrupci\u00f3n pol\u00edtica. Con eso tenemos que acabar&#8221;,\u00a0<\/i>manifest\u00f3 Ingrid Betancourt durante una de sus intervenciones.<\/p>\n<p id=\"p560937-m261-11-262\" class=\"parrafo\">Cercano a esa l\u00ednea se encuentra Juan Manuel Gal\u00e1n, quien dijo que, adem\u00e1s de erradicar la corrupci\u00f3n pol\u00edtica para evitar una reforma tributaria, tambi\u00e9n se debe pensar en<i>\u00a0\u201cenfrentar las estructuras criminales y mafias del narcotr\u00e1fico, contrabando, despojo de tierras, miner\u00eda criminal y contrataci\u00f3n p\u00fablica, que nos roban billones de pesos al a\u00f1o y que no nos dejan avanzar como sociedad\u201d.<\/i><\/p>\n<p id=\"p560937-m267-12-268\" class=\"parrafo\">Por su parte, Federico Guti\u00e9rrez apunt\u00f3 que para evitar la reforma tributaria, su gobierno buscar\u00eda crecer por encima del 5 % bajo un sistema en el que<i>\u00a0\u201cno se evada impuestos\u201d<\/i>, basado en la austeridad y en la reducci\u00f3n del gasto p\u00fablico.<\/p>\n<p id=\"p560937-m299-14-300\" class=\"parrafo\"><b>UNA REFORMA Y \u2018MIL CAMINOS\u2019<\/b><\/p>\n<p id=\"p560937-m305-15-306\" class=\"parrafo\">Entre el grupo de quienes s\u00ed har\u00edan una reforma tributaria tambi\u00e9n se pueden encontrar varias diferencias en los principales ejes.<\/p>\n<p id=\"p560937-m311-16-312\" class=\"parrafo\">Entre las coincidencias fundamentales de los<i>\u00a0\u2018pro reforma\u2019\u00a0<\/i>se encuentra disminuir las exenciones actuales.<\/p>\n<p id=\"p560937-m317-17-318\" class=\"parrafo\">Gustavo Petro y Francia M\u00e1rquez utilizaron el t\u00e9rmino\u00a0<i>\u201cjusticia tributaria\u201d<\/i>\u00a0para referirse a que quienes m\u00e1s acumulan capital en el pa\u00eds deben ser quienes m\u00e1s tributen para contribuir al bienestar social de las mayor\u00edas empobrecidas.\u00a0<b>Al quitar esas excepciones se lograr\u00eda que aquellos que tienen m\u00e1s recursos aporten m\u00e1s y no lo contrario.<\/b><\/p>\n<p id=\"p560937-m323-18-324\" class=\"parrafo\">Petro agreg\u00f3 que a trav\u00e9s de su reforma se crear\u00eda una renta presuntiva para evitar para\u00edsos fiscales.<\/p>\n<p id=\"p560937-m329-19-330\" class=\"parrafo\">Gaviria, por su parte, propone una reforma tributaria pensada para crear puestos de trabajo.\u00a0<b>Para ello reducir\u00eda las tarifas a empresas para que estas puedan contratar. Su meta es generar 1,5 millones de puestos de trabajo. Adem\u00e1s, crear\u00eda m\u00e1s impuestos al carbono.<\/b><\/p>\n<p id=\"p560937-m335-20-336\" class=\"parrafo\">Seg\u00fan Sergio Fajardo,\u00a0<b>las bases de la reforma tributaria se sentar\u00edan en que se apliquen impuestos a patrimonio, a los dividendos y se eliminen excepciones\u00a0<\/b>con el fin de que las personas m\u00e1s ricas paguen m\u00e1s impuestos.<\/p>\n<p id=\"p560937-m347-22-348\" class=\"parrafo\">Para Camilo Romero, los pilares de su reforma tributaria ser\u00edan tan distintas a la actual que \u00e9l mismo la catalog\u00f3 como la \u201ccontrarreforma\u201d.<\/p>\n<p id=\"p560937-m353-23-354\" class=\"parrafo\"><i>\u201cSin duda alguna habr\u00e1 una reforma. El pa\u00eds requiere una reforma tributaria progresiva, equitativa y eficiente (\u2026) Esto se logra, por supuesto, quitando la sinverg\u00fcencer\u00eda de tantas exenciones que los grandes capitales finalmente terminan pagando en tasa efectiva mucho menos que un ciudadano del com\u00fan de este pa\u00eds&#8221;<\/i>.<\/p>\n<p id=\"p560937-m359-24-360\" class=\"parrafo\">Finalmente, Oscar Iv\u00e1n Zuluaga\u00a0<b>insiste en eliminar el 4 X 1.000<\/b>, impuesto que considera antit\u00e9cnico y apunta, en su reforma, a eliminar los gastos de funcionamiento, con base en el ahorro y la cultura de la austeridad.<\/p>\n<p>TOMADO DE: EL TIEMPO<\/p>","protected":false},"excerpt":{"rendered":"<p>Durante el debate presidencial organizado este martes por EL TIEMPO\u00a0Casa Editorial y el Grupo Semana\u00a0quedaron en evidencia diferentes posturas, ideas y personalidades de los 10 precandidatos invitados a este cara a cara\u00a0en el que pudieron dar a conocer sus propuestas en distintos frentes, uno de ellos en materia econ\u00f3mica. Aun as\u00ed y pese a las<\/p>","protected":false},"author":1,"featured_media":8945,"comment_status":"closed","ping_status":"closed","sticky":false,"template":"","format":"standard","meta":{"footnotes":""},"categories":[181],"tags":[],"class_list":["post-8943","post","type-post","status-publish","format-standard","has-post-thumbnail","hentry","category-noticias"],"views":82,"_links":{"self":[{"href":"https:\/\/www.amchambaq.com\/en\/wp-json\/wp\/v2\/posts\/8943","targetHints":{"allow":["GET"]}}],"collection":[{"href":"https:\/\/www.amchambaq.com\/en\/wp-json\/wp\/v2\/posts"}],"about":[{"href":"https:\/\/www.amchambaq.com\/en\/wp-json\/wp\/v2\/types\/post"}],"author":[{"embeddable":true,"href":"https:\/\/www.amchambaq.com\/en\/wp-json\/wp\/v2\/users\/1"}],"replies":[{"embeddable":true,"href":"https:\/\/www.amchambaq.com\/en\/wp-json\/wp\/v2\/comments?post=8943"}],"version-history":[{"count":1,"href":"https:\/\/www.amchambaq.com\/en\/wp-json\/wp\/v2\/posts\/8943\/revisions"}],"predecessor-version":[{"id":8946,"href":"https:\/\/www.amchambaq.com\/en\/wp-json\/wp\/v2\/posts\/8943\/revisions\/8946"}],"wp:featuredmedia":[{"embeddable":true,"href":"https:\/\/www.amchambaq.com\/en\/wp-json\/wp\/v2\/media\/8945"}],"wp:attachment":[{"href":"https:\/\/www.amchambaq.com\/en\/wp-json\/wp\/v2\/media?parent=8943"}],"wp:term":[{"taxonomy":"category","embeddable":true,"href":"https:\/\/www.amchambaq.com\/en\/wp-json\/wp\/v2\/categories?post=8943"},{"taxonomy":"post_tag","embeddable":true,"href":"https:\/\/www.amchambaq.com\/en\/wp-json\/wp\/v2\/tags?post=8943"}],"curies":[{"name":"wp","href":"https:\/\/api.w.org\/{rel}","templated":true}]}}