{"id":8858,"date":"2022-01-17T08:53:35","date_gmt":"2022-01-17T13:53:35","guid":{"rendered":"https:\/\/www.amchambaq.com\/?p=8858"},"modified":"2022-01-17T08:53:35","modified_gmt":"2022-01-17T13:53:35","slug":"citas-para-visas-de-no-inmigrante-a-ee-uu-no-seran-canceladas-dice-la-embajada","status":"publish","type":"post","link":"https:\/\/www.amchambaq.com\/en\/citas-para-visas-de-no-inmigrante-a-ee-uu-no-seran-canceladas-dice-la-embajada\/","title":{"rendered":"Citas para visas de no inmigrante a EE. UU. no ser\u00e1n canceladas, dice la embajada"},"content":{"rendered":"<p>En redes sociales rondan mensajes en los que se lee que las citas para tramitar la visa a Estados Unidos est\u00e1n para 2023, mientras que algunos usuarios preguntan cu\u00e1ndo se restablecer\u00e1 la normalidad en la asignaci\u00f3n de ellas. Estos son los tiempos que debe tener en cuenta para tramitar la entrada a Estados Unidos con una visa de no inmigrante.<\/p>\n<p>A trav\u00e9s de su cuenta de Twitter, la embajada de Estados Unidos en Colombia aclar\u00f3 que \u201cno tiene previsto cancelar citas para visas de no inmigrante. Si alguna necesita ser reprogramada, el solicitante ser\u00e1 notificado por la entidad, v\u00eda correo electr\u00f3nico, de la nueva fecha\u201d.<\/p>\n<p>Ante el anuncio, los usuarios en redes sociales han reaccionado preguntando cu\u00e1ndo se restablecer\u00e1 la normalidad en la asignaci\u00f3n de las citas, mientras que otros aseguran que los agendaron para 2023.<\/p>\n<h4 class=\"font--primary\">As\u00ed se saca la visa de no inmigrante<\/h4>\n<p class=\"font--secondary\">La oficina de asuntos internacionales del\u00a0<a href=\"https:\/\/travel.state.gov\/content\/travel\/en\/us-visas\/visa-information-resources\/wait-times.html\"><b>Departamento de Estado<\/b><\/a>\u00a0se\u00f1ala en su p\u00e1gina el tiempo de espera para los procesos de visa del tipo no migrante. El c\u00e1lculo se hace a trav\u00e9s de\u00a0<a href=\"https:\/\/travel.state.gov\/content\/travel\/en\/us-visas\/visa-information-resources\/wait-times.html\"><b>una herramienta que estudia<\/b><\/a>\u00a0la disponibilidad de citas en las ciudades donde Estados Unidos tiene un consulado o una embajada, y calcula a partir de esto cu\u00e1l ser\u00eda el tiempo de espera para una entrevista.<\/p>\n<p class=\"font--secondary\">Para el caso de Colombia, el tiempo de espera para una entrevista de aplicaci\u00f3n a la visa de turista es de 697 d\u00edas. Es decir, que si usted piensa viajar a Estados Unidos y busca sacar la visa hoy, su proceso se extender\u00eda hasta octubre de 2023. Pero no se desanime: tome este dato como una alerta para arrancar el proceso ya. Tenga en consideraci\u00f3n que cada vez m\u00e1s personas est\u00e1n iniciando el tr\u00e1mite, as\u00ed que entre m\u00e1s espere, m\u00e1s lejos estar\u00e1 en la lista para las entrevistas.<\/p>\n<p class=\"font--secondary\">Eso s\u00ed, el escenario cambia si va a sacar otro tipo de visa o una visa de estudio o intercambio. La agenda para una entrevista en estos procesos tiene un tiempo de espera de solo 9 d\u00edas en el calendario, incluyendo fines de semana y festivos. Sin embargo, en el caso de la visa para turistas, se est\u00e1n tramitando las visas categor\u00eda B1 y B2, pero solo en casos de emergencia.<\/p>\n<p class=\"font--secondary\"><b>\u00bfQu\u00e9 se considera emergencia?<\/b><\/p>\n<ul class=\"\">\n<li>Se debe entender emergencia como situaciones de vida o muerte, como recibir un tratamiento m\u00e9dico urgente en los Estados Unidos.<\/li>\n<li>Debe acompa\u00f1ar a un familiar directo a un tratamiento m\u00e9dico urgente.<\/li>\n<li>Un miembro de su familia directa tiene una condici\u00f3n m\u00e9dica grave y requiere su asistencia.<\/li>\n<li>Debe asistir al funeral de un miembro de su familia directo.<\/li>\n<li>Debe atender un asunto de negocios que no puede esperar.<\/li>\n<\/ul>\n<p class=\"font--secondary\">\u26a0\ufe0f No sobra decir que para cualquiera de estos casos debe presentar documentos que soporten su emergencia.<\/p>\n<p>Tomado de: EL ESPECTADOR<\/p>","protected":false},"excerpt":{"rendered":"<p>En redes sociales rondan mensajes en los que se lee que las citas para tramitar la visa a Estados Unidos est\u00e1n para 2023, mientras que algunos usuarios preguntan cu\u00e1ndo se restablecer\u00e1 la normalidad en la asignaci\u00f3n de ellas. Estos son los tiempos que debe tener en cuenta para tramitar la entrada a Estados Unidos con<\/p>","protected":false},"author":1,"featured_media":8719,"comment_status":"closed","ping_status":"closed","sticky":false,"template":"","format":"standard","meta":{"footnotes":""},"categories":[181],"tags":[],"class_list":["post-8858","post","type-post","status-publish","format-standard","has-post-thumbnail","hentry","category-noticias"],"views":99,"_links":{"self":[{"href":"https:\/\/www.amchambaq.com\/en\/wp-json\/wp\/v2\/posts\/8858","targetHints":{"allow":["GET"]}}],"collection":[{"href":"https:\/\/www.amchambaq.com\/en\/wp-json\/wp\/v2\/posts"}],"about":[{"href":"https:\/\/www.amchambaq.com\/en\/wp-json\/wp\/v2\/types\/post"}],"author":[{"embeddable":true,"href":"https:\/\/www.amchambaq.com\/en\/wp-json\/wp\/v2\/users\/1"}],"replies":[{"embeddable":true,"href":"https:\/\/www.amchambaq.com\/en\/wp-json\/wp\/v2\/comments?post=8858"}],"version-history":[{"count":1,"href":"https:\/\/www.amchambaq.com\/en\/wp-json\/wp\/v2\/posts\/8858\/revisions"}],"predecessor-version":[{"id":8859,"href":"https:\/\/www.amchambaq.com\/en\/wp-json\/wp\/v2\/posts\/8858\/revisions\/8859"}],"wp:featuredmedia":[{"embeddable":true,"href":"https:\/\/www.amchambaq.com\/en\/wp-json\/wp\/v2\/media\/8719"}],"wp:attachment":[{"href":"https:\/\/www.amchambaq.com\/en\/wp-json\/wp\/v2\/media?parent=8858"}],"wp:term":[{"taxonomy":"category","embeddable":true,"href":"https:\/\/www.amchambaq.com\/en\/wp-json\/wp\/v2\/categories?post=8858"},{"taxonomy":"post_tag","embeddable":true,"href":"https:\/\/www.amchambaq.com\/en\/wp-json\/wp\/v2\/tags?post=8858"}],"curies":[{"name":"wp","href":"https:\/\/api.w.org\/{rel}","templated":true}]}}