{"id":8852,"date":"2022-01-14T16:19:42","date_gmt":"2022-01-14T21:19:42","guid":{"rendered":"https:\/\/www.amchambaq.com\/?p=8852"},"modified":"2022-01-14T16:19:42","modified_gmt":"2022-01-14T21:19:42","slug":"barranquilla-es-referente-de-apoyo-a-la-formalizacion-y-soluciones-para-el-espacio-publico-vicepresidenta-martha-lucia-ramirez","status":"publish","type":"post","link":"https:\/\/www.amchambaq.com\/en\/barranquilla-es-referente-de-apoyo-a-la-formalizacion-y-soluciones-para-el-espacio-publico-vicepresidenta-martha-lucia-ramirez\/","title":{"rendered":"\u201cBarranquilla es referente de apoyo a la formalizaci\u00f3n y soluciones para el espacio p\u00fablico\u201d: vicepresidenta Martha Luc\u00eda Ram\u00edrez"},"content":{"rendered":"<p>Barranquilla, como ciudad piloto de la reactivaci\u00f3n econ\u00f3mica del pa\u00eds, tambi\u00e9n es ejemplo de apoyo a los negocios m\u00e1s afectados por la pandemia. As\u00ed lo recalc\u00f3 la vicepresidenta y canciller de la Rep\u00fablica, Martha Luc\u00eda Ram\u00edrez, durante la agenda que desarroll\u00f3 este viernes en la capital del Atl\u00e1ntico.<\/p>\n<p>En un encuentro realizado en la Galer\u00eda San Nicol\u00e1s se presentaron los avances de la ruta de formalizaci\u00f3n de vendedores estacionarios y transformaci\u00f3n urbana. La alta funcionaria y el alcalde Jaime Pumarejo Heins destacaron los principales avances de la estrategia para mejorar las condiciones laborales y de vida del primer grupo de 400 comerciantes del sector del Centro Hist\u00f3rico de la ciudad que ya est\u00e1n siendo beneficiados.<\/p>\n<p>Previamente, la vicepresidenta Ram\u00edrez y el alcalde Pumarejo realizaron un recorrido por los puestos comerciales que est\u00e1n localizados alrededor de la plaza San Nicol\u00e1s para escuchar de primera mano a algunos de los vendedores reubicados que hoy tienen mejores condiciones para desarrollar sus labores diarias.<\/p>\n<p>La vicepresidenta se refiri\u00f3 a los principales resultados del piloto que present\u00f3 por primera vez desde Barranquilla, en enero del 2021:\u00a0\u201cDurante el trabajo que hemos hecho en este a\u00f1o, junto con la Alcald\u00eda, est\u00e1 el prop\u00f3sito de acompa\u00f1ar la reubicaci\u00f3n de los vendedores informales de la ciudad y apoyarlos mediante la conformaci\u00f3n de cooperativas y econom\u00eda solidaria, que les permita tener escala en su actividad econ\u00f3mica y acceso a la financiaci\u00f3n. Nuestro compromiso ha sido conseguirles la capacitaci\u00f3n, a trav\u00e9s del SENA y la Universidad Minuto de Dios. Todo esto con un solo prop\u00f3sito: dignificar la vida de estos emprendedores de a pie, como los hemos denominado. \u00a1El trabajo que se est\u00e1 haciendo en Barranquilla ser\u00e1 un referente, desde el punto de vista social!\u201d, asegur\u00f3.<\/p>\n<p>Y agreg\u00f3 que la poblaci\u00f3n informal de Barranquilla y del pa\u00eds no est\u00e1 sola. \u201cNuestro compromiso es patente para construir -entre todos- una pol\u00edtica de formalizaci\u00f3n, que va mucho m\u00e1s all\u00e1 de una simple reubicaci\u00f3n. \u00a1Buscamos herramientas para su inclusi\u00f3n al aparato productivo nacional!\u201d.<\/p>\n<p>A su turno, el mandatario distrital enfatiz\u00f3 en la importancia de darles una ruta a la dignidad y a una mejor vida a los vendedores informales. \u201cEl objetivo es que no solo los traslademos a sitios m\u00e1s dignos, sino que hagamos que sus peque\u00f1os emprendimientos se vuelvan cada d\u00eda empresas m\u00e1s sostenibles, que puedan ayudarlos a salir adelante, que se vuelvan historias firmes de sue\u00f1os cumplidos en Colombia y en Barranquilla\u201d, dijo.<\/p>\n<p>El alcalde asegur\u00f3 que se busca mudar a m\u00e1s de 3000 vendedores estacionarios y, al mismo tiempo, est\u00e1 la tarea de reubicarlos en sitios dignos dentro de espacios callejeros en donde puedan vender formalmente en un futuro, llevando lo suficiente a sus casas y sin atentar contra el espacio p\u00fablico de la ciudad.<\/p>\n<p>\u201cEs organizar la ciudad, es mejorar el espacio del Centro para que podamos volver a vivirlo, a trabajarlo y disfrutarlo sin desconocer que aqu\u00ed hay 5.500 personas y familias que llevan 20 o 30 a\u00f1os viviendo de \u00e9l. Y queremos que hoy, en lo que ser\u00e1n las maduras del Centro de Barranquilla, ellos tambi\u00e9n participen\u201d, afirm\u00f3.<\/p>\n<p>En ese sentido, el alcalde solicit\u00f3 a la vicepresidenta respaldo para gestionar ante el Fondo Nacional del Ahorro la posibilidad de otorgarles a los vendedores estacionarios de Barranquilla pr\u00e9stamos accesibles para obtener Viviendas de Inter\u00e9s Social que ser\u00e1n construidas dentro de barrios y sectores urbanos, como el Centro de la ciudad.<\/p>\n<p>Shirly Le\u00f3n se dedic\u00f3 por 13 a\u00f1os a vender almuerzos en las calles del Centro de Barranquilla. Hoy, gracias a la reubicaci\u00f3n, goza de un espacio digno y adecuado para seguir alimentando a cientos de barranquilleros que a diario transitan por la plaza San Nicol\u00e1s.<\/p>\n<p>\u201cLo \u00fanico que puedo decir es gracias. Me siento feliz, ya son cuatro meses reubicada en esta galer\u00eda. A este punto llegan nuevos clientes que se sienten m\u00e1s c\u00f3modos comiendo en estas condiciones, hay m\u00e1s higiene y aqu\u00ed se ve una integraci\u00f3n con los compa\u00f1eros que en las calles no se ve\u00eda. Este nuevo local me ha permitido ahorrar y empezar a pensar en tener mi casa propia, as\u00ed que me siento afortunada porque ya no vivo del d\u00eda a d\u00eda, ahora s\u00e9 que puedo programarme\u201d, expres\u00f3.<\/p>\n<p>El mandatario distrital record\u00f3 que la Administraci\u00f3n distrital avanza en el plan de recuperaci\u00f3n integral del Centro Hist\u00f3rico, uno de los programas bandera que ha contemplado, por una parte, la recuperaci\u00f3n del espacio p\u00fablico del sector.<\/p>\n<p>En ese sentido, el proyecto de peatonalizaci\u00f3n es uno de los ejes m\u00e1s importantes, en la medida en que ya son seis (6) tramos viales intervenidos para la reubicaci\u00f3n de vendedores informales del Centro. Ello, a fin de mejorar la calidad de vida de los ocupantes de espacio p\u00fablico, quienes por a\u00f1os estuvieron a la intemperie y hoy gozan de zonas de trabajo propicias para comercializar sus productos, as\u00ed como el mantenimiento urban\u00edstico de su entorno.<\/p>\n<p>Lo anterior consisti\u00f3 en la instalaci\u00f3n de m\u00f3dulos en el centro de cada una de las v\u00edas peatonales, luego de la adecuaci\u00f3n subterr\u00e1nea de redes de servicios p\u00fablicos, alcantarillado pluvial, iluminaci\u00f3n led y elementos de paisajismo.<\/p>\n<p>\u201cCon este proyecto se inici\u00f3 el renacer del Centro. Le devolvimos la vida a este sector de la ciudad a trav\u00e9s de la formalizaci\u00f3n de vendedores estacionarios, la recuperaci\u00f3n de la movilidad y la restauraci\u00f3n del sentimiento de seguridad de la gente\u201d, asegur\u00f3 el alcalde Pumarejo.<\/p>\n<p>El mandatario explic\u00f3 que la dignificaci\u00f3n de los comerciantes que desarrollan su actividad econ\u00f3mica en esta zona de la ciudad tambi\u00e9n ha contemplado acompa\u00f1amiento integral y apoyo para el financiamiento.<\/p>\n<p>Para ello, el trabajo articulado con el Gobierno nacional y el sector privado han sido clave, en la medida en que entidades como VIVA 1A IPS se han sumado a la estrategia con una donaci\u00f3n de $1.000 millones.<\/p>\n<p>Gracias a ello, el Distrito y la Fundaci\u00f3n Santo Domingo, con el apoyo de C\u00e1mara de Comercio, SENA, Uniminuto y UAEOS, entre otros actores y programas como el Centro de Oportunidades y la Unidad de Apoyo al Empresario, han apoyado la relocalizaci\u00f3n de comerciantes a trav\u00e9s de: acceso a financiaci\u00f3n con microcr\u00e9ditos condonables, acompa\u00f1amiento en bioseguridad, y formaci\u00f3n y fortalecimiento empresarial para la sostenibilidad de los negocios.<\/p>\n<p>A la fecha, ya son 234 microcr\u00e9ditos condonables desembolsados por $535.500.000 y m\u00e1s 2.500 micronegocios atendidos a trav\u00e9s de toda la oferta interinstitucional, entre otros resultados que destaca la Secretar\u00eda Distrital de Desarrollo Econ\u00f3mico.<\/p>\n<p><strong>Acuerdo de voluntades<\/strong><\/p>\n<p>En el marco del encuentro, la Vicepresidencia de la Rep\u00fablica y la Alcald\u00eda de Barranquilla suscribieron el acuerdo social por la inclusi\u00f3n productiva de micronegocios informales, orientado a seguir disponiendo espacios de trabajo en la ciudad para los trabajadores que integran esta iniciativa, a trav\u00e9s de varias acciones, entre ellas:<\/p>\n<ul>\n<li>Encontrar soluciones urbano\u2013arquitect\u00f3nicas y planteamientos urbanos enmarcados en el modelo de atenci\u00f3n integral liderado por Vicepresidencia.<\/li>\n<li>Implementar acciones de empat\u00eda urbana, con el fin de revitalizar y recualificar el espacio p\u00fablico, que sirva para conectar a la ciudad con sus habitantes.<\/li>\n<li>Desarrollar prototipos de intervenci\u00f3n urbano\u2013arquitect\u00f3nicos coherentes con las problem\u00e1ticas del sector.<\/li>\n<li>Actualizar marcos regulatorios de aprovechamiento econ\u00f3mico del espacio p\u00fablico.<\/li>\n<li>Liderar formaci\u00f3n para el fortalecimiento de la empleabilidad, fomento de la asociatividad y acceso a mercados, as\u00ed como gesti\u00f3n de alternativas de financiamiento y cooperaci\u00f3n internacional.<\/li>\n<\/ul>\n<p>Estas acciones est\u00e1n vinculadas al Laboratorio Social de Inclusi\u00f3n Productiva, liderado por la Vicepresidencia de la Rep\u00fablica y la Organizaci\u00f3n Minuto de Dios (MD Micronegocios), con apoyo del SENA, Asomicrofinanzas, Artesan\u00edas de Colombia, alcald\u00edas, gobernaciones y entidades territoriales y\/o gubernamentales.<\/p>","protected":false},"excerpt":{"rendered":"<p>Barranquilla, como ciudad piloto de la reactivaci\u00f3n econ\u00f3mica del pa\u00eds, tambi\u00e9n es ejemplo de apoyo a los negocios m\u00e1s afectados por la pandemia. As\u00ed lo recalc\u00f3 la vicepresidenta y canciller de la Rep\u00fablica, Martha Luc\u00eda Ram\u00edrez, durante la agenda que desarroll\u00f3 este viernes en la capital del Atl\u00e1ntico. En un encuentro realizado en la Galer\u00eda<\/p>","protected":false},"author":1,"featured_media":8853,"comment_status":"closed","ping_status":"closed","sticky":false,"template":"","format":"standard","meta":{"footnotes":""},"categories":[181],"tags":[],"class_list":["post-8852","post","type-post","status-publish","format-standard","has-post-thumbnail","hentry","category-noticias"],"views":97,"_links":{"self":[{"href":"https:\/\/www.amchambaq.com\/en\/wp-json\/wp\/v2\/posts\/8852","targetHints":{"allow":["GET"]}}],"collection":[{"href":"https:\/\/www.amchambaq.com\/en\/wp-json\/wp\/v2\/posts"}],"about":[{"href":"https:\/\/www.amchambaq.com\/en\/wp-json\/wp\/v2\/types\/post"}],"author":[{"embeddable":true,"href":"https:\/\/www.amchambaq.com\/en\/wp-json\/wp\/v2\/users\/1"}],"replies":[{"embeddable":true,"href":"https:\/\/www.amchambaq.com\/en\/wp-json\/wp\/v2\/comments?post=8852"}],"version-history":[{"count":1,"href":"https:\/\/www.amchambaq.com\/en\/wp-json\/wp\/v2\/posts\/8852\/revisions"}],"predecessor-version":[{"id":8854,"href":"https:\/\/www.amchambaq.com\/en\/wp-json\/wp\/v2\/posts\/8852\/revisions\/8854"}],"wp:featuredmedia":[{"embeddable":true,"href":"https:\/\/www.amchambaq.com\/en\/wp-json\/wp\/v2\/media\/8853"}],"wp:attachment":[{"href":"https:\/\/www.amchambaq.com\/en\/wp-json\/wp\/v2\/media?parent=8852"}],"wp:term":[{"taxonomy":"category","embeddable":true,"href":"https:\/\/www.amchambaq.com\/en\/wp-json\/wp\/v2\/categories?post=8852"},{"taxonomy":"post_tag","embeddable":true,"href":"https:\/\/www.amchambaq.com\/en\/wp-json\/wp\/v2\/tags?post=8852"}],"curies":[{"name":"wp","href":"https:\/\/api.w.org\/{rel}","templated":true}]}}