{"id":8817,"date":"2022-01-11T08:38:44","date_gmt":"2022-01-11T13:38:44","guid":{"rendered":"https:\/\/www.amchambaq.com\/?p=8817"},"modified":"2022-01-11T08:39:21","modified_gmt":"2022-01-11T13:39:21","slug":"png-2022-recursos-para-atlantico-aumentan-4183","status":"publish","type":"post","link":"https:\/\/www.amchambaq.com\/en\/png-2022-recursos-para-atlantico-aumentan-4183\/","title":{"rendered":"PNG 2022: recursos para Atl\u00e1ntico aumentan 41,83 %"},"content":{"rendered":"<p>En 2022, el departamento del\u00a0<strong>Atl\u00e1ntico<\/strong>\u00a0tiene la mayor asignaci\u00f3n de los \u00faltimos 3 a\u00f1os en el\u00a0<strong>Presupuesto General de la Naci\u00f3n<\/strong>, en el marco del proceso de reactivaci\u00f3n de la econom\u00eda y que es impulsado \u2013en gran parte\u2013 por las inversiones p\u00fablicas.<\/p>\n<p>El departamento recibir\u00e1 2.5 billones, lo que representa un incremento del 41,83 % con relaci\u00f3n a la vigencia 2021, cuando la\u00a0<strong>asignaci\u00f3n\u00a0<\/strong>fue por el orden de 1.7 billones.<\/p>\n<p>De esta manera, el departamento recibe cerca del 3,73% del total del Presupuesto General de la Naci\u00f3n, lo que tambi\u00e9n corresponde al 19,35 % del total de los recursos asignados para los departamentos de la regi\u00f3n Caribe (ver infograf\u00eda).<\/p>\n<p>\u201cEs el primer departamento en asignaci\u00f3n presupuestal de la\u00a0<strong>regi\u00f3n Caribe<\/strong>\u00a0y la mayor asignaci\u00f3n para el departamento de los \u00faltimos 3 a\u00f1os\u201d, recalc\u00f3 C\u00e9sar Lorduy, representante a la C\u00e1mara del Atl\u00e1ntico por el Partido Cambio Radical.<\/p>\n<div class=\"field-item odd\">\n<div class=\"entity entity-paragraphs-item paragraphs-item-descripcion\">\n<div class=\"content\">\n<div class=\"field field-name-field-descripcion field-type-text-long field-label-hidden\">\n<div class=\"field-items\">\n<div class=\"field-item even\">\n<p>El congresista destac\u00f3 que los sectores de deporte y recreaci\u00f3n tuvieron un \u201cgran incremento\u201d \u2013cercano al 355 %\u2013, pasando de $6,8 a $31,1 miles de millones: \u201cEsta asignaci\u00f3n busca mejorar la infraestructura para la actividad f\u00edsica, la recreaci\u00f3n y el aprovechamiento del tiempo libre\u201d.<\/p>\n<p>Indic\u00f3, adem\u00e1s, que el 40,37 % del presupuesto asignado al departamento del Atl\u00e1ntico, es decir, $1.026 miles de millones, corresponden al sector de inclusi\u00f3n social y reconciliaci\u00f3n, distribuidos principalmente en los programas de Ingreso Solidario, Asistencia a la Primera Infancia, Familias en Acci\u00f3n, J\u00f3venes en Acci\u00f3n y Colombia Mayor.<\/p>\n<p>El senador Efra\u00edn Cepeda, a su turno, destac\u00f3 que en el Presupuesto General de la Naci\u00f3n se incluyeron los recursos necesarios para adelantar proyectos viales tales como el mantenimiento de la carretera Turbo-Cartagena-Barranquilla-Santa Marta-Riohacha \u2013 Paraguach\u00f3n; la Transversal del Caribe; Concesi\u00f3n Cartagena &#8211; Barranquilla y Circunvalar de la Prosperidad, y Concesi\u00f3n Puerta de Hierro &#8211; Palmar de Varela , Carreto &#8211; Cruz del Viso.<\/p>\n<p>\u201cEstos proyectos ser\u00e1n motor de empuje para nuestro departamento en reactivaci\u00f3n tur\u00edstica, dom\u00e9stica y empleo\u201d, dijo el congresista conservador.<\/p>\n<p>Mientras que el senador Laureano Acu\u00f1a expuso que se \u201cpresion\u00f3\u201d al Gobierno para asignar $26.388 miles de millones para el sector de la agricultura y el desarrollo rural.<\/p>\n<p>\u201cCon esto se ha querido tener en cuenta a nuestros campesinos agricultores que en esta \u00e9poca de recesi\u00f3n necesitan con m\u00e1s contundencia el apoyo gubernamental\u201d, dijo.<\/p>\n<\/div>\n<\/div>\n<\/div>\n<\/div>\n<\/div>\n<\/div>\n<div class=\"field-item even\">\n<div class=\"shares\"><strong>Nota negativa<\/strong><\/div>\n<\/div>\n<div class=\"field-item odd\">\n<div class=\"entity entity-paragraphs-item paragraphs-item-descripcion\">\n<div class=\"content\">\n<div class=\"field field-name-field-descripcion field-type-text-long field-label-hidden\">\n<div class=\"field-items\">\n<div class=\"field-item even\">\n<p>A diferencia de los \u00faltimos dos a\u00f1os, el departamento del Atl\u00e1ntico para el a\u00f1o 2022 no tiene asignaci\u00f3n en los sectores de defensa y Polic\u00eda y cultura.<\/p>\n<p>\u201cEl programa de seguridad y convivencia ciudadana son de los que m\u00e1s se necesitan en esta coyuntura para fortalecer la seguridad ciudadana en nuestro departamento\u201d, expuso el senador del Partido Conservador.<\/p>\n<p>Por otro lado, la asignaci\u00f3n en el departamento del Atl\u00e1ntico para el sector de las Tecnolog\u00edas de la Informaci\u00f3n y las Comunicaciones se redujo un 48 %, mientras que en ciencia y tecnolog\u00eda se redujo en un 30 %.<\/p>\n<\/div>\n<\/div>\n<\/div>\n<\/div>\n<\/div>\n<\/div>\n<div class=\"field-item even\">\n<div class=\"shares\"><strong>Temas pendientes<\/strong><\/div>\n<\/div>\n<div class=\"field-item odd\">\n<div class=\"entity entity-paragraphs-item paragraphs-item-descripcion\">\n<div class=\"content\">\n<div class=\"field field-name-field-descripcion field-type-text-long field-label-hidden\">\n<div class=\"field-items\">\n<div class=\"field-item even\">\n<p>Terminaci\u00f3n de la doble calzada entre Barranquilla y Cartagena, as\u00ed como el tren Cartagena \u2013 Barranquilla &#8211; Santa Marta y otros departamentos del Caribe para una total conexi\u00f3n ferroviaria son algunos de los proyectos que la Bancada del Atl\u00e1ntico propondr\u00e1 en el marco de la construcci\u00f3n del pr\u00f3ximo Presupuesto General de la Naci\u00f3n.<\/p>\n<p>Los congresistas tambi\u00e9n reclamar\u00e1n mayor inversi\u00f3n en el sector agropecuario y para el desarrollo del turismo en el departamento, teniendo en cuenta las acciones que adelantan las autoridades locales.<\/p>\n<p>Tomado de: EL HERALDO<\/p>\n<\/div>\n<\/div>\n<\/div>\n<\/div>\n<\/div>\n<\/div>","protected":false},"excerpt":{"rendered":"<p>En 2022, el departamento del\u00a0Atl\u00e1ntico\u00a0tiene la mayor asignaci\u00f3n de los \u00faltimos 3 a\u00f1os en el\u00a0Presupuesto General de la Naci\u00f3n, en el marco del proceso de reactivaci\u00f3n de la econom\u00eda y que es impulsado \u2013en gran parte\u2013 por las inversiones p\u00fablicas. El departamento recibir\u00e1 2.5 billones, lo que representa un incremento del 41,83 % con relaci\u00f3n<\/p>","protected":false},"author":1,"featured_media":8818,"comment_status":"closed","ping_status":"closed","sticky":false,"template":"","format":"standard","meta":{"footnotes":""},"categories":[181],"tags":[],"class_list":["post-8817","post","type-post","status-publish","format-standard","has-post-thumbnail","hentry","category-noticias"],"views":74,"_links":{"self":[{"href":"https:\/\/www.amchambaq.com\/en\/wp-json\/wp\/v2\/posts\/8817","targetHints":{"allow":["GET"]}}],"collection":[{"href":"https:\/\/www.amchambaq.com\/en\/wp-json\/wp\/v2\/posts"}],"about":[{"href":"https:\/\/www.amchambaq.com\/en\/wp-json\/wp\/v2\/types\/post"}],"author":[{"embeddable":true,"href":"https:\/\/www.amchambaq.com\/en\/wp-json\/wp\/v2\/users\/1"}],"replies":[{"embeddable":true,"href":"https:\/\/www.amchambaq.com\/en\/wp-json\/wp\/v2\/comments?post=8817"}],"version-history":[{"count":2,"href":"https:\/\/www.amchambaq.com\/en\/wp-json\/wp\/v2\/posts\/8817\/revisions"}],"predecessor-version":[{"id":8820,"href":"https:\/\/www.amchambaq.com\/en\/wp-json\/wp\/v2\/posts\/8817\/revisions\/8820"}],"wp:featuredmedia":[{"embeddable":true,"href":"https:\/\/www.amchambaq.com\/en\/wp-json\/wp\/v2\/media\/8818"}],"wp:attachment":[{"href":"https:\/\/www.amchambaq.com\/en\/wp-json\/wp\/v2\/media?parent=8817"}],"wp:term":[{"taxonomy":"category","embeddable":true,"href":"https:\/\/www.amchambaq.com\/en\/wp-json\/wp\/v2\/categories?post=8817"},{"taxonomy":"post_tag","embeddable":true,"href":"https:\/\/www.amchambaq.com\/en\/wp-json\/wp\/v2\/tags?post=8817"}],"curies":[{"name":"wp","href":"https:\/\/api.w.org\/{rel}","templated":true}]}}