{"id":8798,"date":"2021-12-21T13:39:16","date_gmt":"2021-12-21T18:39:16","guid":{"rendered":"https:\/\/www.amchambaq.com\/?p=8798"},"modified":"2021-12-21T13:39:16","modified_gmt":"2021-12-21T18:39:16","slug":"la-internacionalizacion-es-una-fuente-de-desarrollo-regional-lombana","status":"publish","type":"post","link":"https:\/\/www.amchambaq.com\/en\/la-internacionalizacion-es-una-fuente-de-desarrollo-regional-lombana\/","title":{"rendered":"\u201cLa internacionalizaci\u00f3n es una fuente de desarrollo regional\u201d: Lombana"},"content":{"rendered":"<p>La<strong>\u00a0ministra de Comercio<\/strong>, Industria y Turismo,<strong>\u00a0Mar\u00eda Ximena Lombana<\/strong>, asegur\u00f3 que el\u00a0<strong>Gobierno nacional<\/strong>\u00a0apuesta por la internacionalizaci\u00f3n de las empresas en el Atl\u00e1ntico y que para ello se desarrollan diversas estrategias.<\/p>\n<p>En entrevista con\u00a0<a href=\"https:\/\/www.elheraldo.co\/\">EL HERALDO\u00a0<\/a>destac\u00f3 el buen desempe\u00f1o de la industria en\u00a0<strong>Barranquilla<\/strong>\u00a0y el departamento y la importancia de las zonas francas para el desarrollo de la regi\u00f3n.<\/p>\n<p><strong>\u00bfC\u00f3mo analiza el comportamiento de la industria en Barranquilla y el Atl\u00e1ntico?<\/strong><\/p>\n<p>El indicador de producci\u00f3n real de la industria en el Atl\u00e1ntico ha mostrado un crecimiento de 21,8 % entre enero y septiembre de 2021 frente al mismo periodo de 2020. Si se compara este mismo valor con enero-septiembre de 2019, la producci\u00f3n industrial ha crecido 13,6 %.<\/p>\n<p>En este departamento los sectores de madera y muebles junto con la categor\u00eda de textiles, confecciones y cuero mostraron crecimientos superiores al 50 % entre enero y septiembre de 2021 frente al mismo periodo de 2020.<\/p>\n<p>En Barranquilla el crecimiento de la producci\u00f3n industrial fue de 21,9 % entre enero y septiembre de 2021 frente al mismo periodo de 2020. En l\u00ednea con el proceso de recuperaci\u00f3n, se tiene acumulado a septiembre un crecimiento de 16,9 % frente a septiembre de 2019.<\/p>\n<p><strong>\u00bfC\u00f3mo se puede impulsar la internacionalizaci\u00f3n de las empresas del departamento?<\/strong><\/p>\n<p>n materia de comercio exterior, buscamos hacer de la internacionalizaci\u00f3n una fuente de desarrollo regional. Por eso, la articulaci\u00f3n con los actores territoriales ha sido la columna vertebral de nuestra pol\u00edtica. Nuestra labor en la identificaci\u00f3n de oportunidades, la diversificaci\u00f3n de la canasta exportadora, la ampliaci\u00f3n del tejido empresarial y el camino para el aumento de las exportaciones no minero energ\u00e9ticas, ha partido de las regiones.<\/p>\n<p>Justamente, hace un par de semanas arrancamos la implementaci\u00f3n de la Estrategia de Regionalizaci\u00f3n de la Misi\u00f3n de Internacionalizaci\u00f3n en el Atl\u00e1ntico, con lo que buscamos no solo profundizar los planes departamentales, fomentando el trabajo Naci\u00f3n-Regi\u00f3n en temas sectoriales y transversales, sino darle protagonismo y corresponsabilidad a los actores regionales en la consecuci\u00f3n de las metas de pa\u00eds en materia de internacionalizaci\u00f3n y propiciar la articulaci\u00f3n con los actores nacionales.<\/p>\n<p><strong>\u00bfEstas pol\u00edticas tambi\u00e9n llegan a las mipymes de la regi\u00f3n?<\/strong><\/p>\n<p>Como parte de nuestra pol\u00edtica de comercio exterior, contamos con diferentes programas para ayudar a las empresas, en especial a las mipymes y a las regiones en su camino a la internacionalizaci\u00f3n. Tenemos F\u00e1bricas de Internacionalizaci\u00f3n, un programa de acompa\u00f1amiento a la medida de cada empresa para identificar los aspectos a mejorar en ese camino a la internacionalizaci\u00f3n.<\/p>\n<p>De la convocatoria de 2020, hay 17 empresas del Atl\u00e1ntico que actualmente est\u00e1n desarrollando el plan de trabajo y de la convocatoria 2021 hay 28 empresas aceptadas.<\/p>\n<p>Contamos tambi\u00e9n con el programa Calidad para Crecer, que es de acompa\u00f1amiento para preparar, alistar y apoyar a las empresas en la obtenci\u00f3n de certificaciones de calidad para mercados internacionales. Tenemos tambi\u00e9n Banc\u00f3ldex M\u00e1s Global, para la financiaci\u00f3n para la exportaci\u00f3n.<\/p>\n<p><strong>\u00bfCu\u00e1l es el aporte de las zonas francas a la recuperaci\u00f3n econ\u00f3mica de la regi\u00f3n?<\/strong><\/p>\n<p>En materia de desarrollo productivo y crecimiento de las regiones, el Gobierno ha buscado impulsarlos a trav\u00e9s de los mecanismos de comercio y productividad.\u00a0 Uno de estos es el r\u00e9gimen de zonas francas, que permite a las empresas tener beneficios tributarios, aduaneros y de comercio exterior. A trav\u00e9s de los incentivos de este instrumento se fomenta la creaci\u00f3n de empleo y la captaci\u00f3n de nuevas inversiones de capital, promoviendo la competitividad en las regiones en donde se establecen.<\/p>\n<p>El desarrollo de las zonas francas contribuye a la competitividad del pa\u00eds, es uno de los mejores instrumentos para la atracci\u00f3n de inversi\u00f3n y generaci\u00f3n de empleo, lo cual se puede visibilizar en el Atl\u00e1ntico, donde se encuentran declaradas 9 zonas francas, de las cuales 3 son permanentes y 6 permanentes especiales. Estas han ejecutado inversiones por $1.5 billones y generan 3.967 empleos entre directos, indirectos y vinculados a septiembre de 2021.<\/p>\n<p>Estas zonas francas hay empresas de industria y servicios (salud, portuarios, call center y generaci\u00f3n de energ\u00eda) que aportan a dinamizar la econom\u00eda regional, la generaci\u00f3n de empleo calificado, la diversificaci\u00f3n productiva y al desarrollo social.<\/p>\n<p>Tomado de: EL HERALDO<\/p>\n<p>&nbsp;<\/p>","protected":false},"excerpt":{"rendered":"<p>La\u00a0ministra de Comercio, Industria y Turismo,\u00a0Mar\u00eda Ximena Lombana, asegur\u00f3 que el\u00a0Gobierno nacional\u00a0apuesta por la internacionalizaci\u00f3n de las empresas en el Atl\u00e1ntico y que para ello se desarrollan diversas estrategias. En entrevista con\u00a0EL HERALDO\u00a0destac\u00f3 el buen desempe\u00f1o de la industria en\u00a0Barranquilla\u00a0y el departamento y la importancia de las zonas francas para el desarrollo de la regi\u00f3n.<\/p>","protected":false},"author":1,"featured_media":8799,"comment_status":"closed","ping_status":"closed","sticky":false,"template":"","format":"standard","meta":{"footnotes":""},"categories":[181],"tags":[],"class_list":["post-8798","post","type-post","status-publish","format-standard","has-post-thumbnail","hentry","category-noticias"],"views":97,"_links":{"self":[{"href":"https:\/\/www.amchambaq.com\/en\/wp-json\/wp\/v2\/posts\/8798","targetHints":{"allow":["GET"]}}],"collection":[{"href":"https:\/\/www.amchambaq.com\/en\/wp-json\/wp\/v2\/posts"}],"about":[{"href":"https:\/\/www.amchambaq.com\/en\/wp-json\/wp\/v2\/types\/post"}],"author":[{"embeddable":true,"href":"https:\/\/www.amchambaq.com\/en\/wp-json\/wp\/v2\/users\/1"}],"replies":[{"embeddable":true,"href":"https:\/\/www.amchambaq.com\/en\/wp-json\/wp\/v2\/comments?post=8798"}],"version-history":[{"count":1,"href":"https:\/\/www.amchambaq.com\/en\/wp-json\/wp\/v2\/posts\/8798\/revisions"}],"predecessor-version":[{"id":8800,"href":"https:\/\/www.amchambaq.com\/en\/wp-json\/wp\/v2\/posts\/8798\/revisions\/8800"}],"wp:featuredmedia":[{"embeddable":true,"href":"https:\/\/www.amchambaq.com\/en\/wp-json\/wp\/v2\/media\/8799"}],"wp:attachment":[{"href":"https:\/\/www.amchambaq.com\/en\/wp-json\/wp\/v2\/media?parent=8798"}],"wp:term":[{"taxonomy":"category","embeddable":true,"href":"https:\/\/www.amchambaq.com\/en\/wp-json\/wp\/v2\/categories?post=8798"},{"taxonomy":"post_tag","embeddable":true,"href":"https:\/\/www.amchambaq.com\/en\/wp-json\/wp\/v2\/tags?post=8798"}],"curies":[{"name":"wp","href":"https:\/\/api.w.org\/{rel}","templated":true}]}}