{"id":8764,"date":"2021-12-14T15:33:39","date_gmt":"2021-12-14T20:33:39","guid":{"rendered":"https:\/\/www.amchambaq.com\/?p=8764"},"modified":"2021-12-14T15:33:39","modified_gmt":"2021-12-14T20:33:39","slug":"visa-a-estados-unidos-conozca-la-exencion-y-como-funciona","status":"publish","type":"post","link":"https:\/\/www.amchambaq.com\/en\/visa-a-estados-unidos-conozca-la-exencion-y-como-funciona\/","title":{"rendered":"Visa a Estados Unidos: conozca la exenci\u00f3n y c\u00f3mo funciona"},"content":{"rendered":"<p>En el pasado mes de noviembre, empezaron a regir las nuevas pol\u00edticas para entrar a EE. UU., lo que puso fin a las restricciones de viaje impuestas por Joe Biden ante la emergencia sanitaria ocasionada por el nuevo coronavirus. Entre las nuevas medidas se destaca la exigencia del esquema completo de vacunaci\u00f3n.<\/p>\n<p>Adem\u00e1s, &#8220;los ciudadanos estadounidenses y los titulares de visas de inmigrante completamente vacunados deber\u00e1n mostrar documentaci\u00f3n de una prueba viral covid-19 negativa administrada no m\u00e1s de tres d\u00edas calendario antes de la fecha del vuelo internacional a los\u00a0<b>Estados Unidos<\/b>&#8220;, explic\u00f3 la Embajada.<\/p>\n<p>Este requisito tambi\u00e9n lo deben cumplir quienes cuenten con la estancia del Programa de\u00a0<b>exenci\u00f3n de visa\u00a0<\/b>(Visa Waiver Program), que otorga la posibilidad de estar en EE. UU. hasta por 90 d\u00edas sin visa siempre y cuando sea por motivo de negocios o turismo.<\/p>\n<p>El requerimiento se debe solicitar\u00a0a trav\u00e9s del Sistema Electr\u00f3nico para Autorizaci\u00f3n de Viaje, ESTA (por sus siglas en ingl\u00e9s), un sistema encargado de determinar si la persona cuenta con un perfil elegible para entrar al pa\u00eds norteamericano.<\/p>\n<p>Para conseguir este\u00a0<b>permiso\u00a0<\/b>no debe tener en posesi\u00f3n una\u00a0<b>visa de visitantes\u00a0<\/b>y tener planeado un viaje corto.<\/p>\n<p>NOTA: Desde AmCham, asesoramos con el diligenciamiento del formulario DS-160 para Visa Americana. \u00a1Cont\u00e1ctanos! 3176461077<\/p>\n<p>Tomado de: EL TIEMPO<\/p>","protected":false},"excerpt":{"rendered":"<p>En el pasado mes de noviembre, empezaron a regir las nuevas pol\u00edticas para entrar a EE. UU., lo que puso fin a las restricciones de viaje impuestas por Joe Biden ante la emergencia sanitaria ocasionada por el nuevo coronavirus. Entre las nuevas medidas se destaca la exigencia del esquema completo de vacunaci\u00f3n. Adem\u00e1s, &#8220;los ciudadanos<\/p>","protected":false},"author":1,"featured_media":8732,"comment_status":"closed","ping_status":"closed","sticky":false,"template":"","format":"standard","meta":{"footnotes":""},"categories":[181],"tags":[],"class_list":["post-8764","post","type-post","status-publish","format-standard","has-post-thumbnail","hentry","category-noticias"],"views":191,"_links":{"self":[{"href":"https:\/\/www.amchambaq.com\/en\/wp-json\/wp\/v2\/posts\/8764","targetHints":{"allow":["GET"]}}],"collection":[{"href":"https:\/\/www.amchambaq.com\/en\/wp-json\/wp\/v2\/posts"}],"about":[{"href":"https:\/\/www.amchambaq.com\/en\/wp-json\/wp\/v2\/types\/post"}],"author":[{"embeddable":true,"href":"https:\/\/www.amchambaq.com\/en\/wp-json\/wp\/v2\/users\/1"}],"replies":[{"embeddable":true,"href":"https:\/\/www.amchambaq.com\/en\/wp-json\/wp\/v2\/comments?post=8764"}],"version-history":[{"count":1,"href":"https:\/\/www.amchambaq.com\/en\/wp-json\/wp\/v2\/posts\/8764\/revisions"}],"predecessor-version":[{"id":8765,"href":"https:\/\/www.amchambaq.com\/en\/wp-json\/wp\/v2\/posts\/8764\/revisions\/8765"}],"wp:featuredmedia":[{"embeddable":true,"href":"https:\/\/www.amchambaq.com\/en\/wp-json\/wp\/v2\/media\/8732"}],"wp:attachment":[{"href":"https:\/\/www.amchambaq.com\/en\/wp-json\/wp\/v2\/media?parent=8764"}],"wp:term":[{"taxonomy":"category","embeddable":true,"href":"https:\/\/www.amchambaq.com\/en\/wp-json\/wp\/v2\/categories?post=8764"},{"taxonomy":"post_tag","embeddable":true,"href":"https:\/\/www.amchambaq.com\/en\/wp-json\/wp\/v2\/tags?post=8764"}],"curies":[{"name":"wp","href":"https:\/\/api.w.org\/{rel}","templated":true}]}}