{"id":8734,"date":"2021-12-07T12:12:10","date_gmt":"2021-12-07T17:12:10","guid":{"rendered":"https:\/\/www.amchambaq.com\/?p=8734"},"modified":"2021-12-07T13:14:07","modified_gmt":"2021-12-07T18:14:07","slug":"el-comercio-exterior-en-tres-decadas-de-internacionalizacion","status":"publish","type":"post","link":"https:\/\/www.amchambaq.com\/en\/el-comercio-exterior-en-tres-decadas-de-internacionalizacion\/","title":{"rendered":"El comercio exterior en tres d\u00e9cadas de internacionalizaci\u00f3n"},"content":{"rendered":"<p>La historia de la internacionalizaci\u00f3n de Colombia no se puede contar sin hablar de los 17 Tratados de Libre Comercio (TLC) que ha implementado el pa\u00eds en las \u00faltimas d\u00e9cadas y que han dejado como resultado que las exportaciones a los pa\u00edses signatarios de esos acuerdos comerciales hayan crecido a una tasa promedio anual de 9,9% en valor y 17% en volumen; cifras superiores a los datos generales de comercio exterior (4,6% en valor y 2,5% en volumen) que se evidenciaron entre 2005 y 2020, periodo en el que se dio el mayor auge de esos pactos comerciales.<\/p>\n<p class=\"relatedOpinions\">Para exministros de la cartera de Comercio, estos acuerdos han sido la clave para aprovechar las oportunidades globales, donde \u201cel logro m\u00e1s importante es haber podido abrir, a trav\u00e9s de diplomacia comercial y sanitaria, posibilidades para que productos colombianos lleguen a m\u00e1s de 1.500 millones de consumidores a trav\u00e9s de 17 acuerdos de comercio. Esto sumado, a los acuerdos de inversi\u00f3n y doble tributaci\u00f3n, que permiten atraer inversi\u00f3n extrajera significativa a nuestro pa\u00eds\u201d, explic\u00f3 el exministro y hoy l\u00edder de la cartera de Hacienda, Jos\u00e9 Manuel Restrepo.<\/p>\n<p class=\"relatedOpinions\">Sobre el papel que ha tenido la cartera en este impulso, \u201cen cada uno de los momentos de desarrollo, el Ministerio de Comercio ha contribuido para que los colombianos puedan tener acceso a una mejor calidad de vida. La apertura econ\u00f3mica nos llev\u00f3 a ser capaces de ver que hab\u00eda un mercado sin l\u00edmites y m\u00faltiples oportunidades m\u00e1s all\u00e1 de nuestras fronteras. Adem\u00e1s, la internacionalizaci\u00f3n oblig\u00f3 a la industria a ser m\u00e1s competitiva y eficiente\u201d, se\u00f1al\u00f3 la exministra de Comercio (2016-2017), Mar\u00eda Claudia Lacouture, al referirse tambi\u00e9n a c\u00f3mo este proceso ayud\u00f3 a que los precios y los productos sean m\u00e1s competitivos y accesibles para los colombianos.<\/p>\n<div>\n<div class=\"news tres-decadas-de-internacionalizacion-especialesSect\">\n<div class=\"html-content\">\n<p>En estos 30 a\u00f1os los principales destinos de exportaciones colombianas han sido Estados Unidos (28.7%), China (8.9%), Ecuador (4.7%) y Panam\u00e1 (4.6%). Estos lideran a otras 19 naciones a las que se vende el 82,6% restante. En total, de estos pa\u00edses, 14 tienen tratados comerciales firmados con Colombia; lo que reafirma su relevancia.<\/p>\n<p>\u201cEn estas tres d\u00e9cadas el pa\u00eds ha construido una importante red de acuerdos comerciales y ha avanzado en su inserci\u00f3n en los mercados internacionales de la mano de un empresariado pujante y persistente, donde el cambio de mentalidad en ese sentido ha sido inmenso\u201d, agreg\u00f3 Santiago Rojas Arroyo, l\u00edder de la Cartera entre 2013 y 2014.<\/p>\n<p><strong>Retos que persisten<\/strong><br \/>\nPese a que Colombia ha avanzado en la implementaci\u00f3n de estos acuerdos, Jorge Humberto Botero, Ministro entre 2002 y 2007, sostuvo que a\u00fan nuestra econom\u00eda sigue siendo de las m\u00e1s cerradas de la regi\u00f3n, donde \u201cm\u00e1s del 90% de las exportaciones son de MiPyme, de las cuales alrededor de 60% solo logran exportar una vez\u201d, raz\u00f3n por la que se deben analizar los cuellos de botella que encuentran en el proceso, como los altos grados de protecci\u00f3n a la oferta nacional, principalmente, medidas administrativas que abarcan 25% del universo arancelario.<\/p>\n<p>En el mismo sentido se refiri\u00f3 Rojas Arroyo, qui\u00e9n agreg\u00f3 que para las empresas a\u00fan hay \u201ctr\u00e1mites muy engorrosos que les hace perder competitividad\u201d.<\/p>\n<p>Como desaf\u00edo a futuro Restrepo agreg\u00f3 que la meta \u201csigue siendo la diversificaci\u00f3n de la canasta exportadora, no solo en t\u00e9rminos de exportaciones no mineras, sino de alto valor agregado y con componentes tecnol\u00f3gicos importantes, tanto en bienes como en servicios. Adem\u00e1s, agregar\u00eda que tambi\u00e9n es relevante diversificar el n\u00famero de empresas exportadoras, buscando que haya mayor participaci\u00f3n de los micro y peque\u00f1os empresarios\u201d.<\/p>\n<p>Finalmente, la exministra Mar\u00eda Lorena Guti\u00e9rrez (2017-2018), agreg\u00f3 que pese a que nuestras exportaciones representan ocho veces los datos que ten\u00edamos en 1990. \u201cLa canasta sigue centrada en los bienes de baja complejidad y las exportaciones tradicionales se han mantenido cerca de 60%, por lo que uno de los mayores desaf\u00edos es tener productos con mayor valor agregado\u201d.<\/p>\n<p><strong>Los retos en el proceso de una internacionalizaci\u00f3n exitosa<\/strong><br \/>\nEl exministro Carlos Ronderos, se\u00f1al\u00f3 que pese a que no hay duda de que el esquema actual apunta a una organizaci\u00f3n bien pensada, \u201clo que ha permitido avances en facilitaci\u00f3n y acuerdos de libre comercio, que hoy cubren todo el continente americano, el europeo y Corea del Sur\u201d, hay un retraso que toca superar, teniendo en cuenta que \u201clos colombianos exportamos cerca de US$640 por persona, cuando como m\u00ednimo deber\u00edamos llegar a US$2.000\u201d. Ac\u00e1, agreg\u00f3, que toca revisar la estructura arancelaria, que favorece importaciones de bienes de capital y castiga bienes de consumo, adem\u00e1s de mejorar la log\u00edstica y la base profesional t\u00e9cnica.<\/p>\n<p>Tomado de: LA REP\u00daBLICA<\/p>\n<\/div>\n<\/div>\n<div class=\"mt-5\"><\/div>\n<\/div>","protected":false},"excerpt":{"rendered":"<p>La historia de la internacionalizaci\u00f3n de Colombia no se puede contar sin hablar de los 17 Tratados de Libre Comercio (TLC) que ha implementado el pa\u00eds en las \u00faltimas d\u00e9cadas y que han dejado como resultado que las exportaciones a los pa\u00edses signatarios de esos acuerdos comerciales hayan crecido a una tasa promedio anual de<\/p>","protected":false},"author":1,"featured_media":8737,"comment_status":"closed","ping_status":"closed","sticky":false,"template":"","format":"standard","meta":{"footnotes":""},"categories":[181],"tags":[],"class_list":["post-8734","post","type-post","status-publish","format-standard","has-post-thumbnail","hentry","category-noticias"],"views":139,"_links":{"self":[{"href":"https:\/\/www.amchambaq.com\/en\/wp-json\/wp\/v2\/posts\/8734","targetHints":{"allow":["GET"]}}],"collection":[{"href":"https:\/\/www.amchambaq.com\/en\/wp-json\/wp\/v2\/posts"}],"about":[{"href":"https:\/\/www.amchambaq.com\/en\/wp-json\/wp\/v2\/types\/post"}],"author":[{"embeddable":true,"href":"https:\/\/www.amchambaq.com\/en\/wp-json\/wp\/v2\/users\/1"}],"replies":[{"embeddable":true,"href":"https:\/\/www.amchambaq.com\/en\/wp-json\/wp\/v2\/comments?post=8734"}],"version-history":[{"count":2,"href":"https:\/\/www.amchambaq.com\/en\/wp-json\/wp\/v2\/posts\/8734\/revisions"}],"predecessor-version":[{"id":8736,"href":"https:\/\/www.amchambaq.com\/en\/wp-json\/wp\/v2\/posts\/8734\/revisions\/8736"}],"wp:featuredmedia":[{"embeddable":true,"href":"https:\/\/www.amchambaq.com\/en\/wp-json\/wp\/v2\/media\/8737"}],"wp:attachment":[{"href":"https:\/\/www.amchambaq.com\/en\/wp-json\/wp\/v2\/media?parent=8734"}],"wp:term":[{"taxonomy":"category","embeddable":true,"href":"https:\/\/www.amchambaq.com\/en\/wp-json\/wp\/v2\/categories?post=8734"},{"taxonomy":"post_tag","embeddable":true,"href":"https:\/\/www.amchambaq.com\/en\/wp-json\/wp\/v2\/tags?post=8734"}],"curies":[{"name":"wp","href":"https:\/\/api.w.org\/{rel}","templated":true}]}}