{"id":8697,"date":"2021-12-02T14:06:24","date_gmt":"2021-12-02T19:06:24","guid":{"rendered":"https:\/\/www.amchambaq.com\/?p=8697"},"modified":"2021-12-02T14:06:24","modified_gmt":"2021-12-02T19:06:24","slug":"presidente-duque-recibio-con-honores-al-rey-felipe-vi-en-barranquilla","status":"publish","type":"post","link":"https:\/\/www.amchambaq.com\/en\/presidente-duque-recibio-con-honores-al-rey-felipe-vi-en-barranquilla\/","title":{"rendered":"Presidente Duque recibi\u00f3 con honores al rey Felipe VI en Barranquilla"},"content":{"rendered":"<p>Con honores militares, el presidente Iv\u00e1n Duque ha dado la bienvenida al rey de Espa\u00f1a, Felipe VI, quien se encuentra en Barranquilla para participar en el Congreso Mundial de Juristas.<\/p>\n<p>La ceremonia se cumpli\u00f3 a las afueras de la Casa Catinchi, que se encuentra ubicada en la Plaza de la Paz y fue acondicionada como \u2018despacho\u2019 del jefe de Estado espa\u00f1ol durante su estancia en la capital del Atl\u00e1ntico. <\/p>\n<p>Luego de la entonaci\u00f3n de los himnos de Espa\u00f1a y de Colombia, Felipe VI y Duque presentaron a sus delegaciones y luego pasaron revista a la tropa de la Escuela Naval de Suboficiales ARC Barranquilla.<\/p>\n<p>El mandatario de los colombianos estuvo acompa\u00f1ado de varios integrantes del gabinete: Mar\u00eda Paula Correa, jefa de Gabinete; Wilson Ruiz, ministro de Justicia; Carlos Correa, ministro de Ambiente; Luis Guillermo Plata, embajador de Colombia en Espa\u00f1a. La gobernadora del Atl\u00e1ntico, Elsa Noguera, tambi\u00e9n estuvo presente en el grupo de nacionales que dio la bienvenida al monarca.<\/p>\n<p>Por su parte, la delegaci\u00f3n espa\u00f1ola estuvo conformada por Pilar Llop Cuenca, ministra de Justicia; Jaime Alfons\u00edn,  jefe de la Casa del Rey; Joaqu\u00edn Mar\u00eda de Ar\u00edstegui, embajador de Espa\u00f1a en Colombia, y Alfonso Sanz Portol\u00e9s, secretario del Rey, entre otros.<\/p>\n<p>Al interior de la Casa Catinchi, el rey Felipe VI y el presidente Iv\u00e1n Duque sostuvieron un encuentro privado para revisar temas clave de la relaci\u00f3n bilateral, tales como comercio, inversi\u00f3n, reactivaci\u00f3n econ\u00f3mica, acceso a producci\u00f3n de vacunas, cooperaci\u00f3n en asuntos ambientales y de lucha contra el cambio clim\u00e1tico.<\/p>\n<p>Tomado de: EL HERALDO<\/p>","protected":false},"excerpt":{"rendered":"<p>Con honores militares, el presidente Iv\u00e1n Duque ha dado la bienvenida al rey de Espa\u00f1a, Felipe VI, quien se encuentra en Barranquilla para participar en el Congreso Mundial de Juristas. La ceremonia se cumpli\u00f3 a las afueras de la Casa Catinchi, que se encuentra ubicada en la Plaza de la Paz y fue acondicionada como<\/p>","protected":false},"author":1,"featured_media":8698,"comment_status":"closed","ping_status":"closed","sticky":false,"template":"","format":"standard","meta":{"footnotes":""},"categories":[181],"tags":[],"class_list":["post-8697","post","type-post","status-publish","format-standard","has-post-thumbnail","hentry","category-noticias"],"views":131,"_links":{"self":[{"href":"https:\/\/www.amchambaq.com\/en\/wp-json\/wp\/v2\/posts\/8697","targetHints":{"allow":["GET"]}}],"collection":[{"href":"https:\/\/www.amchambaq.com\/en\/wp-json\/wp\/v2\/posts"}],"about":[{"href":"https:\/\/www.amchambaq.com\/en\/wp-json\/wp\/v2\/types\/post"}],"author":[{"embeddable":true,"href":"https:\/\/www.amchambaq.com\/en\/wp-json\/wp\/v2\/users\/1"}],"replies":[{"embeddable":true,"href":"https:\/\/www.amchambaq.com\/en\/wp-json\/wp\/v2\/comments?post=8697"}],"version-history":[{"count":1,"href":"https:\/\/www.amchambaq.com\/en\/wp-json\/wp\/v2\/posts\/8697\/revisions"}],"predecessor-version":[{"id":8699,"href":"https:\/\/www.amchambaq.com\/en\/wp-json\/wp\/v2\/posts\/8697\/revisions\/8699"}],"wp:featuredmedia":[{"embeddable":true,"href":"https:\/\/www.amchambaq.com\/en\/wp-json\/wp\/v2\/media\/8698"}],"wp:attachment":[{"href":"https:\/\/www.amchambaq.com\/en\/wp-json\/wp\/v2\/media?parent=8697"}],"wp:term":[{"taxonomy":"category","embeddable":true,"href":"https:\/\/www.amchambaq.com\/en\/wp-json\/wp\/v2\/categories?post=8697"},{"taxonomy":"post_tag","embeddable":true,"href":"https:\/\/www.amchambaq.com\/en\/wp-json\/wp\/v2\/tags?post=8697"}],"curies":[{"name":"wp","href":"https:\/\/api.w.org\/{rel}","templated":true}]}}