{"id":8694,"date":"2021-12-02T10:46:02","date_gmt":"2021-12-02T15:46:02","guid":{"rendered":"https:\/\/www.amchambaq.com\/?p=8694"},"modified":"2021-12-02T10:46:02","modified_gmt":"2021-12-02T15:46:02","slug":"esta-es-la-agenda-de-duque-con-el-rey-felipe-vi-en-su-visita-a-barranquilla","status":"publish","type":"post","link":"https:\/\/www.amchambaq.com\/en\/esta-es-la-agenda-de-duque-con-el-rey-felipe-vi-en-su-visita-a-barranquilla\/","title":{"rendered":"Esta es la agenda de Duque con el Rey Felipe VI en su visita a Barranquilla"},"content":{"rendered":"<p>El presidente Iv\u00e1n Duque y el Rey Felipe VI, en el marco del Congreso Mundial de Juristas, realizar\u00e1n distintas actividades en Barranquilla.<\/p>\n<p>El mandatario colombiano recibir\u00e1 el prestigioso galard\u00f3n World Peace &#038; Liberty Award, que se otorgar\u00e1 a Colombia por su defensa de la democracia y la paz a trav\u00e9s del derecho.<br \/>\nReuni\u00f3n bilateral<\/p>\n<p>Este jueves en la Casa Catinchi, ubicada en la Plaza de la Paz de Barranquilla, el presidente Duque recibir\u00e1 con honores al Rey Felipe VI de Espa\u00f1a.<br \/>\nActo seguido, el presidente Duque y el Rey Felipe VI sostendr\u00e1n una reuni\u00f3n privada y una reuni\u00f3n ampliada, con participaci\u00f3n de sus delegaciones, en las que revisar\u00e1n temas claves de la relaci\u00f3n bilateral, entre ellos comercio, inversi\u00f3n, reactivaci\u00f3n econ\u00f3mica, acceso a producci\u00f3n de vacunas, cooperaci\u00f3n en asuntos ambientales y de lucha contra el cambio clim\u00e1tico, apoyo a migrantes venezolanos, avances de la pol\u00edtica de Paz con Legalidad y situaci\u00f3n de la democracia y los derechos humanos en Am\u00e9rica Latina.<\/p>\n<p>Visita al nuevo Puente Pumarejo<\/p>\n<p>Tras un almuerzo ofrecido en honor al Rey,  los dos visitar\u00e1n el nuevo Puente Pumarejo, inaugurado por el Gobierno y considerado como una infraestructura de talla mundial, que se alza sobre el R\u00edo Magdalena y une a los departamentos de Atl\u00e1ntico y Magdalena, en el Caribe colombiano.<\/p>\n<p>Esta obra del Instituto Nacional de V\u00edas (Inv\u00edas), ejecutada por la firma Sacyr Ingenier\u00eda e Infraestructuras, mejor\u00f3 la conectividad y la navegabilidad del R\u00edo Magdalena, al permitir el paso de buques de mayor tonelaje, adem\u00e1s de poner a Colombia a la vanguardia al usar m\u00e9todos constructivos con tecnolog\u00eda de punta utilizada por primera vez en el pa\u00eds.<br \/>\nInauguraci\u00f3n del Monumento a la Paz y la Libertad Mundiales<\/p>\n<p>De regreso a Barranquilla, en la Plaza de la Paz Duque y el Rey Felipe VI asistir\u00e1n a la inauguraci\u00f3n del Monumento a la Paz y la Libertad Mundiales, por parte del alcalde Jaime Pumarejo y la gobernadora del Atl\u00e1ntico, Elsa Noguera, una obra que le queda a la ciudad en memoria de este hist\u00f3rico momento que est\u00e1 viviendo.<\/p>\n<p>Clausura del Congreso Mundial de Derecho \u2013 Colombia 2021<\/p>\n<p>Este viernes 3 de diciembre, en el centro de eventos Puerta de Oro, el jefe de Estado y el Rey de Espa\u00f1a encabezar\u00e1n la ceremonia de clausura del XXVII Congreso Mundial de Derecho (World Law Congress 2021), el m\u00e1s importante evento de juristas en el \u00e1mbito internacional y que coincide con la celebraci\u00f3n de los 30 a\u00f1os de la Constituci\u00f3n Pol\u00edtica de Colombia de 1991 y los 200 a\u00f1os de la Constituci\u00f3n de C\u00facuta.<\/p>\n<p>El programa, en esta oportunidad, se enfocar\u00e1 en la promoci\u00f3n del Estado de Derecho como instrumento para el desarrollo de las naciones, ofreciendo una visi\u00f3n integral de los grandes asuntos que preocupan a la sociedad y al mundo jur\u00eddico.<\/p>\n<p>En efecto, en la cumbre tambi\u00e9n estar\u00e1n presentes la Premio Nobel de la Paz, Rigoberta Mench\u00fa; el Secretario General de la Organizaci\u00f3n de Estados Americanos (OEA), Luis Almagro; el Director General de la Organizaci\u00f3n Mundial de la Salud (OMS), Tedros Adhanom Ghebreyesus (de manera virtual), y el Comisionado de la OEA para la crisis de refugiados y migrantes venezolanos, David Smolansky.<br \/>\nEntrega del premio World Peace &#038; Liberty Award a la sociedad colombiana<\/p>\n<p>Durante la clausura del certamen, la Asociaci\u00f3n Mundial de Juristas entregar\u00e1 su m\u00e1s prestigioso premio: el World Peace &#038; Liberty Award, a la sociedad colombiana, por \u201csu defensa permanente de la democracia y la paz a trav\u00e9s del derecho, reconocimiento que ser\u00e1 recibido por el presidente Duque, en nombre de los ciudadanos del pa\u00eds\u201d.<\/p>\n<p>De acuerdo con el presidente Duque, \u201ceste evento, el m\u00e1s importante del mundo jur\u00eddico internacional, que se celebra en Barranquilla, es un acto de respaldo a nuestro pa\u00eds y a lo que hemos logrado. Por primera vez, la Asociaci\u00f3n Mundial de Juristas premiar\u00e1 a un pa\u00eds. Colombia y sus instituciones ser\u00e1n reconocidas con el World Peace and Liberty Award, por la fortaleza de su democracia y orden constitucional\u201d.<\/p>\n<p>Inauguraci\u00f3n del edificio The Icon<\/p>\n<p>La jornada de mandatario y del Rey de Espa\u00f1a concluir\u00e1 con su asistencia a la inauguraci\u00f3n de \u2018The Icon\u2019, el edificio m\u00e1s alto en la historia de la ciudad de Barranquilla (tiene 175 metros de altura) y que fue construido por inversionistas espa\u00f1oles con tradici\u00f3n en los mercados inmobiliario y de la construcci\u00f3n.<\/p>\n<p>En la obra se invirtieron 35 millones de euros y requiri\u00f3 380 mil unidades de un ladrillo especial fabricado en Toledo, Espa\u00f1a.  El proyecto est\u00e1 ubicado en el tradicional sector de Villa Country y tiene 42 pisos y 56 apartamentos, desde donde se pueden contemplar la ciudad, el mar y el r\u00edo, con una vista privilegiada que lo convierte en sin\u00f3nimo del progreso de la ciudad.<\/p>","protected":false},"excerpt":{"rendered":"<p>El presidente Iv\u00e1n Duque y el Rey Felipe VI, en el marco del Congreso Mundial de Juristas, realizar\u00e1n distintas actividades en Barranquilla. El mandatario colombiano recibir\u00e1 el prestigioso galard\u00f3n World Peace &#038; Liberty Award, que se otorgar\u00e1 a Colombia por su defensa de la democracia y la paz a trav\u00e9s del derecho. Reuni\u00f3n bilateral Este<\/p>","protected":false},"author":1,"featured_media":8695,"comment_status":"closed","ping_status":"closed","sticky":false,"template":"","format":"standard","meta":{"footnotes":""},"categories":[181],"tags":[],"class_list":["post-8694","post","type-post","status-publish","format-standard","has-post-thumbnail","hentry","category-noticias"],"views":107,"_links":{"self":[{"href":"https:\/\/www.amchambaq.com\/en\/wp-json\/wp\/v2\/posts\/8694","targetHints":{"allow":["GET"]}}],"collection":[{"href":"https:\/\/www.amchambaq.com\/en\/wp-json\/wp\/v2\/posts"}],"about":[{"href":"https:\/\/www.amchambaq.com\/en\/wp-json\/wp\/v2\/types\/post"}],"author":[{"embeddable":true,"href":"https:\/\/www.amchambaq.com\/en\/wp-json\/wp\/v2\/users\/1"}],"replies":[{"embeddable":true,"href":"https:\/\/www.amchambaq.com\/en\/wp-json\/wp\/v2\/comments?post=8694"}],"version-history":[{"count":1,"href":"https:\/\/www.amchambaq.com\/en\/wp-json\/wp\/v2\/posts\/8694\/revisions"}],"predecessor-version":[{"id":8696,"href":"https:\/\/www.amchambaq.com\/en\/wp-json\/wp\/v2\/posts\/8694\/revisions\/8696"}],"wp:featuredmedia":[{"embeddable":true,"href":"https:\/\/www.amchambaq.com\/en\/wp-json\/wp\/v2\/media\/8695"}],"wp:attachment":[{"href":"https:\/\/www.amchambaq.com\/en\/wp-json\/wp\/v2\/media?parent=8694"}],"wp:term":[{"taxonomy":"category","embeddable":true,"href":"https:\/\/www.amchambaq.com\/en\/wp-json\/wp\/v2\/categories?post=8694"},{"taxonomy":"post_tag","embeddable":true,"href":"https:\/\/www.amchambaq.com\/en\/wp-json\/wp\/v2\/tags?post=8694"}],"curies":[{"name":"wp","href":"https:\/\/api.w.org\/{rel}","templated":true}]}}