{"id":8652,"date":"2021-11-30T08:05:57","date_gmt":"2021-11-30T13:05:57","guid":{"rendered":"https:\/\/www.amchambaq.com\/?p=8652"},"modified":"2021-11-30T08:05:57","modified_gmt":"2021-11-30T13:05:57","slug":"felipe-vi-asistira-en-barranquilla-al-congreso-mundial-de-juristas","status":"publish","type":"post","link":"https:\/\/www.amchambaq.com\/en\/felipe-vi-asistira-en-barranquilla-al-congreso-mundial-de-juristas\/","title":{"rendered":"Felipe VI asistir\u00e1 en Barranquilla al Congreso Mundial de Juristas"},"content":{"rendered":"<p>El\u00a0<strong>rey de Espa\u00f1a<\/strong>,\u00a0Felipe VI, estar\u00e1 en<strong>\u00a0Barranquilla\u00a0<\/strong>los d\u00edas jueves 2 y viernes 3 de diciembre para asistir a la 27\u00aa edici\u00f3n del\u00a0<strong>Congreso de la Asociaci\u00f3n Mundial de Juristas\u00a0<\/strong>(WJA, en sus siglas en ingl\u00e9s),\u00a0donde har\u00e1 entrega al presidente de Iv\u00e1n Duque\u00a0del premio que concede esta asociaci\u00f3n, al cumplirse 30 a\u00f1os de su Constituci\u00f3n.<\/p>\n<p><strong>Felipe VI<\/strong>\u00a0intervendr\u00e1 el pr\u00f3ximo viernes en la sesi\u00f3n final del foro, que se va a celebrar en el\u00a0<strong>centro de eventos\u00a0Puerta de Oro<\/strong>\u00a0con el lema \u201cEstado de Derecho: desarrollo para las naciones\u201d.<\/p>\n<p>Tambi\u00e9n participar\u00e1 el secretario general de la Organizaci\u00f3n de Estados Americanos (OEA), el uruguayo Luis Almagro, informaron fuentes de la Casa Real espa\u00f1ola.<\/p>\n<p><strong>Iv\u00e1n Duque<\/strong>\u00a0recibir\u00e1 el\u00a0<strong>Premio Mundial de la Paz y la Libertad<\/strong>\u00a0concedido por la WJA, un reconocimiento entregado a Felipe VI en Madrid en 2019.<\/p>\n<p>Considerado &#8216;el Nobel del Derecho&#8217;, esta distinci\u00f3n ha reca\u00eddo en personajes hist\u00f3ricos como el brit\u00e1nico Winston Churchill, el sudafricano Nelson Mandela o el franc\u00e9s Ren\u00e9 Cassin.<\/p>\n<p>El Congreso de la WJA, de car\u00e1cter bienal, reunir\u00e1 en esta ocasi\u00f3n a unos 200 juristas, representantes y personalidades de numerosos pa\u00edses para debatir sobre diversos aspectos del Estado de Derecho y c\u00f3mo afecta al desarrollo de las naciones.<\/p>\n<p>Durante su estancia en Barranquilla, est\u00e1 previsto que Felipe VI y Duque mantengan un encuentro para intercambiar impresiones sobre los asuntos de inter\u00e9s bilateral y regional.<\/p>\n<p>Ambos jefes de Estado ya se vieron en Madrid el pasado 16 de septiembre, con motivo de la visita oficial de Duque a Espa\u00f1a, en la que tambi\u00e9n se entrevist\u00f3 con el presidente del Gobierno, Pedro S\u00e1nchez.<\/p>","protected":false},"excerpt":{"rendered":"<p>El\u00a0rey de Espa\u00f1a,\u00a0Felipe VI, estar\u00e1 en\u00a0Barranquilla\u00a0los d\u00edas jueves 2 y viernes 3 de diciembre para asistir a la 27\u00aa edici\u00f3n del\u00a0Congreso de la Asociaci\u00f3n Mundial de Juristas\u00a0(WJA, en sus siglas en ingl\u00e9s),\u00a0donde har\u00e1 entrega al presidente de Iv\u00e1n Duque\u00a0del premio que concede esta asociaci\u00f3n, al cumplirse 30 a\u00f1os de su Constituci\u00f3n. Felipe VI\u00a0intervendr\u00e1 el pr\u00f3ximo<\/p>","protected":false},"author":1,"featured_media":8653,"comment_status":"closed","ping_status":"closed","sticky":false,"template":"","format":"standard","meta":{"footnotes":""},"categories":[181],"tags":[],"class_list":["post-8652","post","type-post","status-publish","format-standard","has-post-thumbnail","hentry","category-noticias"],"views":102,"_links":{"self":[{"href":"https:\/\/www.amchambaq.com\/en\/wp-json\/wp\/v2\/posts\/8652","targetHints":{"allow":["GET"]}}],"collection":[{"href":"https:\/\/www.amchambaq.com\/en\/wp-json\/wp\/v2\/posts"}],"about":[{"href":"https:\/\/www.amchambaq.com\/en\/wp-json\/wp\/v2\/types\/post"}],"author":[{"embeddable":true,"href":"https:\/\/www.amchambaq.com\/en\/wp-json\/wp\/v2\/users\/1"}],"replies":[{"embeddable":true,"href":"https:\/\/www.amchambaq.com\/en\/wp-json\/wp\/v2\/comments?post=8652"}],"version-history":[{"count":1,"href":"https:\/\/www.amchambaq.com\/en\/wp-json\/wp\/v2\/posts\/8652\/revisions"}],"predecessor-version":[{"id":8654,"href":"https:\/\/www.amchambaq.com\/en\/wp-json\/wp\/v2\/posts\/8652\/revisions\/8654"}],"wp:featuredmedia":[{"embeddable":true,"href":"https:\/\/www.amchambaq.com\/en\/wp-json\/wp\/v2\/media\/8653"}],"wp:attachment":[{"href":"https:\/\/www.amchambaq.com\/en\/wp-json\/wp\/v2\/media?parent=8652"}],"wp:term":[{"taxonomy":"category","embeddable":true,"href":"https:\/\/www.amchambaq.com\/en\/wp-json\/wp\/v2\/categories?post=8652"},{"taxonomy":"post_tag","embeddable":true,"href":"https:\/\/www.amchambaq.com\/en\/wp-json\/wp\/v2\/tags?post=8652"}],"curies":[{"name":"wp","href":"https:\/\/api.w.org\/{rel}","templated":true}]}}