{"id":8649,"date":"2021-11-30T08:02:45","date_gmt":"2021-11-30T13:02:45","guid":{"rendered":"https:\/\/www.amchambaq.com\/?p=8649"},"modified":"2021-11-30T08:02:45","modified_gmt":"2021-11-30T13:02:45","slug":"mas-de-30-mil-millones-movera-barranquilla-por-el-congreso-de-juristas","status":"publish","type":"post","link":"https:\/\/www.amchambaq.com\/en\/mas-de-30-mil-millones-movera-barranquilla-por-el-congreso-de-juristas\/","title":{"rendered":"M\u00e1s de $30 mil millones mover\u00e1 Barranquilla por el Congreso de Juristas"},"content":{"rendered":"<p>El pr\u00f3ximo 2\u00a0y 3\u00a0de diciembre se llevar\u00e1 a cabo el evento que espera atraer a m\u00e1s de 3.000 invitados del m\u00e1s alto perfil del mundo jur\u00eddico. Se trata del segundo encuentro de talla internacional que acoge la ciudad en el a\u00f1o, luego de la<strong>\u00a0Asamblea del BID.<\/strong><\/p>\n<p>Se calcula que la cumbre dejar\u00e1 una derrama econ\u00f3mica de m\u00e1s de $30.000 millones y m\u00e1s de 1.000 empleos durante la planeaci\u00f3n, montaje y ejecuci\u00f3n. Asimismo, se espera una ocupaci\u00f3n hotelera de m\u00e1s del 70 %.<\/p>\n<p>Esta cumbre es el evento de justicia m\u00e1s importante a nivel internacional y\u00a0 coincide con la celebraci\u00f3n de los 30 a\u00f1os de la Constituci\u00f3n pol\u00edtica de Colombia. Al ser Barranquilla la primera ciudad colombiana anfitriona del World Law Congress, da lugar a que se posicione entre las ciudades capitales del derecho, en el plano global.<\/p>\n<p>\u201cBarranquilla est\u00e1 lista para ser el lugar de encuentro con las mentes m\u00e1s brillantes del mundo jur\u00eddico, una plataforma que da voz a l\u00edderes capaces de inspirar a construir un mundo m\u00e1s justo, libre y en democracia\u201d, expres\u00f3 el alcalde\u00a0<strong>Jaime Pumarejo Heins.\u00a0<\/strong><\/p>\n<p>Adem\u00e1s, el mandatario agreg\u00f3 que la capital del Atl\u00e1ntico seguir\u00e1 abri\u00e9ndose paso como casa de grandes eventos \u2013teniendo en cuenta que es el segundo encuentro de importancia mundial en el transcurso de este a\u00f1o\u2013 lo cual impacta de manera positiva en la reactivaci\u00f3n econ\u00f3mica local.<\/p>\n<div class=\"field-item odd\">\n<div class=\"entity entity-paragraphs-item paragraphs-item-descripcion\">\n<div class=\"content\">\n<div class=\"field field-name-field-descripcion field-type-text-long field-label-hidden\">\n<div class=\"field-items\">\n<div class=\"field-item even\">\n<p>Sobre esto, cabe destacar que la capital del Atl\u00e1ntico tambi\u00e9n es subsede de b\u00e9isbol y s\u00f3ftbol de los Juegos Panamericanos Junior, adem\u00e1s de la realizaci\u00f3n del Foro de Biodiverciudades de Am\u00e9rica Latina y el Caribe, que recibir\u00e1 delegaciones de al menos 10 pa\u00edses del continente.<\/p>\n<p><strong>Asistentes al Congreso<\/strong><\/p>\n<p>A este evento asistir\u00e1n destacadas personalidades y autoridades como el rey Felipe VI de Espa\u00f1a, quien estar\u00e1 en la ciudad durante dos d\u00edas en su primera visita como monarca a una ciudad de Colombia, en el marco del Congreso Mundial de Juristas.<\/p>\n<p>Tambi\u00e9n se confirm\u00f3 la participaci\u00f3n de la premio<strong>\u00a0Nobel de la Paz<\/strong>, Rigoberta Mench\u00fa; el secretario General de la Organizaci\u00f3n de Estados Americanos (OEA), Luis Almagro; el director General de la Organizaci\u00f3n Mundial de la Salud (OMS), Tedros Adhanom Ghebreyesus \u2013quien estar\u00e1 de manera virtual\u2013 y el comisionado de la OEA para la crisis de refugiados y migrantes venezolanos, David Smolansky.<\/p>\n<p>Del mismo modo, jefes de Estado, ministros de Justicia, presidentes de altas cortes, embajadores, fiscales y representantes de organismos internacionales, acad\u00e9micos, abogados, empresarios, activistas de derechos humanos y estudiantes de todos los continentes, ser\u00e1n part\u00edcipes de la cumbre.<\/p>\n<p><strong>Agenda<\/strong><\/p>\n<p>El enfoque principal del programa ser\u00e1 la promoci\u00f3n del Estado de derecho como Instrumento para el Desarrollo de las Naciones, ofreciendo una visi\u00f3n integral de los asuntos que preocupan a la sociedad y al mundo jur\u00eddico. Estos temas van acorde con los objetivos de la Agenda 2030 de Desarrollo Sustentable de la ONU.<\/p>\n<p>En las m\u00e1s 40 mesas redondas que conforman el contenido del congreso, se integrar\u00e1 la visi\u00f3n de m\u00e1s de 150 panelistas, entre notorios juristas, empresas e instituciones colombianas e internacionales, que respaldan el desarrollo sostenible de la humanidad, la convivencia en democracia y la libertad.<\/p>\n<\/div>\n<\/div>\n<\/div>\n<\/div>\n<\/div>\n<\/div>\n<div class=\"field-item even\">\n<div id=\"relacionado-body\">\n<div class=\"box-title\">\n<div class=\"field-item odd\">\n<div class=\"entity entity-paragraphs-item paragraphs-item-descripcion\">\n<div class=\"content\">\n<div class=\"field field-name-field-descripcion field-type-text-long field-label-hidden\">\n<div class=\"field-items\">\n<div class=\"field-item even\">\n<p>El primero de diciembre, \u2013previo a la programaci\u00f3n oficial\u2013 se llevar\u00e1 a cabo la presentaci\u00f3n del congreso a los medios de comunicaci\u00f3n con el panel de debate \u2018Mujeres y consolidaci\u00f3n del Estado de Derecho\u2019, a las 11:00 a. m. Esta contar\u00e1 con la presencia de<strong>\u00a0Manuel Arag\u00f3n Reyes<\/strong>, director Acad\u00e9mico del World Law Congress, y la moderaci\u00f3n de la primera dama de la Rep\u00fablica, Mar\u00eda Juliana Ruiz.<\/p>\n<p>En este espacio habr\u00e1 participaci\u00f3n de la presidenta la World Jurist Association (WJA) Espa\u00f1a y Decana del Colegio de Abogados de Barcelona. Tambi\u00e9n participar\u00e1n Mar\u00eda Eugenia Gay, expresidenta de la American Bar Association; Patricia Lee \u2018Trish\u2019 Refo, exministra de Relaciones Exteriores de Bolivia durante el gobierno de Janine A\u00f1ez y Karen Longaric, primera y \u00fanica mujer presidenta del Tribunal Constitucional de Chile.<\/p>\n<p>Otras de las participantes de este panel de debate ser\u00e1n Marisol Pe\u00f1a Torres, abogada y profesora de Derecho chilena, y Elisabeth Cassin, actual Vicepresidenta del Grupo Spectrum de Orange y Patrono de la World Law Foundation, tambi\u00e9n nieta de\u00a0<strong>Ren\u00e9 Cassin<\/strong>, redactor de la Declaraci\u00f3n Universal de los Derechos Humanos. Tras el panel presentado a los medios, habr\u00e1 una encuentro con la prensa mundial.<br \/>\nPosterior a esto, el dos de diciembre, a las 9:00 a. m, en el centro de eventos Puerta de Oro, se dar\u00e1 el discurso de apertura, a cargo del presidente de la World Jurist Association, Javier Cremades y la vicepresidente de la World Law Foundation, Viviane Reding.<\/p>\n<p>En este espacio tambi\u00e9n estar\u00e1n el presidente de la Uni\u00f3n Internacional de Magistrados, Jos\u00e9 Igreja Matos; el presidente de la Asociaci\u00f3n Internacional de Fiscales Generales, Cheol-Kyu Hwang, y el director General de la Organizaci\u00f3n Mundial de la Salud, Tedros Adhanom Ghebreyesus.<\/p>\n<p>Del mismo modo, participar\u00e1n la\u00a0 procuradora general de la Naci\u00f3n,<strong>\u00a0Margarita Cabello<\/strong>\u00a0y el presidente de la Corte Constitucional, Antonio Jos\u00e9 Lizarazo.<\/p>\n<p>A las 5:00 p. m de ese de ese d\u00eda, ser\u00e1 la inauguraci\u00f3n del monumento del World Peace &amp; Liberty Award en la Plaza de la Paz, en presencia del rey Felipe VI de Espa\u00f1a, galardonado con el World Peace &amp; Liberty Award 2019.<\/p>\n<\/div>\n<\/div>\n<\/div>\n<\/div>\n<\/div>\n<\/div>\n<div class=\"field-item even\">\n<div id=\"relacionado-body\">\n<div class=\"box-title\">\n<div class=\"field-item odd\">\n<div class=\"entity entity-paragraphs-item paragraphs-item-descripcion\">\n<div class=\"content\">\n<div class=\"field field-name-field-descripcion field-type-text-long field-label-hidden\">\n<div class=\"field-items\">\n<div class=\"field-item even\">\n<p><strong>Clausura<\/strong><\/p>\n<p>El tres de diciembre, a las 9:30 a. m, se realizar\u00e1 el acto de clausura y la entrega del World Peace &amp; Liberty Award. De las 27 ediciones del evento, esta es la primera vez en la que el\u00a0 premio Nobel del Derecho ser\u00e1 otorgado a un colectivo, siendo este la sociedad civil colombiana, por su apoyo inquebrantable a la convivencia en democracia y por desarrollar su tejido social bajo la Constituci\u00f3n de 1991.<\/p>\n<p>En este acto, habr\u00e1 participaci\u00f3n de , el ex alcalde de<strong>\u00a0Los \u00c1ngeles<\/strong>\u00a0(EE. UU.), Antonio Villaraigosa. Seguidamente, dar\u00e1n declaraciones el rey Felipe VI y el presidente de la Rep\u00fablica, Iv\u00e1n Duque M\u00e1rquez.<\/p>\n<\/div>\n<\/div>\n<\/div>\n<\/div>\n<\/div>\n<\/div>\n<div class=\"field-item even\">\n<div id=\"relacionado-body\">\n<div class=\"box-title\">Tomado de: EL HERALDO<\/div>\n<\/div>\n<\/div>\n<\/div>\n<\/div>\n<\/div>\n<\/div>\n<\/div>\n<\/div>","protected":false},"excerpt":{"rendered":"<p>El pr\u00f3ximo 2\u00a0y 3\u00a0de diciembre se llevar\u00e1 a cabo el evento que espera atraer a m\u00e1s de 3.000 invitados del m\u00e1s alto perfil del mundo jur\u00eddico. Se trata del segundo encuentro de talla internacional que acoge la ciudad en el a\u00f1o, luego de la\u00a0Asamblea del BID. Se calcula que la cumbre dejar\u00e1 una derrama econ\u00f3mica<\/p>","protected":false},"author":1,"featured_media":8650,"comment_status":"closed","ping_status":"closed","sticky":false,"template":"","format":"standard","meta":{"footnotes":""},"categories":[181],"tags":[],"class_list":["post-8649","post","type-post","status-publish","format-standard","has-post-thumbnail","hentry","category-noticias"],"views":102,"_links":{"self":[{"href":"https:\/\/www.amchambaq.com\/en\/wp-json\/wp\/v2\/posts\/8649","targetHints":{"allow":["GET"]}}],"collection":[{"href":"https:\/\/www.amchambaq.com\/en\/wp-json\/wp\/v2\/posts"}],"about":[{"href":"https:\/\/www.amchambaq.com\/en\/wp-json\/wp\/v2\/types\/post"}],"author":[{"embeddable":true,"href":"https:\/\/www.amchambaq.com\/en\/wp-json\/wp\/v2\/users\/1"}],"replies":[{"embeddable":true,"href":"https:\/\/www.amchambaq.com\/en\/wp-json\/wp\/v2\/comments?post=8649"}],"version-history":[{"count":1,"href":"https:\/\/www.amchambaq.com\/en\/wp-json\/wp\/v2\/posts\/8649\/revisions"}],"predecessor-version":[{"id":8651,"href":"https:\/\/www.amchambaq.com\/en\/wp-json\/wp\/v2\/posts\/8649\/revisions\/8651"}],"wp:featuredmedia":[{"embeddable":true,"href":"https:\/\/www.amchambaq.com\/en\/wp-json\/wp\/v2\/media\/8650"}],"wp:attachment":[{"href":"https:\/\/www.amchambaq.com\/en\/wp-json\/wp\/v2\/media?parent=8649"}],"wp:term":[{"taxonomy":"category","embeddable":true,"href":"https:\/\/www.amchambaq.com\/en\/wp-json\/wp\/v2\/categories?post=8649"},{"taxonomy":"post_tag","embeddable":true,"href":"https:\/\/www.amchambaq.com\/en\/wp-json\/wp\/v2\/tags?post=8649"}],"curies":[{"name":"wp","href":"https:\/\/api.w.org\/{rel}","templated":true}]}}