{"id":8597,"date":"2021-11-22T08:36:09","date_gmt":"2021-11-22T13:36:09","guid":{"rendered":"https:\/\/www.amchambaq.com\/?p=8597"},"modified":"2021-11-22T08:36:09","modified_gmt":"2021-11-22T13:36:09","slug":"economia-colombiana-la-que-mas-rapido-creceria-en-los-proximos-2-anos","status":"publish","type":"post","link":"https:\/\/www.amchambaq.com\/en\/economia-colombiana-la-que-mas-rapido-creceria-en-los-proximos-2-anos\/","title":{"rendered":"Econom\u00eda colombiana, la que m\u00e1s r\u00e1pido crecer\u00eda en los pr\u00f3ximos 2 a\u00f1os"},"content":{"rendered":"<p><b>Colombia <\/b>tendr\u00e1 el<b>\u00a0crecimiento m\u00e1s r\u00e1pido<\/b>\u00a0entre las principales econom\u00edas latinoamericanas durante los pr\u00f3ximos dos a\u00f1os, mientras que\u00a0<b>Brasil\u00a0<\/b>se rezaga, seg\u00fan la compa\u00f1\u00eda de servicios financieros inglesa\u00a0<b>Barclays.<\/b><\/p>\n<p id=\"p558629-m432-3-433\" class=\"parrafo\">La econom\u00eda de Colombia se expandir\u00eda un\u00a0<b>6,3 % en 2022 y un 3,5 % en 2023,<\/b>\u00a0impulsada por una fuerte<b>\u00a0demanda interna y un aumento potencial en la producci\u00f3n de petr\u00f3leo,\u00a0<\/b>explic\u00f3 Barclays en una investigaci\u00f3n.<\/p>\n<p id=\"p558629-m438-4-439\" class=\"parrafo\">Por otro lado, el crecimiento de Brasil se desacelerar\u00eda al 0,6 % el pr\u00f3ximo a\u00f1o y al 1,5 % en 2023, debido a condiciones monetarias fiscales m\u00e1s estrictas y la incertidumbre en torno a las elecciones del 2022, concluyeron los economistas de la firma inglesa.<\/p>\n<p id=\"p558629-m444-5-445\" class=\"parrafo\">Para la regi\u00f3n en su conjunto, es probable que contin\u00fae el repunte tras la crisis del 2020 por el coronavirus. Ese crecimiento estar\u00eda impulsado por el aumento de la vacunaci\u00f3n contra el virus,\u00a0<b>un mayor gasto p\u00fablico<\/b>\u00a0y precios m\u00e1s altos de las materias primas, agreg\u00f3 Barclay&#8217;s.<\/p>\n<p id=\"p558629-m450-6-451\" class=\"parrafo\">Tambi\u00e9n pronostica un crecimiento regional anual del 6,8 % este a\u00f1o y del 2,4 % en 2022.<\/p>\n<p id=\"p558629-m456-7-457\" class=\"parrafo\">Al igual que Brasil,\u00a0<b>Per\u00fa\u00a0<\/b>tambi\u00e9n tendr\u00eda un desempe\u00f1o inferior, ya que se ve obstaculizado por la incertidumbre pol\u00edtica, seg\u00fan Barclays.<\/p>\n<p id=\"p558629-m462-8-463\" class=\"parrafo\">El banco prev\u00e9 que las autoridades monetarias de la regi\u00f3n seguir\u00e1n\u00a0<b>aumentando las tasas de inter\u00e9s<\/b>\u00a0durante el primer semestre del pr\u00f3ximo a\u00f1o para frenar el aumento de la inflaci\u00f3n.<\/p>\n<p>Finalmente, la investigaci\u00f3n Barclays dice que las\u00a0<b>elecciones\u00a0<\/b>en algunos pa\u00edses programadas para 2021 (Chile) y el 2022 (Colombia, por ejemplo) pondr\u00edan en riesgo las perspectivas econ\u00f3micas por un &#8220;<i>giro hacia el populismo en todo el continente<\/i>&#8220;.<\/p>\n<p>Tomado de: PORTAFOLIO<\/p>","protected":false},"excerpt":{"rendered":"<p>Colombia tendr\u00e1 el\u00a0crecimiento m\u00e1s r\u00e1pido\u00a0entre las principales econom\u00edas latinoamericanas durante los pr\u00f3ximos dos a\u00f1os, mientras que\u00a0Brasil\u00a0se rezaga, seg\u00fan la compa\u00f1\u00eda de servicios financieros inglesa\u00a0Barclays. La econom\u00eda de Colombia se expandir\u00eda un\u00a06,3 % en 2022 y un 3,5 % en 2023,\u00a0impulsada por una fuerte\u00a0demanda interna y un aumento potencial en la producci\u00f3n de petr\u00f3leo,\u00a0explic\u00f3 Barclays en<\/p>","protected":false},"author":1,"featured_media":8368,"comment_status":"closed","ping_status":"closed","sticky":false,"template":"","format":"standard","meta":{"footnotes":""},"categories":[181],"tags":[],"class_list":["post-8597","post","type-post","status-publish","format-standard","has-post-thumbnail","hentry","category-noticias"],"views":101,"_links":{"self":[{"href":"https:\/\/www.amchambaq.com\/en\/wp-json\/wp\/v2\/posts\/8597","targetHints":{"allow":["GET"]}}],"collection":[{"href":"https:\/\/www.amchambaq.com\/en\/wp-json\/wp\/v2\/posts"}],"about":[{"href":"https:\/\/www.amchambaq.com\/en\/wp-json\/wp\/v2\/types\/post"}],"author":[{"embeddable":true,"href":"https:\/\/www.amchambaq.com\/en\/wp-json\/wp\/v2\/users\/1"}],"replies":[{"embeddable":true,"href":"https:\/\/www.amchambaq.com\/en\/wp-json\/wp\/v2\/comments?post=8597"}],"version-history":[{"count":1,"href":"https:\/\/www.amchambaq.com\/en\/wp-json\/wp\/v2\/posts\/8597\/revisions"}],"predecessor-version":[{"id":8598,"href":"https:\/\/www.amchambaq.com\/en\/wp-json\/wp\/v2\/posts\/8597\/revisions\/8598"}],"wp:featuredmedia":[{"embeddable":true,"href":"https:\/\/www.amchambaq.com\/en\/wp-json\/wp\/v2\/media\/8368"}],"wp:attachment":[{"href":"https:\/\/www.amchambaq.com\/en\/wp-json\/wp\/v2\/media?parent=8597"}],"wp:term":[{"taxonomy":"category","embeddable":true,"href":"https:\/\/www.amchambaq.com\/en\/wp-json\/wp\/v2\/categories?post=8597"},{"taxonomy":"post_tag","embeddable":true,"href":"https:\/\/www.amchambaq.com\/en\/wp-json\/wp\/v2\/tags?post=8597"}],"curies":[{"name":"wp","href":"https:\/\/api.w.org\/{rel}","templated":true}]}}