{"id":8370,"date":"2021-11-18T08:54:05","date_gmt":"2021-11-18T13:54:05","guid":{"rendered":"https:\/\/www.amchambaq.com\/?p=8370"},"modified":"2021-11-18T08:54:05","modified_gmt":"2021-11-18T13:54:05","slug":"usaid-aportara-369-millones-de-dolares-para-empoderamiento-de-colombianas","status":"publish","type":"post","link":"https:\/\/www.amchambaq.com\/en\/usaid-aportara-369-millones-de-dolares-para-empoderamiento-de-colombianas\/","title":{"rendered":"USAID aportar\u00e1 36,9 millones de d\u00f3lares para empoderamiento de colombianas"},"content":{"rendered":"<p>La\u00a0<strong>Agencia de los Estados Unidos para el Desarrollo Internacional<\/strong>\u00a0(Usaid) dar\u00e1 un aporte de 36,9 millones de d\u00f3lares a Colombia para empoderar a las mujeres a trav\u00e9s de acciones que propicien la equidad de g\u00e9nero y ayuden a cerrar brechas, inform\u00f3 este mi\u00e9rcoles la vicepresidenta y\u00a0<strong>canciller Marta Luc\u00eda Ram\u00edrez.<\/strong><\/p>\n<p>&#8220;Gracias a Usaid en Colombia (&#8230;) por estos 36 millones de d\u00f3lares que, sin duda, van a transformar la vida de muchas<strong>\u00a0mujeres<\/strong>\u00a0y muchas comunidades en nuestro pa\u00eds&#8221;, expres\u00f3 Ram\u00edrez en un acto en Bogot\u00e1.<\/p>\n<p>Para Lawrence Sacks, director de\u00a0<strong>misi\u00f3n de Usaid\u00a0<\/strong>en Colombia, la equidad de g\u00e9nero es un objetivo primordial en la agenda, por lo que este aporte busca &#8220;promover el empoderamiento econ\u00f3mico, transformar comportamientos para reducir la violencia basada en g\u00e9nero y contribuir al avance de los servicios para la atenci\u00f3n de la mujer&#8221;.<\/p>\n<p>El anuncio fue hecho durante e<strong>l lanzamiento\u00a0<\/strong>del Programa Generando Equidad, que apoya Usaid y que pretende concretar proyectos que tengan un impacto transformador en la vida de las mujeres colombianas.<\/p>\n<p>&#8220;Nos emociona profundamente la alineaci\u00f3n del\u00a0<strong>Programa Generando Equidad<\/strong>\u00a0con nuestra Pol\u00edtica de Equidad de Mujeres&#8221;, se\u00f1al\u00f3 Ram\u00edrez.<\/p>\n<p>El proyecto de Usaid, que tiene una duraci\u00f3n de cinco a\u00f1os, es una oportunidad de transformaci\u00f3n en materia productiva en 33 municipios de las regiones del Bajo Cauca, los Montes de Mar\u00eda y del suroeste del pa\u00eds, as\u00ed como en\u00a0<strong>Bogot\u00e1, Cartagena y Medell\u00edn<\/strong>.<\/p>\n<p>En ese sentido, las iniciativas buscan identificar\u00a0<strong>asociaciones de mujeres<\/strong>\u00a0y sus necesidades para fortalecer los procesos de asociatividad, estructurar proyectos con vocaci\u00f3n exportadora que atraigan inversi\u00f3n extranjera directa y que tenga como componente transversal las tecnolog\u00edas.<\/p>\n<p>&#8220;Colombia es un pa\u00eds que est\u00e1 trabajando para insertarse m\u00e1s a las<strong>\u00a0cadenas globales de valor<\/strong>\u00a0y es muy importante que tengamos, a trav\u00e9s de Usaid, la garant\u00eda de este sello de equidad de g\u00e9nero. Tenemos que seguir convencidas de que esta causa por las mujeres, es la causa por una Colombia mejor, m\u00e1s prospera, donde el liderazgo de ellas transforme\u201d, concluy\u00f3 Ram\u00edrez.<\/p>\n<p>Tomado de: EL HERALDO<\/p>","protected":false},"excerpt":{"rendered":"<p>La\u00a0Agencia de los Estados Unidos para el Desarrollo Internacional\u00a0(Usaid) dar\u00e1 un aporte de 36,9 millones de d\u00f3lares a Colombia para empoderar a las mujeres a trav\u00e9s de acciones que propicien la equidad de g\u00e9nero y ayuden a cerrar brechas, inform\u00f3 este mi\u00e9rcoles la vicepresidenta y\u00a0canciller Marta Luc\u00eda Ram\u00edrez. &#8220;Gracias a Usaid en Colombia (&#8230;) por<\/p>","protected":false},"author":1,"featured_media":8371,"comment_status":"closed","ping_status":"closed","sticky":false,"template":"","format":"standard","meta":{"footnotes":""},"categories":[181],"tags":[],"class_list":["post-8370","post","type-post","status-publish","format-standard","has-post-thumbnail","hentry","category-noticias"],"views":88,"_links":{"self":[{"href":"https:\/\/www.amchambaq.com\/en\/wp-json\/wp\/v2\/posts\/8370","targetHints":{"allow":["GET"]}}],"collection":[{"href":"https:\/\/www.amchambaq.com\/en\/wp-json\/wp\/v2\/posts"}],"about":[{"href":"https:\/\/www.amchambaq.com\/en\/wp-json\/wp\/v2\/types\/post"}],"author":[{"embeddable":true,"href":"https:\/\/www.amchambaq.com\/en\/wp-json\/wp\/v2\/users\/1"}],"replies":[{"embeddable":true,"href":"https:\/\/www.amchambaq.com\/en\/wp-json\/wp\/v2\/comments?post=8370"}],"version-history":[{"count":1,"href":"https:\/\/www.amchambaq.com\/en\/wp-json\/wp\/v2\/posts\/8370\/revisions"}],"predecessor-version":[{"id":8372,"href":"https:\/\/www.amchambaq.com\/en\/wp-json\/wp\/v2\/posts\/8370\/revisions\/8372"}],"wp:featuredmedia":[{"embeddable":true,"href":"https:\/\/www.amchambaq.com\/en\/wp-json\/wp\/v2\/media\/8371"}],"wp:attachment":[{"href":"https:\/\/www.amchambaq.com\/en\/wp-json\/wp\/v2\/media?parent=8370"}],"wp:term":[{"taxonomy":"category","embeddable":true,"href":"https:\/\/www.amchambaq.com\/en\/wp-json\/wp\/v2\/categories?post=8370"},{"taxonomy":"post_tag","embeddable":true,"href":"https:\/\/www.amchambaq.com\/en\/wp-json\/wp\/v2\/tags?post=8370"}],"curies":[{"name":"wp","href":"https:\/\/api.w.org\/{rel}","templated":true}]}}