{"id":8282,"date":"2021-11-08T14:38:32","date_gmt":"2021-11-08T19:38:32","guid":{"rendered":"https:\/\/www.amchambaq.com\/?p=8282"},"modified":"2021-11-08T14:38:32","modified_gmt":"2021-11-08T19:38:32","slug":"las-obras-que-ejecuta-barranquilla-para-llegar-a-ser-una-biodiverciudad","status":"publish","type":"post","link":"https:\/\/www.amchambaq.com\/en\/las-obras-que-ejecuta-barranquilla-para-llegar-a-ser-una-biodiverciudad\/","title":{"rendered":"Las obras que ejecuta Barranquilla para llegar a ser una biodiverciudad"},"content":{"rendered":"<p>El camino que tom\u00f3 Barranquilla es verde, el mismo que permite respirar un ambiente de frescura y ver llegar y anidar toda clase de peque\u00f1as aves silvestres atra\u00eddas por los \u00e1rboles en los m\u00e1s de 1.300.000 metros cuadrados de espacios recuperados en parques, bulevares y espacios p\u00fablicos, que acercan cada d\u00eda m\u00e1s a Barranquilla a su objetivo de ser la primera biodiverciudad de Colombia.<\/p>\n<p>La meta para la administraci\u00f3n distrital es entregar a los barranquilleros 2 millones de metros cuadrados de espacio p\u00fablico recuperados durante este gobierno.<\/p>\n<p>Este proyecto de arborizaci\u00f3n y paisajismo, hoy en desarrollo, junto a otras propuestas como el Bosque Urbano de Miramar, el Ecoparque de Mallorqu\u00edn, la limpieza y recuperaci\u00f3n de ca\u00f1os y la construcci\u00f3n del Centro de Bienestar Animal, se han convertido en componentes de la ciudad que se sue\u00f1a para las pr\u00f3ximas d\u00e9cadas, la cual busca mejorar la calidad de vida de los barranquilleros a trav\u00e9s del medio ambiente.<\/p>\n<p>El alcalde Jaime Pumarejo ha insistido en que ser una biodiverciudad es ver la ciudad como un ecosistema. \u201cNo solo es recuperar los espacios p\u00fablicos como lo estamos haciendo, con jardines y bulevares verdes. Es tambi\u00e9n tener h\u00e1bitos saludables, aprovechar los parques y el Gran Malec\u00f3n para ejercitarse; ser una biodiverciudad es respetar a los animales, por eso construiremos el Centro de Bienestar Animal. Es pensar la ciudad con bosques urbanos. El futuro de Barranquilla es verde y nosotros ya comenzamos a construirlo\u201d, afirm\u00f3.<\/p>\n<p>Estos proyectos hacen parte del reto \u2018Soy Biodiverciudad\u2019 del Plan de Desarrollo \u2018Soy Barranquilla 2020-2023\u2019, y no solo surge como una respuesta al cambio clima\u0301tico, sino a la urgente necesidad de desarrollar espacios de encuentro con la naturaleza. As\u00ed trabaja Barranquilla por ser una ciudad verde:<\/p>\n<p><strong>M\u00e1s \u00e1rboles, m\u00e1s parques, m\u00e1s vida<\/strong><\/p>\n<p>Desde 2018 se han sembrado 112.520 \u00e1rboles a trav\u00e9s del programa Siembra Barranquilla y, adicionalmente, se han recuperado 346 zonas verdes y 337.429 metros cuadrados de paisajismo, en las cinco localidades de la ciudad.<\/p>\n<p>Adicionalmente a la siembra, el plan de arborizaci\u00f3n de Barranquilla contempla el permanente mantenimiento de parques, zonas verdes y espacios p\u00fablicos, actividad que genera 600 empleos directos, entre jardineros y supervisores de campo.<\/p>\n<p>El proyecto de arborizaci\u00f3n y paisajismo, que es ejecutado por la Agencia Distrital de Infraestructura (ADI), tambi\u00e9n ha estado ligado al programa \u2018Todos Al Parque\u2019. A la fecha, la ciudad suma, entre parques, plazoletas y bulevares, 240 espacios p\u00fablicos recuperados para el uso, goce y disfrute de sus habitantes.<\/p>\n<p><strong>El Bosque Urbano de Miramar<\/strong><\/p>\n<p>Ser\u00e1 la zona verde p\u00fablica m\u00e1s grande que va a tener Barranquilla, convirti\u00e9ndose en una reserva significativa que traer\u00e1 grandes beneficios ambientales a todos los ciudadanos, ya que contar\u00e1 con \u00e1rboles nativos de la regi\u00f3n.<\/p>\n<p>El proyecto se ejecutar\u00e1 en el sector de la calle 99B con carrera 42F, en la zona noroccidental de la ciudad. Tambi\u00e9n servir\u00e1 como un espacio de educaci\u00f3n ambiental y contribuir\u00e1 al mejoramiento de la calidad del aire y reducci\u00f3n de la contaminaci\u00f3n.<\/p>\n<p>Actualmente se encuentra en etapa de dise\u00f1os y se desarrollar\u00e1 en un predio que cuenta con un \u00e1rea de 248.978,81 metros cuadrados, donde habr\u00e1 espacio para senderismo, ciclomonta\u00f1ismo y espacios recreativos, y un aforo de 824 personas.<\/p>\n<p><strong>Un espacio de amor para los animales<\/strong><\/p>\n<p>El Centro de Bienestar Animal, cuya construcci\u00f3n fue adjudicada semanas atr\u00e1s, es otro de los proyectos de la administraci\u00f3n que hacen parte de esa proyecci\u00f3n de la ciudad que busca un ambiente saludable. La obra ha sido contratada con una inversi\u00f3n de 3.300 millones de pesos y estar\u00e1 ubicada en el corregimiento de Juan Mina, en un \u00e1rea de 2.596 metros cuadrados.<\/p>\n<p>Este centro tiene entre sus objetivos responder a la visible sobrepoblaci\u00f3n de animales de tipo canino y felino que constituyen la fauna dom\u00e9stica de Barranquilla, los cuales deambulan por las calles en condiciones de abandono. Aqu\u00ed se les ofrecer\u00e1 atenci\u00f3n sanitaria b\u00e1sica, esterilizaci\u00f3n, espacios para cirug\u00edas, hospitalizaci\u00f3n, desparasitaci\u00f3n y vacunaci\u00f3n, entre otros.<\/p>\n<p>El Centro de Bienestar Animal es un proyecto encaminado a la atenci\u00f3n de animales dom\u00e9sticos como estrategia complementaria de los diferentes programas liderados por la Secretar\u00eda de Gobierno, como es la Patrulla Animal, que hoy en d\u00eda atiende casos de urgencias de animales en estado de indefensi\u00f3n o abandono.<\/p>\n<p><strong>Ca\u00f1os limpios y saneados<\/strong><\/p>\n<p>Los ca\u00f1os de La Auyama, Las Compa\u00f1\u00edas, Los Tramposos, el Mercado, Ca\u00f1o Arriba, Ca\u00f1o Abajo y La Tablaza, hacen parte del proyecto de la administraci\u00f3n distrital de recuperaci\u00f3n de estos cuerpos de agua Barranquilla. Su limpieza es un componente medioambiental fundamental para el desarrollo de la ciudad.<\/p>\n<p>En ese sentido, uno de los principales objetivos de la recuperaci\u00f3n integral es mitigar los riesgos de inundaci\u00f3n en los barrios ubicados a lo largo de este cuerpo de agua (La Luz y La Chinita), aumentar su capacidad hidr\u00e1ulica y proveer espacios p\u00fablicos para su entorno.<\/p>\n<p>Para el caso del ca\u00f1o de La Auyama, ya est\u00e1n asegurados a trav\u00e9s de Conpes recursos por el orden de $99.999.000.000.<\/p>\n<p>El aprovechamiento de estos cuerpos de agua permitir\u00e1 amortiguar las inundaciones, lograr una recuperaci\u00f3n urbana del entorno e incluso fomentar la navegabilidad para transporte y turismo, convirti\u00e9ndose as\u00ed en un sistema generador de calidad de vida con beneficios desde diferentes frentes tanto para la comunidad vecina como para la ciudad.<\/p>\n<p>Con este proyecto se prev\u00e9 beneficiar a 47.046 barranquilleros, aproximadamente.<\/p>\n<p><strong>Ecoparque Mallorqu\u00edn<\/strong><\/p>\n<p>El Ecoparque de la ci\u00e9naga de Mallorqu\u00edn ser\u00e1 una obra para disfrutar de espacios naturales con parques, senderos e infraestructura que permitir\u00e1 el uso sostenible por parte de la poblaci\u00f3n de la zona intervenida fortaleciendo el ecoturismo en la ciudad. Se compone de espacios para actividades recreativas, entre los cuales est\u00e1n: grader\u00edas, muelles para actividades n\u00e1uticas, espacios de comidas, senderos peatonales, ciclorrutas y estacionamiento.<\/p>\n<p>La recuperaci\u00f3n integral de la ci\u00e9naga de Mallorqu\u00edn impactar\u00e1 en la poblaci\u00f3n potencializando la vocaci\u00f3n tur\u00edstica del sector y el sentido de pertenencia hacia la ci\u00e9naga y el mar. Para ello, se estima que beneficiar\u00e1 de manera directa en el barrio Las Flores a 7.900 habitantes, aproximadamente, y en el corregimiento La Playa a 12.648 habitantes.<\/p>\n<p>El ecoparque es la primera etapa de la recuperaci\u00f3n integral de la ci\u00e9naga de Mallorqu\u00edn y de la playa de Puerto Mocho, la iniciativa medioambiental m\u00e1s importante de Colombia, eje fundamental del proceso que llevar\u00e1 a Barranquilla a convertirse en una biodiverciudad.<\/p>\n<p>Para el primer paso de esta obra, la Naci\u00f3n, a trav\u00e9s del Consejo Nacional de Pol\u00edtica Econ\u00f3mica y Social, Conpes, asegur\u00f3 recursos por $105.000.000.000.<\/p>\n<p>Tomado de: ALCALD\u00cdA DE BARRANQUILLA<\/p>","protected":false},"excerpt":{"rendered":"<p>El camino que tom\u00f3 Barranquilla es verde, el mismo que permite respirar un ambiente de frescura y ver llegar y anidar toda clase de peque\u00f1as aves silvestres atra\u00eddas por los \u00e1rboles en los m\u00e1s de 1.300.000 metros cuadrados de espacios recuperados en parques, bulevares y espacios p\u00fablicos, que acercan cada d\u00eda m\u00e1s a Barranquilla a<\/p>","protected":false},"author":1,"featured_media":8283,"comment_status":"closed","ping_status":"closed","sticky":false,"template":"","format":"standard","meta":{"footnotes":""},"categories":[181],"tags":[],"class_list":["post-8282","post","type-post","status-publish","format-standard","has-post-thumbnail","hentry","category-noticias"],"views":101,"_links":{"self":[{"href":"https:\/\/www.amchambaq.com\/en\/wp-json\/wp\/v2\/posts\/8282","targetHints":{"allow":["GET"]}}],"collection":[{"href":"https:\/\/www.amchambaq.com\/en\/wp-json\/wp\/v2\/posts"}],"about":[{"href":"https:\/\/www.amchambaq.com\/en\/wp-json\/wp\/v2\/types\/post"}],"author":[{"embeddable":true,"href":"https:\/\/www.amchambaq.com\/en\/wp-json\/wp\/v2\/users\/1"}],"replies":[{"embeddable":true,"href":"https:\/\/www.amchambaq.com\/en\/wp-json\/wp\/v2\/comments?post=8282"}],"version-history":[{"count":1,"href":"https:\/\/www.amchambaq.com\/en\/wp-json\/wp\/v2\/posts\/8282\/revisions"}],"predecessor-version":[{"id":8284,"href":"https:\/\/www.amchambaq.com\/en\/wp-json\/wp\/v2\/posts\/8282\/revisions\/8284"}],"wp:featuredmedia":[{"embeddable":true,"href":"https:\/\/www.amchambaq.com\/en\/wp-json\/wp\/v2\/media\/8283"}],"wp:attachment":[{"href":"https:\/\/www.amchambaq.com\/en\/wp-json\/wp\/v2\/media?parent=8282"}],"wp:term":[{"taxonomy":"category","embeddable":true,"href":"https:\/\/www.amchambaq.com\/en\/wp-json\/wp\/v2\/categories?post=8282"},{"taxonomy":"post_tag","embeddable":true,"href":"https:\/\/www.amchambaq.com\/en\/wp-json\/wp\/v2\/tags?post=8282"}],"curies":[{"name":"wp","href":"https:\/\/api.w.org\/{rel}","templated":true}]}}