{"id":8253,"date":"2021-11-02T08:20:45","date_gmt":"2021-11-02T13:20:45","guid":{"rendered":"https:\/\/www.amchambaq.com\/?p=8253"},"modified":"2021-11-02T08:20:45","modified_gmt":"2021-11-02T13:20:45","slug":"duque-y-biden-tienen-agenda-compartida-este-martes-en-la-cop26","status":"publish","type":"post","link":"https:\/\/www.amchambaq.com\/en\/duque-y-biden-tienen-agenda-compartida-este-martes-en-la-cop26\/","title":{"rendered":"Duque y Biden tienen agenda compartida este martes en la COP26"},"content":{"rendered":"<p>Los presidentes de Colombia,<strong>\u00a0Iv\u00e1n Duque,\u00a0<\/strong>y de Estados Unidos,<strong>\u00a0Joe Biden,<\/strong>\u00a0tienen este martes un par de eventos compartidos en el marco de la\u00a0<strong>COP26.<\/strong><\/p>\n<p>El primero, desde las 6 de la ma\u00f1ana, hora de Colombia, es el evento\u00a0<strong>Build Back Better World,<\/strong>\u00a0en el que tambi\u00e9n estar\u00e1 el primer ministro brit\u00e1nico,\u00a0<strong>Boris Johnson.<\/strong><\/p>\n<div id=\"body\" class=\"content-article size-m\">\n<p>Posteriormente, a las 8 de la ma\u00f1ana, tambi\u00e9n hora colombiana, Duque y Biden compartir\u00e1n un almuerzo con dignatarios de la\u00a0<strong>Comisi\u00f3n Europea<\/strong>.<\/p>\n<\/div>\n<div id=\"paragraphs\" class=\"content-article paragraphs size-m\">\n<div class=\"field-collection-container clearfix\">\n<div class=\"field field-name-field-contenido-articulos-2 field-type-field-collection field-label-hidden\">\n<div class=\"field-item even\">\n<div class=\"field-collection-view clearfix view-mode-full field-collection-view-final\">\n<div>\n<div class=\"content\">\n<div class=\"paragraphs-items paragraphs-items-field-campos paragraphs-items-field-campos-full paragraphs-items-full\">\n<div class=\"field field-name-field-campos field-type-paragraphs field-label-hidden\">\n<div class=\"field-item even\">\n<div id=\"relacionado-body\">\n<div class=\"box-title\">\n<div class=\"field-item odd\">\n<div class=\"entity entity-paragraphs-item paragraphs-item-descripcion\">\n<div class=\"content\">\n<div class=\"field field-name-field-descripcion field-type-text-long field-label-hidden\">\n<div class=\"field-items\">\n<div class=\"field-item even\">\n<p>El jefe de Estado se entrevist\u00f3 adem\u00e1s este lunes en\u00a0<strong>Glascow<\/strong>\u00a0con el enviado de EE. UU. para el Clima, John Kerry: &#8220;Grata reuni\u00f3n con @JohnKerry, enviado especial de EE.UU, para el clima. El delegado del presidente @POTUS expres\u00f3 el inter\u00e9s de apoyar nuestra agenda ambiental y la ambiciosa meta de reforestaci\u00f3n. Manifest\u00f3, tambi\u00e9n, la voluntad de visitar el pa\u00eds pr\u00f3ximamente&#8221;, &#8216;trin\u00f3&#8217;.<\/p>\n<p>Los encuentros entre Duque y Biden se dar\u00edan luego de que hace un mes, en una visita del mandatario colombiano al pa\u00eds norteamericano, no se pudiera llevar a cabo un encuentro entre ambos.<\/p>\n<p>Tomado de: EL HERALDO<\/p>\n<\/div>\n<\/div>\n<\/div>\n<\/div>\n<\/div>\n<\/div>\n<div class=\"field-item even\">\n<div id=\"relacionado-body\">\n<div class=\"box-title\"><\/div>\n<\/div>\n<\/div>\n<\/div>\n<\/div>\n<\/div>\n<\/div>\n<\/div>\n<\/div>\n<\/div>\n<\/div>\n<\/div>\n<\/div>\n<\/div>\n<\/div>","protected":false},"excerpt":{"rendered":"<p>Los presidentes de Colombia,\u00a0Iv\u00e1n Duque,\u00a0y de Estados Unidos,\u00a0Joe Biden,\u00a0tienen este martes un par de eventos compartidos en el marco de la\u00a0COP26. El primero, desde las 6 de la ma\u00f1ana, hora de Colombia, es el evento\u00a0Build Back Better World,\u00a0en el que tambi\u00e9n estar\u00e1 el primer ministro brit\u00e1nico,\u00a0Boris Johnson. Posteriormente, a las 8 de la ma\u00f1ana, tambi\u00e9n<\/p>","protected":false},"author":1,"featured_media":8254,"comment_status":"closed","ping_status":"closed","sticky":false,"template":"","format":"standard","meta":{"footnotes":""},"categories":[181],"tags":[],"class_list":["post-8253","post","type-post","status-publish","format-standard","has-post-thumbnail","hentry","category-noticias"],"views":109,"_links":{"self":[{"href":"https:\/\/www.amchambaq.com\/en\/wp-json\/wp\/v2\/posts\/8253","targetHints":{"allow":["GET"]}}],"collection":[{"href":"https:\/\/www.amchambaq.com\/en\/wp-json\/wp\/v2\/posts"}],"about":[{"href":"https:\/\/www.amchambaq.com\/en\/wp-json\/wp\/v2\/types\/post"}],"author":[{"embeddable":true,"href":"https:\/\/www.amchambaq.com\/en\/wp-json\/wp\/v2\/users\/1"}],"replies":[{"embeddable":true,"href":"https:\/\/www.amchambaq.com\/en\/wp-json\/wp\/v2\/comments?post=8253"}],"version-history":[{"count":1,"href":"https:\/\/www.amchambaq.com\/en\/wp-json\/wp\/v2\/posts\/8253\/revisions"}],"predecessor-version":[{"id":8255,"href":"https:\/\/www.amchambaq.com\/en\/wp-json\/wp\/v2\/posts\/8253\/revisions\/8255"}],"wp:featuredmedia":[{"embeddable":true,"href":"https:\/\/www.amchambaq.com\/en\/wp-json\/wp\/v2\/media\/8254"}],"wp:attachment":[{"href":"https:\/\/www.amchambaq.com\/en\/wp-json\/wp\/v2\/media?parent=8253"}],"wp:term":[{"taxonomy":"category","embeddable":true,"href":"https:\/\/www.amchambaq.com\/en\/wp-json\/wp\/v2\/categories?post=8253"},{"taxonomy":"post_tag","embeddable":true,"href":"https:\/\/www.amchambaq.com\/en\/wp-json\/wp\/v2\/tags?post=8253"}],"curies":[{"name":"wp","href":"https:\/\/api.w.org\/{rel}","templated":true}]}}