{"id":8228,"date":"2021-10-26T14:22:43","date_gmt":"2021-10-26T19:22:43","guid":{"rendered":"https:\/\/www.amchambaq.com\/?p=8228"},"modified":"2021-10-26T14:22:43","modified_gmt":"2021-10-26T19:22:43","slug":"barranquilla-se-convertira-en-la-capital-mundial-del-derecho-con-la-celebracion-del-congreso-mundial-de-juristas","status":"publish","type":"post","link":"https:\/\/www.amchambaq.com\/en\/barranquilla-se-convertira-en-la-capital-mundial-del-derecho-con-la-celebracion-del-congreso-mundial-de-juristas\/","title":{"rendered":"Barranquilla se convertir\u00e1 en la capital mundial del Derecho con la celebraci\u00f3n del Congreso Mundial de Juristas"},"content":{"rendered":"<p>Desde ya, Barranquilla est\u00e1 lista para abrir sus puertas al evento m\u00e1s relevante de la justicia global. Por primera vez en la historia, una ciudad colombiana acoger\u00e1 el Congreso Mundial de Juristas (World Law Congress).<\/p>\n<p>Se trata de una oportunidad para la ratificaci\u00f3n de Barranquilla como la casa de grandes eventos y ejemplo de reactivaci\u00f3n, lo que adem\u00e1s permitir\u00e1 a la ciudad mostrar su mejor cara y generar empleo y turismo, que se vuelve especialmente relevante debido a la coyuntura que vivimos.<\/p>\n<p>\u201cBarranquilla ser\u00e1 el epicentro mundial del Derecho, un escenario donde se restablece la conversaci\u00f3n sobre la democracia y la paz a trav\u00e9s del imperio de la ley, protegiendo a quien no usa su fuerza y poder de comunicaci\u00f3n para prevalecer. Una oportunidad de crecimiento, equidad y desarrollo humano y econ\u00f3mico. Esa es la base sobre la cual se cimienta nuestra democracia, y sin ella no perdurar\u00edan los valores que hoy nos hacen libres e independientes. Celebrar esto en Colombia es una gran noticia, estamos honrados de hacer parte de este momento hist\u00f3rico\u201d, recalc\u00f3 el alcalde Jaime Pumarejo Heins durante la presentaci\u00f3n oficial del evento a los medios de comunicaci\u00f3n locales, nacionales e internacionales.<\/p>\n<p>El espacio cont\u00f3 con la participaci\u00f3n del presidente de la World Jurist Association, Javier Cremades; la presidenta del cap\u00edtulo espa\u00f1ol de la World Jurist Association, Mar\u00eda Eugenia Gay, y el ministro de Justicia, Wilson Ruiz Orjuela, quienes se unieron a la transmisi\u00f3n virtual desde Madrid, Barcelona y Bogot\u00e1, respectivamente.<\/p>\n<p>Para la XXVIII edici\u00f3n del encuentro, que se llevar\u00e1 a cabo los d\u00edas 2 y 3 de diciembre en el centro de eventos Puerta de Oro, se espera la asistencia de m\u00e1s de 3.000 l\u00edderes mundiales entre jefes de Estado, como Iv\u00e1n Duque y el rey de Espa\u00f1a, presidentes y jueces de altos tribunales, cortes, fiscales y representantes de organismos internacionales, adem\u00e1s de acad\u00e9micos, abogados, empresarios, activistas de derechos humanos y estudiantes de todos los continentes.<\/p>\n<p>El programa se centrar\u00e1 en la promoci\u00f3n del Estado de derecho como instrumento para el desarrollo de las naciones, ofreciendo una visi\u00f3n integral de los grandes asuntos que preocupan a la humanidad y sobre \u00a0los que \u00a0el \u00a0mundo \u00a0del Derecho y la justicia deben responder. Se trata de temas que confluyen con los objetivos de la Agenda 2030 de las Naciones Unidas y la prosperidad a trav\u00e9s del desarrollo sostenible.<\/p>\n<p>El \u00a0presidente de la WJA, Javier Cremades, ha reconocido que \u201celegimos Colombia para albergar este congreso porque, a pesar de las dificultades que ha afrontado, la sociedad colombiana siempre ha respaldado vivir en democracia y, adem\u00e1s, el pa\u00eds se ha convertido en el escenario perfecto coincidiendo con el 30 aniversario de la Constituci\u00f3n colombiana y el 200 de la Constituci\u00f3n de C\u00facuta\u201d.<\/p>\n<p>Cremades extendi\u00f3 la invitaci\u00f3n a juristas, acad\u00e9micos, empresarios, y estudiantes de Derecho colombianos y de todo el mundo \u201ca asistir a este extraordinario evento que por primera vez viene a Colombia\u201d.<\/p>\n<p>Por su parte, Mar\u00eda Eugenia Gay, presidenta del cap\u00edtulo espa\u00f1ol de la WJA, asegur\u00f3 que el intercambio de ideas, el an\u00e1lisis reflexivo y la pr\u00e1ctica de un di\u00e1logo constructivo que nos preserve de los prejuicios y la polarizaci\u00f3n constituyen hoy una virtud que debemos procurar, siendo el World Law Congress una oportunidad para el entendimiento que aglutina a las m\u00e1s destacadas personalidades del mundo del Derecho, la pol\u00edtica y la diplomacia.<\/p>\n<p>En esta l\u00ednea, el ministro de Justicia y del Derecho, Wilson Ruiz Orejuela, ha reconocido que \u201cpara el Gobierno Nacional esta designaci\u00f3n es un homenaje y un reconocimiento a los esfuerzos diarios y sin descanso desplegados por el Estado y los colombianos, fortaleciendo los principios del Estado Social de Derecho y garantizando la libertad de los ciudadanos, el orden y la paz en el marco del sistema democr\u00e1tico que nos rige\u201d.<\/p>\n<p>Finalmente, el alcalde de Barranquilla Jaime Pumarejo Heins se refiri\u00f3 a los preparativos de ciudad de cara al segundo evento de importancia mundial que realiza la capital del Atl\u00e1ntico en lo que va del a\u00f1o, despu\u00e9s de la Asamblea del Banco Interamericano de Desarrollo (BID) en marzo pasado.<\/p>\n<p>\u201cEl hecho de albergar esta conversaci\u00f3n es importante, porque mucha gente va a conocer y visitar por primera vez a Barranquilla debido a este evento. Significa poder mostrarnos, regeneraci\u00f3n econ\u00f3mica, turismo y empleo para nuestra gente, pero tambi\u00e9n significa relevancia y participaci\u00f3n y darle la oportunidad a j\u00f3venes, juristas y a la gente acercarse a las mentes m\u00e1s brillantes en materia de democracia y Derecho y poder tener conversaciones uno a uno. Es una oportunidad inigualable y espero que nuestras academias locales est\u00e9n a la altura y participen a sus estudiantes para que atiborren las salas de conferencias\u201d, dijo el mandatario distrital.<\/p>\n<p>Desde aqu\u00ed se debatir\u00e1n importantes puntos sobre la preservaci\u00f3n de la libertad y c\u00f3mo afrontar el reto de seguir construyendo democracias s\u00f3lidas y cada d\u00eda est\u00e9n m\u00e1s a tono con las necesidades del mundo de hoy. Celebramos este voto de confianza en la ciudad y el pa\u00eds, y para eso nos hemos estado preparando durante los \u00faltimos a\u00f1os, que a la vez generar\u00e1 empleo, oportunidades y calidad de vida para los barranquilleros en el marco del exitoso proceso de reactivaci\u00f3n econ\u00f3mica que hoy lideramos a nivel nacional, reiter\u00f3 el alcalde.<\/p>\n<p><strong>Agenda e inscripciones<\/strong><\/p>\n<p>Entre los temas de la agenda se destacan asuntos relevantes y actuales como el an\u00e1lisis de las respuestas de los Estados ante la pandemia, la ciberseguridad, la independencia judicial y las actuales crisis migratorias.<\/p>\n<p>Las m\u00e1s de 35 mesas redondas que conforman el contenido del congreso integrar\u00e1n la visi\u00f3n de notorios juristas, empresas e instituciones colombianas e internacionales, que respaldan el desarrollo sostenible de la humanidad, la convivencia en democracia y la libertad.<\/p>\n<p>Durante la jornada del 3 de diciembre, se har\u00e1 entrega del World Peace &amp; Liberty Award a la sociedad civil y la democracia colombiana, la m\u00e1s longeva de Latinoam\u00e9rica, por su defensa, fortalecimiento y promoci\u00f3n del Estado de Derecho por encima de las vicisitudes, y contar\u00e1 con la participaci\u00f3n del presidente de Colombia, Iv\u00e1n Duque M\u00e1rquez, el rey Felipe VI de Espa\u00f1a y los expresidentes de Colombia \u00c1lvaro Uribe V\u00e9lez, Ernesto Samper, y Andr\u00e9s Pastrana, quienes han confirmado su asistencia.<\/p>\n<p>En su edici\u00f3n 2020, este premio, considerado el Nobel del Derecho, fue concedido a la hoy fallecida magistrada de la Corte Suprema de Estados Unidos, Ruth Bader Ginsburg, y en ediciones anteriores a personalidades como Sir Winston Churchill, Ren\u00e9 Cassin, Nelson Mandela y el rey Felipe VI de Espa\u00f1a. Un premio que han recibido todos ellos por su indiscutible compromiso con el Estado de Derecho y la defensa de la democracia y la libertad.<\/p>\n<p>Puedes consultar el programa y realizar el registro de asistencia accediendo mediante este enlace:\u00a0<a href=\"https:\/\/worldlawcongress.com\/\" target=\"_blank\" rel=\"noopener\" data-saferedirecturl=\"https:\/\/www.google.com\/url?q=https:\/\/worldlawcongress.com\/&amp;source=gmail&amp;ust=1635352053059000&amp;usg=AFQjCNFwhGaEZDtYkSyOmVTx3OpFVQ2EbQ\">https:\/\/worldlawcongress.com\/<\/a><\/p>\n<p><strong>World Jurist Association<\/strong><\/p>\n<p>La Asociaci\u00f3n Mundial de Juristas o World Jurist Association (en ingl\u00e9s) es una organizaci\u00f3n no gubernamental que re\u00fane a presidentes de tribunales, magistrados, jueces, funcionarios de gobierno, profesores de derecho, abogados, notarios, registradores, estudiantes y profesionales relacionados con las leyes de m\u00e1s de 140 nacionalidades.<\/p>\n<p>Cada dos a\u00f1os, la World Jurist Association lleva a cabo su Congreso Bienal, que acoge a m\u00e1s de 3.000 personalidades de la ley. La \u00faltima edici\u00f3n, en el 2019, se realiz\u00f3 en Madrid (Espa\u00f1a) bajo el lema \u201cDemocracia, Constituci\u00f3n y Libertad\u201d.<\/p>","protected":false},"excerpt":{"rendered":"<p>Desde ya, Barranquilla est\u00e1 lista para abrir sus puertas al evento m\u00e1s relevante de la justicia global. Por primera vez en la historia, una ciudad colombiana acoger\u00e1 el Congreso Mundial de Juristas (World Law Congress). Se trata de una oportunidad para la ratificaci\u00f3n de Barranquilla como la casa de grandes eventos y ejemplo de reactivaci\u00f3n,<\/p>","protected":false},"author":1,"featured_media":8229,"comment_status":"closed","ping_status":"closed","sticky":false,"template":"","format":"standard","meta":{"footnotes":""},"categories":[181],"tags":[],"class_list":["post-8228","post","type-post","status-publish","format-standard","has-post-thumbnail","hentry","category-noticias"],"views":103,"_links":{"self":[{"href":"https:\/\/www.amchambaq.com\/en\/wp-json\/wp\/v2\/posts\/8228","targetHints":{"allow":["GET"]}}],"collection":[{"href":"https:\/\/www.amchambaq.com\/en\/wp-json\/wp\/v2\/posts"}],"about":[{"href":"https:\/\/www.amchambaq.com\/en\/wp-json\/wp\/v2\/types\/post"}],"author":[{"embeddable":true,"href":"https:\/\/www.amchambaq.com\/en\/wp-json\/wp\/v2\/users\/1"}],"replies":[{"embeddable":true,"href":"https:\/\/www.amchambaq.com\/en\/wp-json\/wp\/v2\/comments?post=8228"}],"version-history":[{"count":1,"href":"https:\/\/www.amchambaq.com\/en\/wp-json\/wp\/v2\/posts\/8228\/revisions"}],"predecessor-version":[{"id":8230,"href":"https:\/\/www.amchambaq.com\/en\/wp-json\/wp\/v2\/posts\/8228\/revisions\/8230"}],"wp:featuredmedia":[{"embeddable":true,"href":"https:\/\/www.amchambaq.com\/en\/wp-json\/wp\/v2\/media\/8229"}],"wp:attachment":[{"href":"https:\/\/www.amchambaq.com\/en\/wp-json\/wp\/v2\/media?parent=8228"}],"wp:term":[{"taxonomy":"category","embeddable":true,"href":"https:\/\/www.amchambaq.com\/en\/wp-json\/wp\/v2\/categories?post=8228"},{"taxonomy":"post_tag","embeddable":true,"href":"https:\/\/www.amchambaq.com\/en\/wp-json\/wp\/v2\/tags?post=8228"}],"curies":[{"name":"wp","href":"https:\/\/api.w.org\/{rel}","templated":true}]}}