{"id":8226,"date":"2021-10-26T14:17:57","date_gmt":"2021-10-26T19:17:57","guid":{"rendered":"https:\/\/www.amchambaq.com\/?p=8226"},"modified":"2021-10-26T14:17:57","modified_gmt":"2021-10-26T19:17:57","slug":"gobierno-explico-medidas-adoptadas-para-atender-el-primer-dia-sin-iva-este-jueves","status":"publish","type":"post","link":"https:\/\/www.amchambaq.com\/en\/gobierno-explico-medidas-adoptadas-para-atender-el-primer-dia-sin-iva-este-jueves\/","title":{"rendered":"Gobierno explic\u00f3 medidas adoptadas para atender el primer d\u00eda sin IVA este jueves"},"content":{"rendered":"<p>El Gobierno Nacional, a trav\u00e9s de sus distintos ministerios, present\u00f3 en una rueda de prensa algunas de las disposiciones clave a tener en cuenta en el primer d\u00eda sin IVA, que se llevar\u00e1 a cabo este jueves 28 de octubre de manera f\u00edsica y virtual en todo el pa\u00eds.<\/p>\n<p>&#8220;Venimos trabajando conjuntamente el Gobierno Nacional con los comerciantes de Colombia, las plataformas, los portales y las grandes superficies para que este d\u00eda sea una \u00e9xito para los comerciantes, pero tambi\u00e9n para las familias y que podamos seguir en esta senda de reactivaci\u00f3n econ\u00f3mica&#8221;, expres\u00f3 la ministra de Comercio, Mar\u00eda Ximena Lombana.<\/p>\n<p>La funcionaria indic\u00f3 que se han firmado protocolos de bioseguridad con los comerciantes y que, adicionalmente<u>\u00a0Fenalco<\/u> firm\u00f3 un documento de autorregulaci\u00f3n en beneficio de los consumidores, con transparencia de la informaci\u00f3n relativo a las promociones y c\u00f3mo se debe calcular se IVA que se descuenta.<\/p>\n<p>En cuanto a las garant\u00edas de seguridad para las jornadas, el ministro del Interior, Daniel Palacios, explic\u00f3 los dispositivos de control est\u00e1n siendo coordinados por los ministerios del Interior y de Defensa para que en el terreno cada uno de los gobernadores disponga de estos servicios especiales en todos los lugares donde este ejercicio se lleve a cabo.<\/p>\n<p>Finalmente, el ministro de Salud, Fernando Ruiz, dijo que aunque la situaci\u00f3n\u00a0<u>sanitaria<\/u>\u00a0est\u00e1 &#8220;relativamente calmada&#8221;, esta jornada puede generar incremento de contagios, por lo que es necesario que se avance con los planes de vacunaci\u00f3n.<\/p>\n<p>Tomado de: LA REP\u00daBLICA<\/p>","protected":false},"excerpt":{"rendered":"<p>El Gobierno Nacional, a trav\u00e9s de sus distintos ministerios, present\u00f3 en una rueda de prensa algunas de las disposiciones clave a tener en cuenta en el primer d\u00eda sin IVA, que se llevar\u00e1 a cabo este jueves 28 de octubre de manera f\u00edsica y virtual en todo el pa\u00eds. &#8220;Venimos trabajando conjuntamente el Gobierno Nacional<\/p>","protected":false},"author":1,"featured_media":8027,"comment_status":"closed","ping_status":"closed","sticky":false,"template":"","format":"standard","meta":{"footnotes":""},"categories":[181],"tags":[],"class_list":["post-8226","post","type-post","status-publish","format-standard","has-post-thumbnail","hentry","category-noticias"],"views":88,"_links":{"self":[{"href":"https:\/\/www.amchambaq.com\/en\/wp-json\/wp\/v2\/posts\/8226","targetHints":{"allow":["GET"]}}],"collection":[{"href":"https:\/\/www.amchambaq.com\/en\/wp-json\/wp\/v2\/posts"}],"about":[{"href":"https:\/\/www.amchambaq.com\/en\/wp-json\/wp\/v2\/types\/post"}],"author":[{"embeddable":true,"href":"https:\/\/www.amchambaq.com\/en\/wp-json\/wp\/v2\/users\/1"}],"replies":[{"embeddable":true,"href":"https:\/\/www.amchambaq.com\/en\/wp-json\/wp\/v2\/comments?post=8226"}],"version-history":[{"count":1,"href":"https:\/\/www.amchambaq.com\/en\/wp-json\/wp\/v2\/posts\/8226\/revisions"}],"predecessor-version":[{"id":8227,"href":"https:\/\/www.amchambaq.com\/en\/wp-json\/wp\/v2\/posts\/8226\/revisions\/8227"}],"wp:featuredmedia":[{"embeddable":true,"href":"https:\/\/www.amchambaq.com\/en\/wp-json\/wp\/v2\/media\/8027"}],"wp:attachment":[{"href":"https:\/\/www.amchambaq.com\/en\/wp-json\/wp\/v2\/media?parent=8226"}],"wp:term":[{"taxonomy":"category","embeddable":true,"href":"https:\/\/www.amchambaq.com\/en\/wp-json\/wp\/v2\/categories?post=8226"},{"taxonomy":"post_tag","embeddable":true,"href":"https:\/\/www.amchambaq.com\/en\/wp-json\/wp\/v2\/tags?post=8226"}],"curies":[{"name":"wp","href":"https:\/\/api.w.org\/{rel}","templated":true}]}}