{"id":8149,"date":"2021-10-22T14:34:56","date_gmt":"2021-10-22T19:34:56","guid":{"rendered":"https:\/\/www.amchambaq.com\/?p=8149"},"modified":"2021-10-22T14:34:56","modified_gmt":"2021-10-22T19:34:56","slug":"crecimiento-de-la-economia-colombiana-estaria-cerca-de-10-este-ano","status":"publish","type":"post","link":"https:\/\/www.amchambaq.com\/en\/crecimiento-de-la-economia-colombiana-estaria-cerca-de-10-este-ano\/","title":{"rendered":"Crecimiento de la econom\u00eda colombiana estar\u00eda cerca de 10% este a\u00f1o"},"content":{"rendered":"<p>M\u00e1s que simples apuestas, las proyecciones econ\u00f3micas de centros especializados son un term\u00f3metro de c\u00f3mo va el pa\u00eds. En esa l\u00ednea, las m\u00e1s recientes perspectivas indican que la recuperaci\u00f3n de la actividad productiva va m\u00e1s fuerte de lo esperado e incluso da para pensar en un crecimiento del Producto Interno Bruto (PIB) de 10% este a\u00f1o, aunque con el desempleo como lunar.<\/p>\n<p>Es el caso de Bbva Research, que ayer elev\u00f3 sus previsiones sobre la econom\u00eda colombiana para este a\u00f1o de 7,5% a 9,2%, y el de Fedesarrollo, que en la misma l\u00ednea aument\u00f3 su expectativa de 7,2% a 9,5%, lo que est\u00e1 por encima del 8,6% que observa el Banrep\u00fablica. Para esos centros de investigaciones el repunte no solo se explicar\u00e1 por la baja base de comparaci\u00f3n (en referencia a que en 2020 el PIB cay\u00f3 6,8%), sino tambi\u00e9n por el consumo de los hogares.<\/p>\n<p>De hecho, no son los \u00fanicos que revisaron el c\u00e1lculo al alza. El mi\u00e9rcoles Credicorp Capital hizo lo propio al anticipar un 9,5% para este a\u00f1o, lo cual est\u00e1 por arriba de su anterior apuesta que era 8%; por su parte, el Fondo Monetario Internacional (FMI), aunque algo m\u00e1s cauto, tambi\u00e9n dio un espaldarazo al pa\u00eds y su ajuste fue de 5,1% a 7,6%.<\/p>\n<p>En general, cada organismo tiene posturas similares para explicar el mayor optimismo. Estas las resume Luis Fernando Mej\u00eda, director de Fedesarrollo, quien cit\u00f3 el incremento en la movilidad a ra\u00edz de la flexibilizaci\u00f3n de medidas de contenci\u00f3n de la pandemia desde mayo, la evoluci\u00f3n del proceso de vacunaci\u00f3n y el aumento en el gasto de los hogares como las razones internas.<\/p>\n<p>Tambi\u00e9n hay elementos externos como la subida de los precios de las materias primas y una recuperaci\u00f3n de la econom\u00eda mundial m\u00e1s r\u00e1pida de lo esperado. Y entre los sectores el comercio, la industria y las actividades art\u00edsticas y de entretenimiento aportar\u00edan cerca del 60% del crecimiento esperado, complement\u00f3 Mej\u00eda.<\/p>\n<p>En una l\u00ednea similar, Juana T\u00e9llez, economista jefe de BBVA Research para Colombia, analiz\u00f3 que parte del dinamismo de la econom\u00eda, y en particular del consumo, se explica por el ahorro retenido en los momentos m\u00e1s fuertes del confinamiento, \u201cpero, en adelante, la recuperaci\u00f3n de la demanda interna depender\u00e1 m\u00e1s de la din\u00e1mica de la econom\u00eda liderada por las mejoras del mercado laboral y la mayor producci\u00f3n interna\u201d.<\/p>\n<p><b>\u00bfY el empleo?<\/b><\/p>\n<p>&nbsp;<\/p>\n<p>Al tiempo que exaltan el ritmo que muestra Colombia, los centros especializados no dudan en decir que el desempleo sigue siendo el dolor de cabeza. Y no es que sea un fen\u00f3meno producto de la pandemia, viene de tiempo atr\u00e1s.<\/p>\n<p>BBVA Research, por ejemplo, cree que la recuperaci\u00f3n del mercado laboral sigue rezagada frente al que ha mostrado la actividad productiva. Postul\u00f3 incluso que la reactivaci\u00f3n de puestos de trabajo en Colombia este a\u00f1o se basa mayoritariamente en empleos no asalariados que profundizan la informalidad y, adicional, proyecta que la tasa de desempleo cerrar\u00eda el a\u00f1o en 11,6% y se estabilizar\u00eda en alrededor de 11% para 2022 y 2023.<\/p>\n<p>Por su parte, el director de Fedesarrollo consider\u00f3 que mientras que el PIB ser\u00eda un 2% superior al registrado en 2019 en las cuentas de ese tanque de pensamiento, la tasa de desempleo promedio se ubicar\u00eda en 13,5%, es decir, tres puntos porcentuales por encima del dato del a\u00f1o anterior a la pandemia (10,5%).<\/p>\n<p>Ese dilema ha cobrado fuerza este a\u00f1o. Las cifras indican que la econom\u00eda se est\u00e1 recuperando y, en algunos casos, registrando niveles de producci\u00f3n y ventas similares o superiores a los de 2019, pero con un n\u00famero inferior de trabajadores. Un reto al que se refiri\u00f3 el propio Jos\u00e9 Manuel Restrepo, ministro de Hacienda, quien reiter\u00f3 que el crecimiento debe venir acompa\u00f1ado de empleo.<\/p>\n<p>En cualquier caso el camino no ser\u00e1 f\u00e1cil ni para Colombia ni para sus vecinos. El FMI, que subi\u00f3 su previsi\u00f3n de PIB 2021 para Am\u00e9rica Latina y el Caribe de 5,8% a 6,3%, advirti\u00f3 que la regi\u00f3n podr\u00eda demorar hasta cinco a\u00f1os en retomar el ritmo que tra\u00eda antes de la pandemia.<\/p>\n<p>Un trayecto largo y sinuoso para el que habr\u00e1 que estar preparado, vaticin\u00f3 Nigel Chalk, director interino del Departamento del Hemisferio Occidental del FMI.<\/p>\n<p>Esa predicci\u00f3n en cierta forma cala en Colombia, que aun cuando podr\u00eda alcanzar niveles prepandemia este mismo a\u00f1o tiene pendiente la recuperaci\u00f3n de puestos de trabajo para hablar de una reactivaci\u00f3n completa.<\/p>\n<p>Tomado de: EL COLOMBIANO<\/p>","protected":false},"excerpt":{"rendered":"<p>M\u00e1s que simples apuestas, las proyecciones econ\u00f3micas de centros especializados son un term\u00f3metro de c\u00f3mo va el pa\u00eds. En esa l\u00ednea, las m\u00e1s recientes perspectivas indican que la recuperaci\u00f3n de la actividad productiva va m\u00e1s fuerte de lo esperado e incluso da para pensar en un crecimiento del Producto Interno Bruto (PIB) de 10% este<\/p>","protected":false},"author":1,"featured_media":7773,"comment_status":"closed","ping_status":"closed","sticky":false,"template":"","format":"standard","meta":{"footnotes":""},"categories":[181],"tags":[],"class_list":["post-8149","post","type-post","status-publish","format-standard","has-post-thumbnail","hentry","category-noticias"],"views":119,"_links":{"self":[{"href":"https:\/\/www.amchambaq.com\/en\/wp-json\/wp\/v2\/posts\/8149","targetHints":{"allow":["GET"]}}],"collection":[{"href":"https:\/\/www.amchambaq.com\/en\/wp-json\/wp\/v2\/posts"}],"about":[{"href":"https:\/\/www.amchambaq.com\/en\/wp-json\/wp\/v2\/types\/post"}],"author":[{"embeddable":true,"href":"https:\/\/www.amchambaq.com\/en\/wp-json\/wp\/v2\/users\/1"}],"replies":[{"embeddable":true,"href":"https:\/\/www.amchambaq.com\/en\/wp-json\/wp\/v2\/comments?post=8149"}],"version-history":[{"count":1,"href":"https:\/\/www.amchambaq.com\/en\/wp-json\/wp\/v2\/posts\/8149\/revisions"}],"predecessor-version":[{"id":8150,"href":"https:\/\/www.amchambaq.com\/en\/wp-json\/wp\/v2\/posts\/8149\/revisions\/8150"}],"wp:featuredmedia":[{"embeddable":true,"href":"https:\/\/www.amchambaq.com\/en\/wp-json\/wp\/v2\/media\/7773"}],"wp:attachment":[{"href":"https:\/\/www.amchambaq.com\/en\/wp-json\/wp\/v2\/media?parent=8149"}],"wp:term":[{"taxonomy":"category","embeddable":true,"href":"https:\/\/www.amchambaq.com\/en\/wp-json\/wp\/v2\/categories?post=8149"},{"taxonomy":"post_tag","embeddable":true,"href":"https:\/\/www.amchambaq.com\/en\/wp-json\/wp\/v2\/tags?post=8149"}],"curies":[{"name":"wp","href":"https:\/\/api.w.org\/{rel}","templated":true}]}}