{"id":8039,"date":"2021-10-19T14:22:52","date_gmt":"2021-10-19T19:22:52","guid":{"rendered":"https:\/\/www.amchambaq.com\/?p=8039"},"modified":"2021-10-19T14:22:52","modified_gmt":"2021-10-19T19:22:52","slug":"barranquilla-recibe-reconocimiento-nacional-por-programa-de-bilinguismo","status":"publish","type":"post","link":"https:\/\/www.amchambaq.com\/en\/barranquilla-recibe-reconocimiento-nacional-por-programa-de-bilinguismo\/","title":{"rendered":"Barranquilla recibe reconocimiento nacional por programa de biling\u00fcismo"},"content":{"rendered":"<p>La estrategia Soy Biling\u00fce, que comenz\u00f3 a ser ejecutada en 2020, fue galardonada en el Foro Educativo Nacional que orienta el Ministerio de Educaci\u00f3n.<\/p>\n<p>En 2020 se inici\u00f3 en\u00a0<b>40 colegios oficiales.<\/b>\u00a0Y este a\u00f1o la cobertura aument\u00f3 a 80 instituciones. La proyecci\u00f3n indica que en 2023 deber\u00e1 estar en<b>\u00a0todas las instituciones<\/b>\u00a0p\u00fablicas del Distrito.<\/p>\n<p>Soy Biling\u00fce es una estrategia para la ense\u00f1anza del ingl\u00e9s como lengua extranjera en estudiantes, maestros y directivos de colegios oficiales de Barranquilla. Ante esto, el Gobierno nacional, por medio del Ministerio de Educaci\u00f3n, entreg\u00f3 un reconocimiento de buenas pr\u00e1cticas.<\/p>\n<p>La exaltaci\u00f3n se produjo en el marco del Foro Educativo Nacional 2021. All\u00ed Barranquilla fue reconocida en la l\u00ednea tem\u00e1tica titulada: Organizaci\u00f3n de la prestaci\u00f3n del servicio educativo para responder a los retos y desaf\u00edos que trajo la pandemia.<\/p>\n<p>\u201cEste reconocimiento va dirigido a las comunidades educativas y a sus instituciones de manera situada, en contextos particulares, y con las condiciones e intereses que las caracterizan, resaltando la gesti\u00f3n que han desarrollado para la prestaci\u00f3n del servicio educativo durante la pandemia\u201d, expres\u00f3 el Ministerio de Educaci\u00f3n a trav\u00e9s de un portavoz.<\/p>\n<p>\u201cDesde un inicio sab\u00edamos que el desarrollo del programa iba a requerir de un trabajo conjunto y estamos felices con los resultados. El compromiso de nuestros maestros, directivos, estudiantes y tambi\u00e9n familias es el que nos permite hoy recibir este reconocimiento\u201d, afirm\u00f3 Bibiana Rinc\u00f3n, secretaria de Educaci\u00f3n del Distrito.<\/p>\n<p>Barranquilla identific\u00f3 en la educaci\u00f3n la base para convertirse en una ciudad biling\u00fce. Los pasos implican formar a ni\u00f1os, j\u00f3venes y maestros. Hasta ahora el impacto es de\u00a0<b>35.100 estudiantes<\/b>\u00a0de transici\u00f3n a grado 11, al igual que 1.347 maestros y directivos.<\/p>\n<p>Para ejecutar el programa, Barranquilla le apunt\u00f3 a tres l\u00edneas estrat\u00e9gicas: Unstoppable Teachers, Global Student y Bilingual City, orientadas a maestros, estudiantes y comunidad en general.<\/p>\n<p>Tomado de: EL TIEMPO<\/p>","protected":false},"excerpt":{"rendered":"<p>La estrategia Soy Biling\u00fce, que comenz\u00f3 a ser ejecutada en 2020, fue galardonada en el Foro Educativo Nacional que orienta el Ministerio de Educaci\u00f3n. En 2020 se inici\u00f3 en\u00a040 colegios oficiales.\u00a0Y este a\u00f1o la cobertura aument\u00f3 a 80 instituciones. La proyecci\u00f3n indica que en 2023 deber\u00e1 estar en\u00a0todas las instituciones\u00a0p\u00fablicas del Distrito. Soy Biling\u00fce es<\/p>","protected":false},"author":1,"featured_media":8001,"comment_status":"closed","ping_status":"closed","sticky":false,"template":"","format":"standard","meta":{"footnotes":""},"categories":[181],"tags":[],"class_list":["post-8039","post","type-post","status-publish","format-standard","has-post-thumbnail","hentry","category-noticias"],"views":216,"_links":{"self":[{"href":"https:\/\/www.amchambaq.com\/en\/wp-json\/wp\/v2\/posts\/8039","targetHints":{"allow":["GET"]}}],"collection":[{"href":"https:\/\/www.amchambaq.com\/en\/wp-json\/wp\/v2\/posts"}],"about":[{"href":"https:\/\/www.amchambaq.com\/en\/wp-json\/wp\/v2\/types\/post"}],"author":[{"embeddable":true,"href":"https:\/\/www.amchambaq.com\/en\/wp-json\/wp\/v2\/users\/1"}],"replies":[{"embeddable":true,"href":"https:\/\/www.amchambaq.com\/en\/wp-json\/wp\/v2\/comments?post=8039"}],"version-history":[{"count":1,"href":"https:\/\/www.amchambaq.com\/en\/wp-json\/wp\/v2\/posts\/8039\/revisions"}],"predecessor-version":[{"id":8040,"href":"https:\/\/www.amchambaq.com\/en\/wp-json\/wp\/v2\/posts\/8039\/revisions\/8040"}],"wp:featuredmedia":[{"embeddable":true,"href":"https:\/\/www.amchambaq.com\/en\/wp-json\/wp\/v2\/media\/8001"}],"wp:attachment":[{"href":"https:\/\/www.amchambaq.com\/en\/wp-json\/wp\/v2\/media?parent=8039"}],"wp:term":[{"taxonomy":"category","embeddable":true,"href":"https:\/\/www.amchambaq.com\/en\/wp-json\/wp\/v2\/categories?post=8039"},{"taxonomy":"post_tag","embeddable":true,"href":"https:\/\/www.amchambaq.com\/en\/wp-json\/wp\/v2\/tags?post=8039"}],"curies":[{"name":"wp","href":"https:\/\/api.w.org\/{rel}","templated":true}]}}