{"id":8026,"date":"2021-10-15T15:04:28","date_gmt":"2021-10-15T20:04:28","guid":{"rendered":"https:\/\/www.amchambaq.com\/?p=8026"},"modified":"2021-10-15T15:04:28","modified_gmt":"2021-10-15T20:04:28","slug":"fenalco-estima-que-en-los-tres-dias-sin-iva-se-vendan-18-billones","status":"publish","type":"post","link":"https:\/\/www.amchambaq.com\/en\/fenalco-estima-que-en-los-tres-dias-sin-iva-se-vendan-18-billones\/","title":{"rendered":"Fenalco estima que en los tres d\u00edas sin IVA se vendan $18 billones"},"content":{"rendered":"<p>El presidente de la Federaci\u00f3n Nacional de Comerciantes (Fenalco),<strong>\u00a0Jaime Alberto Cabal,<\/strong>\u00a0estima que las tres jornadas sin IVA del 2021 produzcan ventas cercanas a los $18 billones.<\/p>\n<p>La primera de estas jornadas se desarrollar\u00e1 el pr\u00f3ximo 28 de octubre.<\/p>\n<p>La ministra de Comercio, Industria y Turismo,\u00a0<strong>Mar\u00eda Ximena Lombana,<\/strong>\u00a0reiter\u00f3 que los d\u00edas sin IVA busca incentivar el consumo y la reactivaci\u00f3n econ\u00f3mica.<\/p>\n<p>\u201cLos buenos resultados obtenidos en los d\u00edas sin IVA del 2020 nos han demostrado que fueron d\u00edas efectivos para incentivar el consumo, generar ahorro en el bolsillo de los colombianos y ayudar a los comerciantes a que liquiden sus inventarios\u201d, se\u00f1al\u00f3.<\/p>\n<p>De acuerdo con Lombana, esta medida ayudar\u00e1 a incentivar el\u00a0<strong>desarrollo econ\u00f3mico<\/strong>\u00a0del pa\u00eds y contribuir\u00e1 con la meta de crecimiento establecida por el Gobierno del 7% para diciembre de 2021.<\/p>\n<p>Los productos que se podr\u00e1n adquirir estos d\u00edas son vestuario, electrodom\u00e9sticos, computadores y equipos de comunicaciones, elementos deportivos, juguetes, \u00fatiles escolares y bienes e insumos para el agro.<\/p>\n<p>En esta oportunidad, los usuarios podr\u00e1n adquirir los<strong>\u00a0productos<\/strong>\u00a0de manera presencial o por internet. En caso de que asista f\u00edsicamente al establecimiento, este contar\u00e1 con las medidas de bioseguridad y cumplir\u00e1 con control de aforo, seg\u00fan destac\u00f3 el presidente de Fenalco.<\/p>\n<p>\u201cQuiero destacar dos cosas. El gran esp\u00edritu de concertaci\u00f3n que hemos tenido con el\u00a0<strong>Gobierno\u00a0<\/strong>nacional desde la fijaci\u00f3n de las fechas (\u2026) las jornadas fueron determinadas para poder hacer ajustes tecnol\u00f3gicos en el comercio\u201d.<\/p>\n<p>Cabe aclarar que este a\u00f1o se exige la facturaci\u00f3n electr\u00f3nica en las cajas registradoras de grandes superficies y almacenes de cadena.<\/p>\n<p>En comparaci\u00f3n a los\u00a0<strong>d\u00edas sin IVA<\/strong>\u00a0del a\u00f1o pasado cuando solo se aplicaba el descuento a compras con tarjeta y transacciones electr\u00f3nicas, este 2021 se extendi\u00f3 para quienes paguen con dinero en efectivo.<\/p>\n<p>\u201cEsto se hizo para darle una mayor accesibilidad a todos los sectores de la poblaci\u00f3n (\u2026) en el comercio hay una gran expectativa despu\u00e9s de confirmar que septiembre se configura como un mes bueno en comparaci\u00f3n al a\u00f1o pasado y cierra un trimestre al alza\u201d.<\/p>\n<p>Cabal considera que octubre, noviembre y diciembre, con los d\u00edas sin IVA, el<strong>\u00a0BlackFriday<\/strong>\u00a0y el CyberLunes, marcar\u00e1 una recuperaci\u00f3n con respecto al primer semestre del 2021 cuando hab\u00eda m\u00e1s restricciones y el pa\u00eds vivi\u00f3 jornadas de paro.<\/p>\n<p><strong>Autorregulaci\u00f3n<\/strong><\/p>\n<p>El presidente de Fenalco manifest\u00f3 el compromiso de los comerciantes para autorregularse con los\u00a0<strong>precios.<\/strong><\/p>\n<p>&#8220;Obviamente en un universo de m\u00e1s de un mill\u00f3n de empresas comerciales habr\u00e1 algunos que lo har\u00e1n, pero esto no es com\u00fan&#8221;.<\/p>\n<p>De acuerdo con\u00a0<strong>Cabal,<\/strong>\u00a0hay promociones en los establecimientos comerciales que tienen una vigencia.<\/p>\n<p>&#8220;Si yo saco una promoci\u00f3n de un televisor y dura, por ejemplo ocho d\u00edas, seguramente el d\u00eda sin IVA ya se extingui\u00f3&#8221;.<\/p>\n<p>Aclar\u00f3 que muchas personas a veces reclaman porque consideran que los almacenes no les otorgan el 19%, pero explica que esto se debe a que multiplican el valor del producto por 0.19 y lo que deben hacer es\u00a0 dividirlo entre 1.19 y este ser\u00e1 el precio del bien con la\u00a0<strong>exenci\u00f3n del IVA.<\/strong><\/p>\n<p>Tomado de: EL HERALDO<\/p>","protected":false},"excerpt":{"rendered":"<p>El presidente de la Federaci\u00f3n Nacional de Comerciantes (Fenalco),\u00a0Jaime Alberto Cabal,\u00a0estima que las tres jornadas sin IVA del 2021 produzcan ventas cercanas a los $18 billones. La primera de estas jornadas se desarrollar\u00e1 el pr\u00f3ximo 28 de octubre. La ministra de Comercio, Industria y Turismo,\u00a0Mar\u00eda Ximena Lombana,\u00a0reiter\u00f3 que los d\u00edas sin IVA busca incentivar el<\/p>","protected":false},"author":1,"featured_media":8027,"comment_status":"closed","ping_status":"closed","sticky":false,"template":"","format":"standard","meta":{"footnotes":""},"categories":[181],"tags":[],"class_list":["post-8026","post","type-post","status-publish","format-standard","has-post-thumbnail","hentry","category-noticias"],"views":140,"_links":{"self":[{"href":"https:\/\/www.amchambaq.com\/en\/wp-json\/wp\/v2\/posts\/8026","targetHints":{"allow":["GET"]}}],"collection":[{"href":"https:\/\/www.amchambaq.com\/en\/wp-json\/wp\/v2\/posts"}],"about":[{"href":"https:\/\/www.amchambaq.com\/en\/wp-json\/wp\/v2\/types\/post"}],"author":[{"embeddable":true,"href":"https:\/\/www.amchambaq.com\/en\/wp-json\/wp\/v2\/users\/1"}],"replies":[{"embeddable":true,"href":"https:\/\/www.amchambaq.com\/en\/wp-json\/wp\/v2\/comments?post=8026"}],"version-history":[{"count":1,"href":"https:\/\/www.amchambaq.com\/en\/wp-json\/wp\/v2\/posts\/8026\/revisions"}],"predecessor-version":[{"id":8028,"href":"https:\/\/www.amchambaq.com\/en\/wp-json\/wp\/v2\/posts\/8026\/revisions\/8028"}],"wp:featuredmedia":[{"embeddable":true,"href":"https:\/\/www.amchambaq.com\/en\/wp-json\/wp\/v2\/media\/8027"}],"wp:attachment":[{"href":"https:\/\/www.amchambaq.com\/en\/wp-json\/wp\/v2\/media?parent=8026"}],"wp:term":[{"taxonomy":"category","embeddable":true,"href":"https:\/\/www.amchambaq.com\/en\/wp-json\/wp\/v2\/categories?post=8026"},{"taxonomy":"post_tag","embeddable":true,"href":"https:\/\/www.amchambaq.com\/en\/wp-json\/wp\/v2\/tags?post=8026"}],"curies":[{"name":"wp","href":"https:\/\/api.w.org\/{rel}","templated":true}]}}